{"id":125130,"date":"2025-11-30T03:49:21","date_gmt":"2025-11-30T03:49:21","guid":{"rendered":"https:\/\/www.europesays.com\/pl\/125130\/"},"modified":"2025-11-30T03:49:21","modified_gmt":"2025-11-30T03:49:21","slug":"mieszkancy-wolomina-zdecydowali-od-lutego-obowiazuje-nocna-prohibicja","status":"publish","type":"post","link":"https:\/\/www.europesays.com\/pl\/125130\/","title":{"rendered":"Mieszka\u0144cy Wo\u0142omina zdecydowali. Od lutego obowi\u0105zuje nocna prohibicja"},"content":{"rendered":"<p data-section=\"detail-body\">&#8222;W wielu miastach podobne regulacje prze\u0142o\u017cy\u0142y si\u0119 na mniej interwencji policji, mniej zak\u0142\u00f3ce\u0144 ciszy nocnej i mniej sytuacji wp\u0142ywaj\u0105cych na poczucie bezpiecze\u0144stwa mieszka\u0144c\u00f3w&#8221; \u2014 czytamy w uzasadnieniu decyzji Rady Miejskiej.<\/p>\n<p class=\"article_p\" data-section=\"detail-body\">Samorz\u0105d przekonuje, \u017ce decyzja ma poprawi\u0107 bezpiecze\u0144stwo i zapewni\u0107 wi\u0119kszy spok\u00f3j w godzinach nocnych. Jak podkre\u015bla urz\u0105d, w wielu miastach takie regulacje przynios\u0142y widoczne efekty. Podobne zakazy obowi\u0105zuj\u0105 ju\u017c m.in. w Legionowie, Wieliszewie i Sulej\u00f3wku.<\/p>\n<p class=\"article_p\" data-section=\"detail-body\">Zobacz tak\u017ce: <a href=\"https:\/\/kobieta.onet.pl\/wiadomosci\/prohibicja-w-warszawie-to-ratunek-jako-zetka-jestem-tego-pewna-komentarz\/njqcz13\" id=\"738920e4-6825-483a-8154-1962c3af416c\" rel=\"nofollow noopener\" target=\"_blank\">Ma 23-lata i domaga si\u0119 prohibicji w ca\u0142ej Polsce. &#8222;Z prawd\u0105 trudno walczy\u0107&#8221;<\/a><\/p>\n<p>        Wo\u0142omin wprowadzi prohibicj\u0119. Nowe zasady od lutego 2026 r.<\/p>\n<p class=\"article_p\" data-section=\"detail-body\">Zmian\u0119 poprzedzi\u0142y konsultacje spo\u0142eczne, w kt\u00f3rych udzia\u0142 wzi\u0119\u0142o 482 mieszka\u0144c\u00f3w z miasta i so\u0142ectw. Ponad 61 proc. uczestnik\u00f3w opowiedzia\u0142o si\u0119 za ograniczeniem sprzeda\u017cy alkoholu w nocy, a wi\u0119kszo\u015b\u0107 wskaza\u0142a przedzia\u0142 22:00\u20136:00. Uchwa\u0142\u0119 popar\u0142y tak\u017ce Rada Senior\u00f3w, M\u0142odzie\u017cowa Rada Miasta, O\u015brodek Pomocy Spo\u0142ecznej, O\u015brodek Profilaktyki i Terapii Uzale\u017cnie\u0144 oraz s\u0142u\u017cby bezpiecze\u0144stwa. Wed\u0142ug urz\u0119du wp\u0142yw nowych zasad odczuj\u0105 przede wszystkim osoby mieszkaj\u0105ce w pobli\u017cu sklep\u00f3w oraz wracaj\u0105ce noc\u0105 z pracy.<\/p>\n<p>            Czytaj tak\u017ce w BUSINESS INSIDER<\/p>\n<p class=\"article_p\" data-section=\"detail-body\">Zobacz tak\u017ce: <a href=\"https:\/\/businessinsider.com.pl\/wiadomosci\/warszawa-wprowadza-nocna-prohibicje-zakaz-sprzedazy-alkoholu-od-1-listopada\/77etbzg\" id=\"dd45671a-6d5e-4a61-b2ca-8cb0d40d7b71\" rel=\"nofollow noopener\" target=\"_blank\">Warszawa wprowadza nocn\u0105 prohibicj\u0119. Co to oznacza dla mieszka\u0144c\u00f3w?<\/a><\/p>\n<p class=\"article_p\" data-section=\"detail-body\">Wo\u0142omin do\u0142\u0105czy tym samym do rosn\u0105cej grupy samorz\u0105d\u00f3w ograniczaj\u0105cych nocn\u0105 dost\u0119pno\u015b\u0107 alkoholu. W Polsce podobne przepisy wprowadzi\u0142o ju\u017c ok. 180 gmin, w tym m.in.: Szczecin, Gda\u0144sk, Wroc\u0142aw i \u0141\u00f3d\u017a. W stolicy zakaz obowi\u0105zuje na razie w dw\u00f3ch dzielnicach, tj. \u015ar\u00f3dmie\u015bciu i Pradze-P\u00f3\u0142noc.<\/p>\n<p class=\"article_p\" data-section=\"detail-body\">Zobacz tak\u017ce: <a href=\"https:\/\/businessinsider.com.pl\/wiadomosci\/wlodzimierz-czarzasty-nowym-marszalkiem-gabinet-i-pierwsze-decyzje\/hq3zxv7\" id=\"fd00faa5-4d33-4f8d-8f85-d2893f80a959\" rel=\"nofollow noopener\" target=\"_blank\">Nowy marsza\u0142ek Sejmu zdecydowa\u0142 w sprawie alkoholu w Sejmie i kilometr\u00f3wek<\/a><\/p>\n<p class=\"article_p\" data-section=\"detail-body\">Marsza\u0142ek Sejmu W\u0142odzimierz Czarzasty podpisa\u0142 w\u0142a\u015bnie zarz\u0105dzenie wprowadzaj\u0105ce zakaz sprzeda\u017cy alkoholu w budynkach zarz\u0105dzanych przez Kancelari\u0119 Sejmu, kt\u00f3re obowi\u0105zuje od 24 listopada. R\u00f3wnocze\u015bnie nada\u0142 numery druk\u00f3w dw\u00f3m projektom ustaw dotycz\u0105cym ograniczenia dost\u0119pno\u015bci alkoholu. Ten Lewicy przewiduje ca\u0142kowity zakaz sprzeda\u017cy alkoholu na stacjach paliw, w plac\u00f3wkach medycznych i na terenie ca\u0142ego kraju w godzinach nocnych. Projekt Polski 2050 zak\u0142ada natomiast zakaz nocnej sprzeda\u017cy na stacjach po dwuletnim okresie przej\u015bciowym. Nad w\u0142asnymi regulacjami pracuje te\u017c Ministerstwo Zdrowia. Mia\u0142yby obj\u0105\u0107 stacje benzynowe oraz uzdrowiska.<\/p>\n","protected":false},"excerpt":{"rendered":"&#8222;W wielu miastach podobne regulacje prze\u0142o\u017cy\u0142y si\u0119 na mniej interwencji policji, mniej zak\u0142\u00f3ce\u0144 ciszy nocnej i mniej sytuacji&hellip;\n","protected":false},"author":2,"featured_media":125131,"comment_status":"","ping_status":"","sticky":false,"template":"","format":"standard","meta":{"footnotes":""},"categories":[12],"tags":[32,33,36,37,27,34,35,28,31,25,42,38,40,39,41,29,30,26],"class_list":{"0":"post-125130","1":"post","2":"type-post","3":"status-publish","4":"format-standard","5":"has-post-thumbnail","7":"category-polska","8":"tag-breaking-news","9":"tag-breakingnews","10":"tag-featured-news","11":"tag-featurednews","12":"tag-headlines","13":"tag-latest-news","14":"tag-latestnews","15":"tag-naglowki","16":"tag-najwazniejsze-artykuly","17":"tag-news","18":"tag-pl","19":"tag-poland","20":"tag-polish","21":"tag-polska","22":"tag-polski","23":"tag-top-stories","24":"tag-topstories","25":"tag-wiadomosci"},"share_on_mastodon":{"url":"https:\/\/pubeurope.com\/@pl\/115636611524866936","error":""},"_links":{"self":[{"href":"https:\/\/www.europesays.com\/pl\/wp-json\/wp\/v2\/posts\/125130","targetHints":{"allow":["GET"]}}],"collection":[{"href":"https:\/\/www.europesays.com\/pl\/wp-json\/wp\/v2\/posts"}],"about":[{"href":"https:\/\/www.europesays.com\/pl\/wp-json\/wp\/v2\/types\/post"}],"author":[{"embeddable":true,"href":"https:\/\/www.europesays.com\/pl\/wp-json\/wp\/v2\/users\/2"}],"replies":[{"embeddable":true,"href":"https:\/\/www.europesays.com\/pl\/wp-json\/wp\/v2\/comments?post=125130"}],"version-history":[{"count":0,"href":"https:\/\/www.europesays.com\/pl\/wp-json\/wp\/v2\/posts\/125130\/revisions"}],"wp:featuredmedia":[{"embeddable":true,"href":"https:\/\/www.europesays.com\/pl\/wp-json\/wp\/v2\/media\/125131"}],"wp:attachment":[{"href":"https:\/\/www.europesays.com\/pl\/wp-json\/wp\/v2\/media?parent=125130"}],"wp:term":[{"taxonomy":"category","embeddable":true,"href":"https:\/\/www.europesays.com\/pl\/wp-json\/wp\/v2\/categories?post=125130"},{"taxonomy":"post_tag","embeddable":true,"href":"https:\/\/www.europesays.com\/pl\/wp-json\/wp\/v2\/tags?post=125130"}],"curies":[{"name":"wp","href":"https:\/\/api.w.org\/{rel}","templated":true}]}}