{"id":125132,"date":"2025-11-30T03:56:12","date_gmt":"2025-11-30T03:56:12","guid":{"rendered":"https:\/\/www.europesays.com\/pl\/125132\/"},"modified":"2025-11-30T03:56:12","modified_gmt":"2025-11-30T03:56:12","slug":"abp-jedraszewski-podziekowania-i-refleksje-na-zakonczenie-poslugi-w-krakowie","status":"publish","type":"post","link":"https:\/\/www.europesays.com\/pl\/125132\/","title":{"rendered":"Abp J\u0119draszewski. Podzi\u0119kowania i refleksje na zako\u0144czenie pos\u0142ugi w Krakowie"},"content":{"rendered":"<p class=\"Paragraph_desktopParagraph__U31Gm\">Hierarcha przypomnia\u0142, \u017ce Adwent jest czasem wsp\u00f3lnego czuwania z Maryj\u0105, \u015bw. J\u00f3zefem i \u015bw. Janem Chrzcicielem, prowadz\u0105cego zar\u00f3wno do \u015bwi\u0105t Narodzenia Pa\u0144skiego, jak i do oczekiwania na ostateczne przyj\u015bcie Chrystusa. Zach\u0119ci\u0142 do &#8222;rozpami\u0119tywania wielkich rzeczy Bo\u017cych&#8221;, kt\u00f3re przygotowa\u0142y Izrael na przyj\u0119cie Mesjasza, co jak podkre\u015bli\u0142, pomaga wierz\u0105cym g\u0142\u0119biej odczyta\u0107 &#8222;chwil\u0119 obecn\u0105&#8221;.<\/p>\n<p class=\"Paragraph_desktopParagraph__U31Gm\">Nawi\u0105zuj\u0105c do proroczych wizji Izajasza i Daniela, abp J\u0119draszewski podkre\u015bli\u0142 ich zwi\u0105zek z zapowiedzi\u0105 uniwersalnej misji Mesjasza. Przywo\u0142a\u0142 tak\u017ce komentarze kard. Josepha Ratzingera, kt\u00f3ry wskazywa\u0142, \u017ce tytu\u0142 &#8222;Syna Cz\u0142owieczego&#8221; zawiera w sobie ide\u0119 zgromadzenia nowego ludu Bo\u017cego. Jak przypomnia\u0142, Ko\u015bci\u00f3\u0142 zosta\u0142 ukszta\u0142towany przez powo\u0142anie Aposto\u0142\u00f3w oraz przez Ostatni\u0105 Wieczerz\u0119, kt\u00f3ra sta\u0142a si\u0119 &#8222;fundamentem nowej wsp\u00f3lnoty&#8221;.<\/p>\n<ul class=\"OchatFollowUps_wrapper__1ry7X\">\n<li class=\"OchatFollowUps_item__Dhyly OchatFollowUps_itemDesktop__R6aBv\">Kto jest nowym arcybiskupem krakowskim?<\/li>\n<li class=\"OchatFollowUps_item__Dhyly OchatFollowUps_itemDesktop__R6aBv\">Kiedy nowy arcybiskup obejmie urz\u0105d?<\/li>\n<li class=\"OchatFollowUps_item__Dhyly OchatFollowUps_itemDesktop__R6aBv\">Jakie by\u0142y ostatnie refleksje abp J\u0119draszewskiego?<\/li>\n<li class=\"OchatFollowUps_item__Dhyly OchatFollowUps_itemDesktop__R6aBv\">Co abp J\u0119draszewski prosi wiernych w swoim li\u015bcie?<\/li>\n<\/ul>\n<p class=\"Paragraph_desktopParagraph__U31Gm\">W li\u015bcie hierarcha odni\u00f3s\u0142 si\u0119 r\u00f3wnie\u017c do bulli Spes non confundit, w kt\u00f3rej \u015bw. Jan Pawe\u0142 II og\u0142osi\u0142 Rok Jubileuszowy 2025. Podkre\u015bli\u0142, \u017ce obraz nadziei jako &#8222;kotwicy duszy&#8221; jest szczeg\u00f3lnie wa\u017cny w niespokojnych czasach. Zach\u0119ci\u0142 wiernych do odnowienia \u017cycia duchowego, szczeg\u00f3lnie poprzez sakrament pokuty i pojednania oraz udzia\u0142 w Eucharystii. &#8222;Odrzu\u0107my wi\u0119c uczynki ciemno\u015bci, a przyobleczmy si\u0119 w zbroj\u0119 \u015bwiat\u0142a&#8221; \u2014 cytowa\u0142 \u015bw. Paw\u0142a.<\/p>\n<p>Zmiany w archidiecezji krakowskiej <\/p>\n<p class=\"Paragraph_desktopParagraph__U31Gm\">W dalszej cz\u0119\u015bci listu abp J\u0119draszewski przypomnia\u0142, \u017ce 26 listopada papie\u017c Leon XIV mianowa\u0142 nowym arcybiskupem krakowskim kard. Grzegorza Rysia, kt\u00f3ry obejmie urz\u0105d 20 grudnia podczas ingresu na Wawelu. Duchowny nawi\u0105za\u0142 tak\u017ce do ko\u0144cz\u0105cej si\u0119 niemal dziewi\u0119cioletniej pos\u0142ugi w archidiecezji krakowskiej. &#8222;Pragn\u0119 serdecznie podzi\u0119kowa\u0107 wszystkim \u2014 ksi\u0119\u017com biskupom, braciom kap\u0142anom, siostrom zakonnym, osobom \u017cycia konsekrowanego, wiernym \u015bwieckim. (\u2026) Prosz\u0119 o wybaczenie, je\u017celi kogo\u015b zawiod\u0142em lub sprawi\u0142em przykro\u015b\u0107&#8221; \u2014 napisa\u0142, podkre\u015blaj\u0105c, \u017ce w podejmowanych decyzjach stara\u0142 si\u0119 kierowa\u0107 dobrem Ko\u015bcio\u0142a i powierzonych mu wiernych.<\/p>\n<p class=\"Paragraph_desktopParagraph__U31Gm\">Na zako\u0144czenie poprosi\u0142 o modlitw\u0119 za nowego pasterza archidiecezji, aby \u2014 jak podkre\u015bli\u0142 \u2014 &#8222;godnie podejmowa\u0142 dziedzictwo \u015bw. Stanis\u0142awa, b\u0142. Wincentego Kad\u0142ubka i \u015bw. Karola Wojty\u0142y&#8221;.<\/p>\n<p class=\"Paragraph_desktopParagraph__U31Gm\">Pe\u0142na tre\u015b\u0107 listu dost\u0119pna jest na stronie diecezji krakowskiej.<\/p>\n","protected":false},"excerpt":{"rendered":"Hierarcha przypomnia\u0142, \u017ce Adwent jest czasem wsp\u00f3lnego czuwania z Maryj\u0105, \u015bw. J\u00f3zefem i \u015bw. Janem Chrzcicielem, prowadz\u0105cego zar\u00f3wno&hellip;\n","protected":false},"author":2,"featured_media":125133,"comment_status":"","ping_status":"","sticky":false,"template":"","format":"standard","meta":{"footnotes":""},"categories":[12],"tags":[32,33,36,37,27,11458,34,35,1816,28,31,53,25,52,68,51,55,42,38,40,39,41,47,29,30,50,26],"class_list":{"0":"post-125132","1":"post","2":"type-post","3":"status-publish","4":"format-standard","5":"has-post-thumbnail","7":"category-polska","8":"tag-breaking-news","9":"tag-breakingnews","10":"tag-featured-news","11":"tag-featurednews","12":"tag-headlines","13":"tag-kai","14":"tag-latest-news","15":"tag-latestnews","16":"tag-mm","17":"tag-naglowki","18":"tag-najwazniejsze-artykuly","19":"tag-new_header","20":"tag-news","21":"tag-onet3","22":"tag-onet3d","23":"tag-onet3d_2i","24":"tag-phx","25":"tag-pl","26":"tag-poland","27":"tag-polish","28":"tag-polska","29":"tag-polski","30":"tag-screening_general","31":"tag-top-stories","32":"tag-topstories","33":"tag-v2021","34":"tag-wiadomosci"},"share_on_mastodon":{"url":"https:\/\/pubeurope.com\/@pl\/115636639023864316","error":""},"_links":{"self":[{"href":"https:\/\/www.europesays.com\/pl\/wp-json\/wp\/v2\/posts\/125132","targetHints":{"allow":["GET"]}}],"collection":[{"href":"https:\/\/www.europesays.com\/pl\/wp-json\/wp\/v2\/posts"}],"about":[{"href":"https:\/\/www.europesays.com\/pl\/wp-json\/wp\/v2\/types\/post"}],"author":[{"embeddable":true,"href":"https:\/\/www.europesays.com\/pl\/wp-json\/wp\/v2\/users\/2"}],"replies":[{"embeddable":true,"href":"https:\/\/www.europesays.com\/pl\/wp-json\/wp\/v2\/comments?post=125132"}],"version-history":[{"count":0,"href":"https:\/\/www.europesays.com\/pl\/wp-json\/wp\/v2\/posts\/125132\/revisions"}],"wp:featuredmedia":[{"embeddable":true,"href":"https:\/\/www.europesays.com\/pl\/wp-json\/wp\/v2\/media\/125133"}],"wp:attachment":[{"href":"https:\/\/www.europesays.com\/pl\/wp-json\/wp\/v2\/media?parent=125132"}],"wp:term":[{"taxonomy":"category","embeddable":true,"href":"https:\/\/www.europesays.com\/pl\/wp-json\/wp\/v2\/categories?post=125132"},{"taxonomy":"post_tag","embeddable":true,"href":"https:\/\/www.europesays.com\/pl\/wp-json\/wp\/v2\/tags?post=125132"}],"curies":[{"name":"wp","href":"https:\/\/api.w.org\/{rel}","templated":true}]}}