{"id":125140,"date":"2025-11-30T04:13:08","date_gmt":"2025-11-30T04:13:08","guid":{"rendered":"https:\/\/www.europesays.com\/pl\/125140\/"},"modified":"2025-11-30T04:13:08","modified_gmt":"2025-11-30T04:13:08","slug":"joanna-jablczynska-trafila-do-szpitala-wazny-apel","status":"publish","type":"post","link":"https:\/\/www.europesays.com\/pl\/125140\/","title":{"rendered":"Joanna Jab\u0142czy\u0144ska trafi\u0142a do szpitala. Wa\u017cny apel"},"content":{"rendered":"\n<p>&#13;<br \/>\nO swoim pobycie w\u00a0szpitalu Joanna Jab\u0142czy\u0144ska poinformowa\u0142a za\u00a0po\u015brednictwem medi\u00f3w spo\u0142eczno\u015bciowych. Aktorka nie\u00a0ukrywa\u0142a, \u017ce\u00a0mia\u0142a opory przed dzieleniem si\u0119 tak intymnymi szczeg\u00f3\u0142ami ze\u00a0swojego \u017cycia prywatnego. &#13;\n<\/p>\n<p>Joanna Jab\u0142czy\u0144ska opublikowa\u0142a zdj\u0119cie ze\u00a0szpitala<\/p>\n<p>&#13;<br \/>\n&#8222;Nie lubi\u0119 publikacji ze\u00a0szpitalnych \u0142\u00f3\u017cek. Wiem zatem jak to\u00a0wygl\u0105da i\u00a0co cz\u0119\u015b\u0107 z\u00a0Was czuje ogl\u0105daj\u0105c te\u00a0zdj\u0119cia. Tu jednak plusy przewa\u017cy\u0142y nad minusami i\u00a0nie wstawi\u0119 zdj\u0119cia z\u00a0innego miejsca, aby\u00a0podzi\u0119kowa\u0107 Szpitalowi \u015awi\u0119tej Rodziny i\u00a0Pani Alinie Kardasz-Cywoniuk, kt\u00f3ra niesamowitym lekarzem jest&#8221; \u2013\u00a0zacz\u0119\u0142a sw\u00f3j wpis Jab\u0142czy\u0144ska. &#13;\n<\/p>\n<p>&#13;<br \/>\nAktorka podkre\u015bli\u0142a \u017ce\u00a0ka\u017cda osoba, kt\u00f3r\u0105 mia\u0142am przyjemno\u015b\u0107 pozna\u0107 w\u00a0tej plac\u00f3wce zas\u0142uguje na\u00a0medal w\u00a0zakresie profesjonalizmu, empatii i\u00a0zaanga\u017cowania. &#8222;Podzi\u0119kowa\u0142am ka\u017cdemu z\u00a0osobna osobi\u015bcie, ale\u00a0chcia\u0142am r\u00f3wnie\u017c tu, aby\u00a0nie\u015b\u0107 t\u0119\u00a0wie\u015b\u0107 dalej w\u00a0\u015bwiat&#8221; \u2013\u00a0doda\u0142a. Cho\u0107 gwiazda &#8222;Na\u00a0Wsp\u00f3lnej&#8221; mimo wszystko poleca omija\u0107 szpitale, to\u00a0w\u00a0przypadku konieczno\u015bci trafienia do\u00a0takiego miejsca i\u00a0mo\u017cliwo\u015bci wyboru poleca wspomnian\u0105 lekark\u0119 i\u00a0szpital. &#13;\n<\/p>\n<p>&#13;<br \/>\ninstagram&#13;\n<\/p>\n<p>&#8222;Nigdy nie\u00a0wiemy przez co\u00a0druga osoba przechodzi&#8221;<\/p>\n<p>&#13;<br \/>\nKo\u0144cz\u0105c Joanna Jab\u0142czy\u0144ska przyzna\u0142a, \u017ce\u00a0bardzo rzadko wstawiam na\u00a0swoim profilu zdj\u0119cia tak prywatne. &#8222;Przy tej okazji chcia\u0142abym Wam przypomnie\u0107, \u017ce\u00a0osoby publiczne tak samo jak wszyscy maj\u0105 problemy zdrowotne, rodzinne czy\u00a0psychiczne. Nie\u00a0zawsze (na szcz\u0119\u015bcie) o\u00a0tym piszemy. B\u0105d\u017amy po\u00a0prostu dla\u00a0siebie \u017cyczliwi, bo\u00a0nigdy nie\u00a0wiemy przez co\u00a0druga osoba (publiczna czy\u00a0te\u017c nie) przechodzi&#8221; \u2013\u00a0napisa\u0142a i\u00a0zaapelowa\u0142a: &#8222;Dbajcie o\u00a0zdrowie. Serio, nie\u00a0ma\u00a0nic cenniejszego&#8221;. &#13;\n<\/p>\n<p>&#13;<br \/>\nW swoim obszernym wpisie aktorka nie\u00a0zdradzi\u0142a powod\u00f3w swojej hospitalizacji. Na\u00a0ciep\u0142\u0105 reakcj\u0119 swoich fan\u00f3w nie\u00a0musia\u0142a d\u0142ugo czeka\u0107. Pod wpisem pojawi\u0142o si\u0119 mn\u00f3stwo komentarzy z\u00a0\u017cyczeniami szybkiego powrotu do\u00a0zdrowia. &#13;\n<\/p>\n<p>&#13;<br \/>\nCzytaj te\u017c:<br \/><a href=\"https:\/\/rozrywka.dorzeczy.pl\/show-biznes\/812424\/ewa-kasprzyk-znow-zaskakuje-po-tych-slowach-wybuchnie-afera.html\" rel=\"follow nofollow noopener\" data-schema=\"DORZECZY\" data-image=\"https:\/\/img.dorzeczy.pl\/_thumb\/b4\/86\/3c4909331bfd799e995dbda9d055.jpeg\" target=\"_blank\">Gwiazda show Polsatu znowu zaskakuje. &#8222;To\u00a0nie jest o\u00a0ta\u0144cu&#8221;<\/a>Czytaj te\u017c:<br \/><a href=\"https:\/\/dorzeczy.pl\/kraj\/812790\/poruszajace-slowa-syna-agnieszki-maciag-nie-wierzylem-w-to.html\" rel=\"follow nofollow noopener\" data-schema=\"DORZECZY\" data-image=\"https:\/\/img.dorzeczy.pl\/_thumb\/4b\/e4\/f3d46288xx5dc3da00eac77a5800.jpeg\" target=\"_blank\">Poruszaj\u0105ce s\u0142owa syna Agnieszki Maci\u0105g: Nie\u00a0wierzy\u0142em w\u00a0to<\/a>Czytaj te\u017c:<br \/><a href=\"https:\/\/dorzeczy.pl\/kraj\/812829\/burza-wokol-zbiorki-na-corke-pono-zebranie-o-pol-miliona.html\" rel=\"follow nofollow noopener\" data-schema=\"DORZECZY\" data-image=\"https:\/\/img.dorzeczy.pl\/_thumb\/0d\/7e\/f68af8fa5e5313858cdc81653303.jpeg\" target=\"_blank\">Burza po\u00a0\u015bmierci legendarnego rapera. &#8222;\u017bebranie o\u00a0p\u00f3\u0142 miliona&#8221;<\/a>&#13;<\/p>\n","protected":false},"excerpt":{"rendered":"&#13; O swoim pobycie w\u00a0szpitalu Joanna Jab\u0142czy\u0144ska poinformowa\u0142a za\u00a0po\u015brednictwem medi\u00f3w spo\u0142eczno\u015bciowych. Aktorka nie\u00a0ukrywa\u0142a, \u017ce\u00a0mia\u0142a opory przed dzieleniem si\u0119&hellip;\n","protected":false},"author":2,"featured_media":125141,"comment_status":"","ping_status":"","sticky":false,"template":"","format":"standard","meta":{"footnotes":""},"categories":[22],"tags":[7612,532,98,122,291,26595,42,38,40,39,41,123,290],"class_list":{"0":"post-125140","1":"post","2":"type-post","3":"status-publish","4":"format-standard","5":"has-post-thumbnail","7":"category-rozrywka","8":"tag-aktorka","9":"tag-choroba","10":"tag-dorzeczy","11":"tag-entertainment","12":"tag-historia","13":"tag-joanna-jablczynska","14":"tag-pl","15":"tag-poland","16":"tag-polish","17":"tag-polska","18":"tag-polski","19":"tag-rozrywka","20":"tag-rozrywka-do-rzeczy"},"share_on_mastodon":{"url":"https:\/\/pubeurope.com\/@pl\/115636705904951145","error":""},"_links":{"self":[{"href":"https:\/\/www.europesays.com\/pl\/wp-json\/wp\/v2\/posts\/125140","targetHints":{"allow":["GET"]}}],"collection":[{"href":"https:\/\/www.europesays.com\/pl\/wp-json\/wp\/v2\/posts"}],"about":[{"href":"https:\/\/www.europesays.com\/pl\/wp-json\/wp\/v2\/types\/post"}],"author":[{"embeddable":true,"href":"https:\/\/www.europesays.com\/pl\/wp-json\/wp\/v2\/users\/2"}],"replies":[{"embeddable":true,"href":"https:\/\/www.europesays.com\/pl\/wp-json\/wp\/v2\/comments?post=125140"}],"version-history":[{"count":0,"href":"https:\/\/www.europesays.com\/pl\/wp-json\/wp\/v2\/posts\/125140\/revisions"}],"wp:featuredmedia":[{"embeddable":true,"href":"https:\/\/www.europesays.com\/pl\/wp-json\/wp\/v2\/media\/125141"}],"wp:attachment":[{"href":"https:\/\/www.europesays.com\/pl\/wp-json\/wp\/v2\/media?parent=125140"}],"wp:term":[{"taxonomy":"category","embeddable":true,"href":"https:\/\/www.europesays.com\/pl\/wp-json\/wp\/v2\/categories?post=125140"},{"taxonomy":"post_tag","embeddable":true,"href":"https:\/\/www.europesays.com\/pl\/wp-json\/wp\/v2\/tags?post=125140"}],"curies":[{"name":"wp","href":"https:\/\/api.w.org\/{rel}","templated":true}]}}