{"id":125150,"date":"2025-11-30T04:33:13","date_gmt":"2025-11-30T04:33:13","guid":{"rendered":"https:\/\/www.europesays.com\/pl\/125150\/"},"modified":"2025-11-30T04:33:13","modified_gmt":"2025-11-30T04:33:13","slug":"sceny-w-meczu-barcelony-szok-kto-dostal-czerwona-kartke","status":"publish","type":"post","link":"https:\/\/www.europesays.com\/pl\/125150\/","title":{"rendered":"Sceny w meczu Barcelony. Szok, kto dosta\u0142 czerwon\u0105 kartk\u0119"},"content":{"rendered":"\n<p class=\"contentpart contentpart--default contentpart--text\" data-position=\"0\"><a href=\"https:\/\/sportowefakty.wp.pl\/pilka-nozna\/fc-barcelona\" rel=\"nofollow noopener\" target=\"_blank\">FC Barcelona<\/a>\u00a0by\u0142a uznawana za faworyta, ale <a href=\"https:\/\/sportowefakty.wp.pl\/pilka-nozna\/deportivo-alaves\" rel=\"nofollow noopener\" target=\"_blank\">Deportivo Alaves<\/a>\u00a0nie dawa\u0142o za wygran\u0105. W pierwszej ods\u0142onie na list\u0119 strzelc\u00f3w po stronie &#8222;Blaugrany&#8221; wpisali si\u0119 Lamine Yamal oraz Dani Olmo, jednak wynik ju\u017c w pierwszej minucie tej rywalizacji otworzy\u0142 zawodnik go\u015bci, Pablo Ibanez.<\/p>\n<p class=\"contentpart contentpart--default contentpart--text\" data-position=\"1\">Przyjezdni do samego ko\u0144ca walczyli o punkt na Camp Nou i stwarzali niebezpiecze\u0144stwo na po\u0142owie Katalo\u0144czyk\u00f3w. Mi\u0119dzy s\u0142upkami Joan Garcia kilkukrotnie udanymi interwencjami ratowa\u0142 swoj\u0105 dru\u017cyn\u0119.<\/p>\n<p> <img role=\"presentation\" src=\"https:\/\/std.wpcdn.pl\/images\/adv\/placeholder_wp.svg\" loading=\"lazy\" alt=\"\" decoding=\"async\"\/>  <\/p>\n<p class=\"contentpart contentpart--default contentpart--text\" data-position=\"2\">ZOBACZ WIDEO: By\u0142a 10. sekunda meczu. Niebywa\u0142e, co zrobi\u0142 bramkarz<\/p>\n<p class=\"contentpart contentpart--default contentpart--text\" data-position=\"4\">Emocje udzieli\u0142y si\u0119 tak\u017ce cz\u0142onkom sztabu szkoleniowego FC Barcelony. W 69. minucie dosz\u0142o do sporego zamieszania przy linii bocznej.<\/p>\n<p class=\"contentpart contentpart--default contentpart--text\" data-position=\"5\">Jose Ramon de la Fuente podni\u00f3s\u0142 si\u0119 z \u0142awki rezerwowych gospodarzy, g\u0142o\u015bno zg\u0142aszaj\u0105c zastrze\u017cenia do pracy s\u0119dziego. Na reakcj\u0119 nie trzeba by\u0142o d\u0142ugo czeka\u0107. S\u0119dzia Miguel Ortiz ukara\u0142 czerwon\u0105 kartk\u0119 trenera bramkarzy.<\/p>\n<p class=\"contentpart contentpart--default contentpart--text\" data-position=\"6\">54-letni de la Fuente od po\u0142owy 2012 roku jest zatrudniony w Barcelonie &#8211; poza Hansim Flickiem, wsp\u00f3\u0142pracowa\u0142 te\u017c z Tito Vilanov\u0105, Gerardo Martinem, Ernesto Valverde, Luisem Enrique, Quique Setienem, Ronaldem Koemanem i Xavim. Od 2016 roku zgromadzi\u0142 ju\u017c osiem czerwonych kartek.<\/p>\n<p> <img role=\"presentation\" src=\"https:\/\/std.wpcdn.pl\/images\/adv\/placeholder_wp.svg\" loading=\"lazy\" alt=\"\" decoding=\"async\"\/>  <\/p>\n<p class=\"contentpart contentpart--default contentpart--text\" data-position=\"7\">FC Barcelona finalnie pokona\u0142a Deportivo 3:1. W doliczonym czasie gry Olmo skompletowa\u0142 dublet i postawi\u0142 kropk\u0119 nad &#8222;i&#8221;.<\/p>\n","protected":false},"excerpt":{"rendered":"FC Barcelona\u00a0by\u0142a uznawana za faworyta, ale Deportivo Alaves\u00a0nie dawa\u0142o za wygran\u0105. W pierwszej ods\u0142onie na list\u0119 strzelc\u00f3w po&hellip;\n","protected":false},"author":2,"featured_media":125151,"comment_status":"","ping_status":"","sticky":false,"template":"","format":"standard","meta":{"footnotes":""},"categories":[24],"tags":[17595,272,538,269,540,42,38,40,39,41,127,268,126],"class_list":{"0":"post-125150","1":"post","2":"type-post","3":"status-publish","4":"format-standard","5":"has-post-thumbnail","7":"category-sport","8":"tag-deportivo-alaves","9":"tag-fc-barcelona","10":"tag-la-liga","11":"tag-pilka-nozna","12":"tag-pilka-nozna-w-hiszpanii","13":"tag-pl","14":"tag-poland","15":"tag-polish","16":"tag-polska","17":"tag-polski","18":"tag-sport","19":"tag-sportowybar","20":"tag-sports"},"share_on_mastodon":{"url":"https:\/\/pubeurope.com\/@pl\/115636784750952248","error":""},"_links":{"self":[{"href":"https:\/\/www.europesays.com\/pl\/wp-json\/wp\/v2\/posts\/125150","targetHints":{"allow":["GET"]}}],"collection":[{"href":"https:\/\/www.europesays.com\/pl\/wp-json\/wp\/v2\/posts"}],"about":[{"href":"https:\/\/www.europesays.com\/pl\/wp-json\/wp\/v2\/types\/post"}],"author":[{"embeddable":true,"href":"https:\/\/www.europesays.com\/pl\/wp-json\/wp\/v2\/users\/2"}],"replies":[{"embeddable":true,"href":"https:\/\/www.europesays.com\/pl\/wp-json\/wp\/v2\/comments?post=125150"}],"version-history":[{"count":0,"href":"https:\/\/www.europesays.com\/pl\/wp-json\/wp\/v2\/posts\/125150\/revisions"}],"wp:featuredmedia":[{"embeddable":true,"href":"https:\/\/www.europesays.com\/pl\/wp-json\/wp\/v2\/media\/125151"}],"wp:attachment":[{"href":"https:\/\/www.europesays.com\/pl\/wp-json\/wp\/v2\/media?parent=125150"}],"wp:term":[{"taxonomy":"category","embeddable":true,"href":"https:\/\/www.europesays.com\/pl\/wp-json\/wp\/v2\/categories?post=125150"},{"taxonomy":"post_tag","embeddable":true,"href":"https:\/\/www.europesays.com\/pl\/wp-json\/wp\/v2\/tags?post=125150"}],"curies":[{"name":"wp","href":"https:\/\/api.w.org\/{rel}","templated":true}]}}