{"id":125184,"date":"2025-11-30T05:43:11","date_gmt":"2025-11-30T05:43:11","guid":{"rendered":"https:\/\/www.europesays.com\/pl\/125184\/"},"modified":"2025-11-30T05:43:11","modified_gmt":"2025-11-30T05:43:11","slug":"przemyslaw-malecki-poprowadzi-zespol-w-meczu-serie-a","status":"publish","type":"post","link":"https:\/\/www.europesays.com\/pl\/125184\/","title":{"rendered":"Przemys\u0142aw Ma\u0142ecki poprowadzi zesp\u00f3\u0142 w meczu Serie A"},"content":{"rendered":"\n<p class=\"lead\"> Pod koniec sobotniego meczu pomi\u0119dzy Parm\u0105 Calcio 1913 a Udinese Calcio w Serie A (0:2) czerwon\u0105 kartk\u0119 zobaczy\u0142 prowadz\u0105cy drug\u0105 z ekip Kosta Runjai\u0107. W nast\u0119pnym spotkaniu z \u0142awki b\u0119dzie kierowa\u0142 ni\u0105 asystent Niemca Przemys\u0142aw Ma\u0142ecki. <\/p>\n<p>Udinese Calcio odnios\u0142o w ten weekend pi\u0105te zwyci\u0119stwo w obecnym sezonie ligi w\u0142oskiej. Podopieczni Kosty Runjaicia pokonali Parm\u0119 Calcio 1913 2:0 na jej terenie. W pierwszej po\u0142owie do siatki trafi\u0142 Nicolo Zaniolo. W drugiej zrobi\u0142 to Keinan Davis, wykorzystuj\u0105c rzut karny. W mi\u0119dzyczasie czerwon\u0105 kartk\u0119 zobaczy\u0142 stoper gospodarzy Mariano Troilo.<\/p>\n<p>W doliczonym czasie gry w identyczny spos\u00f3b przez s\u0119dziego g\u0142\u00f3wnego zosta\u0142 upomniany Runjai\u0107. Powodem by\u0142y protesty skierowane w stron\u0119 arbitr\u00f3w. <\/p>\n<p>Efekt b\u0119dzie taki, \u017ce by\u0142y trener Pogoni Szczecin i Legii Warszawa nie znajdzie si\u0119 na \u0142awce podczas kolejnej ligowej potyczki Udinese z Geno\u0105. Jak napisa\u0142 Pawe\u0142 Go\u0142aszewski z \u201ePi\u0142ki No\u017cnej\u201d w serwisie spo\u0142eczno\u015bciowym X, zast\u0105pi go asystent Przemys\u0142aw Ma\u0142ecki.   <\/p>\n<p> Popularne <\/p>\n<\/p>\n<p><a href=\"https:\/\/transfery.info\/aktualnosci\/przemyslaw-malecki-poprowadzi-zespol-w-meczu-serie-a\/aktualnosci\/oficjalnie-polak-pierwszym-trenerem-w-meczu-serie-a-czekalismy-na-to-32-lata\/231885\" rel=\"nofollow noopener\" target=\"_blank\">Nie b\u0119dzie to pierwsza taka sytuacja<\/a>. Polak zast\u0119powa\u0142 Runjaicia w grudniu poprzedniego roku podczas meczu, a przyczyn\u0105 by\u0142y problemy zdrowotne g\u0142\u00f3wnego szkoleniowca w\u0142oskiej ekipy. <\/p>\n<p>W tym momencie Udinese ma na koncie 18 punkt\u00f3w i zajmuje dziewi\u0105te miejsce w tabeli Serie A. Z Geno\u0105 zmierzy si\u0119 w poniedzia\u0142ek 8 grudnia, natomiast w najbli\u017cszy wtorek czeka je konfrontacja z Juventusem w Pucharze W\u0142och.<\/p>\n<blockquote class=\"twitter-tweet\">\n<p lang=\"pl\" dir=\"ltr\">Kosta Runjaic ukarany dzisiaj czerwon\u0105 kartk\u0105 za protesty przeciwko decyzjom s\u0119dzi\u00f3w. W meczu z Genoa dru\u017cyn\u0119 poprowadzi Przemys\u0142aw Ma\u0142ecki <a href=\"https:\/\/twitter.com\/PilkaNozna_pl?ref_src=twsrc%5Etfw\" rel=\"nofollow noopener\" target=\"_blank\">@PilkaNozna_pl<\/a> <a href=\"https:\/\/twitter.com\/PrawdaFutbolu?ref_src=twsrc%5Etfw\" rel=\"nofollow noopener\" target=\"_blank\">@PrawdaFutbolu<\/a> <a href=\"https:\/\/t.co\/BCEL3IUInt\" rel=\"nofollow\">https:\/\/t.co\/BCEL3IUInt<\/a><\/p>\n<p>\u2014 Pawe\u0142 Go\u0142aszewski (@golaszewski_p) <a href=\"https:\/\/twitter.com\/golaszewski_p\/status\/1994808139825516756?ref_src=twsrc%5Etfw\" rel=\"nofollow noopener\" target=\"_blank\">November 29, 2025<\/a><\/p><\/blockquote>\n<p>***<\/p>\n<p><a href=\"https:\/\/transfery.info\/aktualnosci\/przemyslaw-malecki-poprowadzi-zespol-w-meczu-serie-a\/aktualnosci\/robert-kolendowicz-na-stazu-w-klubie-z-topowej-ligi\/259041\" target=\"_blank\" rel=\"nofollow noopener\">Robert Kolendowicz na sta\u017cu w klubie z topowej ligi<\/a><\/p>\n<p> <script async src=\"https:\/\/platform.twitter.com\/widgets.js\" charset=\"utf-8\"><\/script><\/p>\n","protected":false},"excerpt":{"rendered":"Pod koniec sobotniego meczu pomi\u0119dzy Parm\u0105 Calcio 1913 a Udinese Calcio w Serie A (0:2) czerwon\u0105 kartk\u0119 zobaczy\u0142&hellip;\n","protected":false},"author":2,"featured_media":125185,"comment_status":"","ping_status":"","sticky":false,"template":"","format":"standard","meta":{"footnotes":""},"categories":[24],"tags":[42,38,40,39,41,127,126],"class_list":{"0":"post-125184","1":"post","2":"type-post","3":"status-publish","4":"format-standard","5":"has-post-thumbnail","7":"category-sport","8":"tag-pl","9":"tag-poland","10":"tag-polish","11":"tag-polska","12":"tag-polski","13":"tag-sport","14":"tag-sports"},"share_on_mastodon":{"url":"https:\/\/pubeurope.com\/@pl\/115637059694674046","error":""},"_links":{"self":[{"href":"https:\/\/www.europesays.com\/pl\/wp-json\/wp\/v2\/posts\/125184","targetHints":{"allow":["GET"]}}],"collection":[{"href":"https:\/\/www.europesays.com\/pl\/wp-json\/wp\/v2\/posts"}],"about":[{"href":"https:\/\/www.europesays.com\/pl\/wp-json\/wp\/v2\/types\/post"}],"author":[{"embeddable":true,"href":"https:\/\/www.europesays.com\/pl\/wp-json\/wp\/v2\/users\/2"}],"replies":[{"embeddable":true,"href":"https:\/\/www.europesays.com\/pl\/wp-json\/wp\/v2\/comments?post=125184"}],"version-history":[{"count":0,"href":"https:\/\/www.europesays.com\/pl\/wp-json\/wp\/v2\/posts\/125184\/revisions"}],"wp:featuredmedia":[{"embeddable":true,"href":"https:\/\/www.europesays.com\/pl\/wp-json\/wp\/v2\/media\/125185"}],"wp:attachment":[{"href":"https:\/\/www.europesays.com\/pl\/wp-json\/wp\/v2\/media?parent=125184"}],"wp:term":[{"taxonomy":"category","embeddable":true,"href":"https:\/\/www.europesays.com\/pl\/wp-json\/wp\/v2\/categories?post=125184"},{"taxonomy":"post_tag","embeddable":true,"href":"https:\/\/www.europesays.com\/pl\/wp-json\/wp\/v2\/tags?post=125184"}],"curies":[{"name":"wp","href":"https:\/\/api.w.org\/{rel}","templated":true}]}}