{"id":125194,"date":"2025-11-30T06:08:08","date_gmt":"2025-11-30T06:08:08","guid":{"rendered":"https:\/\/www.europesays.com\/pl\/125194\/"},"modified":"2025-11-30T06:08:08","modified_gmt":"2025-11-30T06:08:08","slug":"viktor-orban-przeksztalcenie-ukrainy-w-strefe-buforowa-jedynym-trwalym-rozwiazaniem","status":"publish","type":"post","link":"https:\/\/www.europesays.com\/pl\/125194\/","title":{"rendered":"Viktor Orban: przekszta\u0142cenie Ukrainy w stref\u0119 buforow\u0105 jedynym trwa\u0142ym rozwi\u0105zaniem"},"content":{"rendered":"<p class=\"ods-c-paragraph \">W\u0119gierski premier, kt\u00f3ry w ostatnich dniach z\u0142o\u017cy\u0142 wizyt\u0119 na Kremlu i spotka\u0142 si\u0119 z W\u0142adimirem Putinem, oceni\u0142 w rozmowie z niemieck\u0105 pras\u0105, \u017ce po rozszerzeniu NATO na wsch\u00f3d Ukraina pe\u0142ni\u0142a funkcj\u0119 neutralnej strefy buforowej mi\u0119dzy NATO a Rosj\u0105. Stwierdzi\u0142, \u017ce zapewnia\u0142o to Europie bezpiecze\u0144stwo i r\u00f3wnowag\u0119 z punktu widzenia obronno\u015bci. &#8211; Jednak dzi\u015b obie strony oskar\u017caj\u0105 si\u0119 wzajemnie o zak\u0142\u00f3canie tej sytuacji \u2014 doda\u0142.<\/p>\n<p class=\"ods-c-paragraph \">Orban uzna\u0142, \u017ce jedynym trwa\u0142ym rozwi\u0105zaniem by\u0142oby ponowne uczynienie z Ukrainy pa\u0144stwa buforowego w granicach uzgodnionych na przysz\u0142ej konferencji pokojowej, podczas tworzenia systemu powojennego. Jednocze\u015bnie \u2014 podkre\u015bli\u0142 \u2014 NATO i Rosja musz\u0105 uzgodni\u0107 liczebno\u015b\u0107 i wyposa\u017cenie si\u0142 zbrojnych Ukrainy oraz zagwarantowa\u0107, \u017ce nie podejm\u0105 pr\u00f3b przej\u0119cia kontroli nad stref\u0105 buforow\u0105.<\/p>\n<p>Dalszy ci\u0105g artyku\u0142u pod materia\u0142em wideo<\/p>\n<p> Jakie jest zdanie Viktora Orbana na temat Ukrainy? <\/p>\n<p> Co powinno by\u0107 na przysz\u0142ej konferencji pokojowej dotycz\u0105cej Ukrainy? <\/p>\n<p> Jakie znaczenie ma 28-punktowy plan pokojowy USA wed\u0142ug Orbana? <\/p>\n<p> Jakie negocjacje Orban uwa\u017ca za konieczne do podj\u0119cia? <\/p>\n<p class=\"ods-c-paragraph \">Premier popar\u0142 jednocze\u015bnie 28-punktowy plan pokojowy USA, kt\u00f3ry jego zdaniem &#8222;trze\u017awo odzwierciedla rzeczywisto\u015b\u0107&#8221;.<a href=\"https:\/\/wiadomosci.onet.pl\/swiat\/sensacyjne-ustalenia-bloomberga-rosjanie-przekazali-ekipie-trumpa-plan-pokojowy\/je5h530\" id=\"92633b18-bd4f-4985-8922-ab5731e7e3c6\" rel=\"nofollow noopener\" target=\"_blank\"> Jak donosi\u0142y ameryka\u0144skie media, plan ten mia\u0142 by\u0107 przekazany stronie ameryka\u0144skiej przez Rosjan.<\/a> \u2014 Plan ten pozwoli\u0142by r\u00f3wnie\u017c Rosji na powr\u00f3t do mi\u0119dzynarodowej gospodarki, zniesienie sankcji wobec Moskwy i zwi\u0119kszenie mo\u017cliwo\u015bci biznesowych \u2014 doda\u0142 Orban.<\/p>\n<p class=\"ods-c-paragraph \">W\u0119gierski przyw\u00f3dca zaznaczy\u0142, \u017ce negocjacje europejsko-rosyjskie na wysokim szczeblu musz\u0105 rozpocz\u0105\u0107 si\u0119 jak najszybciej. &#8211; Ponadto nale\u017cy zawrze\u0107 porozumienie o kontroli zbroje\u0144 z Moskw\u0105, a w d\u0142u\u017cszej perspektywie potencja\u0142 militarny Europy musi zosta\u0107 wzmocniony, aby mog\u0142a ona broni\u0107 si\u0119 przed ka\u017cdym przeciwnikiem w wojnie konwencjonalnej \u2014 stwierdzi\u0142 Orban.<\/p>\n","protected":false},"excerpt":{"rendered":"W\u0119gierski premier, kt\u00f3ry w ostatnich dniach z\u0142o\u017cy\u0142 wizyt\u0119 na Kremlu i spotka\u0142 si\u0119 z W\u0142adimirem Putinem, oceni\u0142 w&hellip;\n","protected":false},"author":2,"featured_media":125195,"comment_status":"","ping_status":"","sticky":false,"template":"","format":"standard","meta":{"footnotes":""},"categories":[14],"tags":[32,33,189,27,76,34,35,812,28,31,48,160,25,46,40,41,87,47,26679,80,29,30,415,2669,2670,26,82,83,84],"class_list":{"0":"post-125194","1":"post","2":"type-post","3":"status-publish","4":"format-standard","5":"has-post-thumbnail","7":"category-swiat","8":"tag-breaking-news","9":"tag-breakingnews","10":"tag-europa","11":"tag-headlines","12":"tag-inwazja_rosji_na_ukraine","13":"tag-latest-news","14":"tag-latestnews","15":"tag-moskwa","16":"tag-naglowki","17":"tag-najwazniejsze-artykuly","18":"tag-nat_styl","19":"tag-nato","20":"tag-news","21":"tag-omp","22":"tag-polish","23":"tag-polski","24":"tag-rosja","25":"tag-screening_general","26":"tag-strefa_buforowa","27":"tag-swiat","28":"tag-top-stories","29":"tag-topstories","30":"tag-ukraina","31":"tag-viktor_orban","32":"tag-wegry","33":"tag-wiadomosci","34":"tag-world","35":"tag-world-news","36":"tag-worldnews"},"share_on_mastodon":{"url":"https:\/\/pubeurope.com\/@pl\/115637158113832109","error":""},"_links":{"self":[{"href":"https:\/\/www.europesays.com\/pl\/wp-json\/wp\/v2\/posts\/125194","targetHints":{"allow":["GET"]}}],"collection":[{"href":"https:\/\/www.europesays.com\/pl\/wp-json\/wp\/v2\/posts"}],"about":[{"href":"https:\/\/www.europesays.com\/pl\/wp-json\/wp\/v2\/types\/post"}],"author":[{"embeddable":true,"href":"https:\/\/www.europesays.com\/pl\/wp-json\/wp\/v2\/users\/2"}],"replies":[{"embeddable":true,"href":"https:\/\/www.europesays.com\/pl\/wp-json\/wp\/v2\/comments?post=125194"}],"version-history":[{"count":0,"href":"https:\/\/www.europesays.com\/pl\/wp-json\/wp\/v2\/posts\/125194\/revisions"}],"wp:featuredmedia":[{"embeddable":true,"href":"https:\/\/www.europesays.com\/pl\/wp-json\/wp\/v2\/media\/125195"}],"wp:attachment":[{"href":"https:\/\/www.europesays.com\/pl\/wp-json\/wp\/v2\/media?parent=125194"}],"wp:term":[{"taxonomy":"category","embeddable":true,"href":"https:\/\/www.europesays.com\/pl\/wp-json\/wp\/v2\/categories?post=125194"},{"taxonomy":"post_tag","embeddable":true,"href":"https:\/\/www.europesays.com\/pl\/wp-json\/wp\/v2\/tags?post=125194"}],"curies":[{"name":"wp","href":"https:\/\/api.w.org\/{rel}","templated":true}]}}