{"id":125198,"date":"2025-11-30T06:15:08","date_gmt":"2025-11-30T06:15:08","guid":{"rendered":"https:\/\/www.europesays.com\/pl\/125198\/"},"modified":"2025-11-30T06:15:08","modified_gmt":"2025-11-30T06:15:08","slug":"tragedia-w-usa-wsrod-osob-postrzelonych-sa-dzieci","status":"publish","type":"post","link":"https:\/\/www.europesays.com\/pl\/125198\/","title":{"rendered":"Tragedia w USA. W\u015br\u00f3d os\u00f3b postrzelonych s\u0105 dzieci"},"content":{"rendered":"<p>Wiceburmistrz Stockton Jason Lee o\u015bwiadczy\u0142, \u017ce podczas przyj\u0119cia urodzinowego dziecka dosz\u0142o do masowej strzelaniny. <\/p>\n<p>Heather Brent, rzeczniczka biura szeryfa hrabstwa San Joaquin, powiedzia\u0142a, \u017ce w\u015br\u00f3d os\u00f3b postrzelonych s\u0105 dzieci.<\/p>\n<p>Biuro szeryfa hrabstwa San Joaquin przekaza\u0142o, \u017ce cz\u0119\u015b\u0107 poszkodowanych trafi\u0142a do szpitala. Funkcjonariusze nie potwierdzili jeszcze, ile os\u00f3b zosta\u0142o postrzelonych ani co by\u0142o przyczyn\u0105 tragedii.<\/p>\n<p>Odkrycie w\u00a0ci\u0119\u017car\u00f3wce. Kierowca nie przewozi\u0142 tylko natki pietruszki <\/p>\n<p>\u2013 Dzi\u015b wieczorem moje serce jest ci\u0119\u017ckie w\u00a0spos\u00f3b, kt\u00f3ry trudno opisa\u0107 s\u0142owami. Jako wiceburmistrz Stockton \u2013\u00a0i\u00a0jako osoba, kt\u00f3ra dorasta\u0142a w\u00a0tej spo\u0142eczno\u015bci \u2013\u00a0jestem zdruzgotany i\u00a0w\u015bciek\u0142y, dowiaduj\u0105c si\u0119 o\u00a0masowej strzelaninie na przyj\u0119ciu urodzinowym dziecka \u2013\u00a0powiedzia\u0142 Lee.<\/p>\n<p>O tragedii zosta\u0142 powiadomiony gubernator Kalifornii Gavin Newsom. Wed\u0142ug KCRA, Biuro ds. Sytuacji Nadzwyczajnych gubernatora monitoruje rozw\u00f3j wydarze\u0144 i\u00a0koordynuje dzia\u0142ania z\u00a0lokalnymi organami \u015bcigania.<\/p>\n","protected":false},"excerpt":{"rendered":"Wiceburmistrz Stockton Jason Lee o\u015bwiadczy\u0142, \u017ce podczas przyj\u0119cia urodzinowego dziecka dosz\u0142o do masowej strzelaniny. Heather Brent, rzeczniczka biura&hellip;\n","protected":false},"author":2,"featured_media":125199,"comment_status":"","ping_status":"","sticky":false,"template":"","format":"standard","meta":{"footnotes":""},"categories":[14],"tags":[32,33,27,34,35,28,31,25,40,41,80,29,30,26,82,83,84],"class_list":{"0":"post-125198","1":"post","2":"type-post","3":"status-publish","4":"format-standard","5":"has-post-thumbnail","7":"category-swiat","8":"tag-breaking-news","9":"tag-breakingnews","10":"tag-headlines","11":"tag-latest-news","12":"tag-latestnews","13":"tag-naglowki","14":"tag-najwazniejsze-artykuly","15":"tag-news","16":"tag-polish","17":"tag-polski","18":"tag-swiat","19":"tag-top-stories","20":"tag-topstories","21":"tag-wiadomosci","22":"tag-world","23":"tag-world-news","24":"tag-worldnews"},"share_on_mastodon":{"url":"https:\/\/pubeurope.com\/@pl\/115637185533147683","error":""},"_links":{"self":[{"href":"https:\/\/www.europesays.com\/pl\/wp-json\/wp\/v2\/posts\/125198","targetHints":{"allow":["GET"]}}],"collection":[{"href":"https:\/\/www.europesays.com\/pl\/wp-json\/wp\/v2\/posts"}],"about":[{"href":"https:\/\/www.europesays.com\/pl\/wp-json\/wp\/v2\/types\/post"}],"author":[{"embeddable":true,"href":"https:\/\/www.europesays.com\/pl\/wp-json\/wp\/v2\/users\/2"}],"replies":[{"embeddable":true,"href":"https:\/\/www.europesays.com\/pl\/wp-json\/wp\/v2\/comments?post=125198"}],"version-history":[{"count":0,"href":"https:\/\/www.europesays.com\/pl\/wp-json\/wp\/v2\/posts\/125198\/revisions"}],"wp:featuredmedia":[{"embeddable":true,"href":"https:\/\/www.europesays.com\/pl\/wp-json\/wp\/v2\/media\/125199"}],"wp:attachment":[{"href":"https:\/\/www.europesays.com\/pl\/wp-json\/wp\/v2\/media?parent=125198"}],"wp:term":[{"taxonomy":"category","embeddable":true,"href":"https:\/\/www.europesays.com\/pl\/wp-json\/wp\/v2\/categories?post=125198"},{"taxonomy":"post_tag","embeddable":true,"href":"https:\/\/www.europesays.com\/pl\/wp-json\/wp\/v2\/tags?post=125198"}],"curies":[{"name":"wp","href":"https:\/\/api.w.org\/{rel}","templated":true}]}}