{"id":125200,"date":"2025-11-30T06:18:10","date_gmt":"2025-11-30T06:18:10","guid":{"rendered":"https:\/\/www.europesays.com\/pl\/125200\/"},"modified":"2025-11-30T06:18:10","modified_gmt":"2025-11-30T06:18:10","slug":"pogon-szczecin-zawiodla-na-calej-linii-wynik-mowi-wszystko-pilka-nozna","status":"publish","type":"post","link":"https:\/\/www.europesays.com\/pl\/125200\/","title":{"rendered":"Pogo\u0144 Szczecin zawiod\u0142a na ca\u0142ej linii. Wynik m\u00f3wi wszystko Pi\u0142ka no\u017cna"},"content":{"rendered":"<p class=\"art_paragraph\"><a href=\"https:\/\/www.sport.pl\/benjamin-mendy#anchorLink\" rel=\"nofollow noopener\" target=\"_blank\">Benjamin Mendy<\/a> po raz pierwszy wyszed\u0142 w podstawowym sk\u0142adzie Pogoni Szczecin. Zadebiutowa\u0142 trzy tygodnie temu w spotkaniu z Jagielloni\u0105, ale by\u0142o to wej\u015bcie na ostatnie kilka minut. Teraz mistrz \u015bwiata z 2018 roku dosta\u0142 od trenera Thomasa Thomasberga szans\u0119 na d\u0142u\u017cszy wyst\u0119p.<\/p>\n<p>\n    Zobacz wideo Szyma\u0144ski i Urba\u0144ski niewypa\u0142ami transferowymi? Kosecki: Nie bez powodu kto\u015b si\u0119 ich pozby\u0142 z klub\u00f3w\n  <\/p>\n<p class=\"art_paragraph\">W sk\u0142adzie GKS-u Katowice brak zawodnik\u00f3w o takich osi\u0105gni\u0119ciach, jednak w tabeli nie wida\u0107 takiej r\u00f3\u017cnicy. Gieksa do swoich sobotnich rywali traci\u0142a zaledwie trzy punkty. Niesamowity \u015bcisk w tabeli sprawi\u0142 jednak, \u017ce przed <a href=\"https:\/\/www.sport.pl\/mecze#anchorLink\" rel=\"nofollow noopener\" target=\"_blank\">meczem<\/a> katowiczanie znajdowali si\u0119 w strefie spadkowej. Pogo\u0144 natomiast by\u0142a jedenasta.<\/p>\n<p class=\"art_paragraph\">Spotkanie rozpocz\u0119\u0142o si\u0119 pomimo problem\u00f3w z widoczno\u015bci\u0105 &#8211; nad Katowicami zawis\u0142a g\u0119sta mg\u0142a. Nie przeszkodzi\u0142o to pi\u0142karzom gospodarzy. Do\u015brodkowanie z g\u0142\u0119bi pola wykona\u0142 Galan i wycelowa\u0142 idealnie na g\u0142ow\u0119 Zrelaka. GKS ju\u017c w 7. minucie wyszed\u0142 na prowadzenie. Pogo\u0144 ruszy\u0142a do atak\u00f3w, spychaj\u0105c Gieks\u0119 do obrony. Najbli\u017cej wyr\u00f3wnania by\u0142 Biega\u0144ski, kt\u00f3ry trafi\u0142 w poprzeczk\u0119 bramki Str\u0105czka.<\/p>\n<p> Tak czy owak &#8211; Bartosz Nowak<\/p>\n<p class=\"art_paragraph\">Nieskuteczno\u015b\u0107 go\u015bci wykorzysta\u0142 Nowak. Zrelak idealnie wy\u0142o\u017cy\u0142 mu pi\u0142k\u0119, a Cojocaru by\u0142 bez szans. 32-latek zdoby\u0142 tym samym sw\u00f3j 10. punkt w klasyfikacji kanadyjskiej &#8211; w bie\u017c\u0105cym sezonie zdoby\u0142 ju\u017c 5 bramek, do\u0142o\u017cy\u0142 do tego 5 asyst. Pogo\u0144 kompletnie dominowa\u0142a &#8211; w 1. po\u0142owie mieli a\u017c 78% posiadania pi\u0142ki! &#8211; ale to GKS Katowice prowadzi\u0142 2:0.<\/p>\n<p class=\"art_paragraph\">Drug\u0105 po\u0142ow\u0119 Pogo\u0144 mog\u0142a rozpocz\u0105\u0107 cudownie, ale ani Juwara, ani Mukairu &#8211; obaj wpuszczeni w przerwie &#8211; nie byli w stanie pokona\u0107 Str\u0105czka. Go\u015bcie wci\u0105\u017c przewa\u017cali, cho\u0107 nie tworzyli ju\u017c tak gro\u017anych sytuacji. Komentuj\u0105cy ten mecz Micha\u0142 Trela obro\u0144c\u00f3w GKS-u por\u00f3wna\u0142 do \u017c\u00f3\u0142tej \u015bciany, chroni\u0105cej Str\u0105czka przed niebezpiecze\u0144stwami. W drugiej po\u0142owie nie pad\u0142a ani jedna bramka, wi\u0119c gospodarze mogli dopisa\u0107 bardzo wa\u017cne trzy punkty do swojego konta.<\/p>\n<p class=\"art_paragraph\">GKS w strefie spadkowej sp\u0119dzi\u0142 zaledwie kilka godzin. Dzie\u0144 zacz\u0119li na miejscu 15., po wygranej <a href=\"https:\/\/www.sport.pl\/lechia-gdansk#anchorLink\" rel=\"nofollow noopener\" target=\"_blank\">Lechii<\/a> spadli o jedn\u0105 pozycj\u0119, ale wygrana da\u0142a awans na 12. miejsce. Katowiczanie maj\u0105 ju\u017c 20 punkt\u00f3w na koncie &#8211; tyle samo co Pogo\u0144, kt\u00f3ra plasuje si\u0119 tu\u017c przed Gieks\u0105.<\/p>\n<p> GKS Katowice 2:0 Pogo\u0144 Szczecin<\/p>\n<ul class=\"art_uList\">\n<li class=\"art_list_el\">Bramki: Zrelak (7.), Nowak (37.)<\/li>\n<li class=\"art_list_el\">GKS:\u00a0Str\u0105czek &#8211; Klemenz, J\u0119drych, Kuusk (12. Rogala), Galan, Kowalczyk (46. \u0141ukasiak), Bosch, Czerwi\u0144ski (87. Br\u00f3d), Nowak, Markovi\u0107 (65. W\u0119drychowski), Zrelak (65. Szkurin)<\/li>\n<li class=\"art_list_el\">Pogo\u0144:\u00a0Cojocaru &#8211; Wahlqvist, Keramitsis, Huja, Mendy (64. Koutris), Ulvestad, Biega\u0144ski (75. Pozo), Przyborek, Greenwood (46. Juwara), Grosicki (70. Paryzek), Molnar (46. Mukairu)<\/li>\n<\/ul>\n","protected":false},"excerpt":{"rendered":"Benjamin Mendy po raz pierwszy wyszed\u0142 w podstawowym sk\u0142adzie Pogoni Szczecin. Zadebiutowa\u0142 trzy tygodnie temu w spotkaniu z&hellip;\n","protected":false},"author":2,"featured_media":125201,"comment_status":"","ping_status":"","sticky":false,"template":"","format":"standard","meta":{"footnotes":""},"categories":[24],"tags":[42,38,40,39,41,127,126],"class_list":{"0":"post-125200","1":"post","2":"type-post","3":"status-publish","4":"format-standard","5":"has-post-thumbnail","7":"category-sport","8":"tag-pl","9":"tag-poland","10":"tag-polish","11":"tag-polska","12":"tag-polski","13":"tag-sport","14":"tag-sports"},"share_on_mastodon":{"url":"https:\/\/pubeurope.com\/@pl\/115637197398643570","error":""},"_links":{"self":[{"href":"https:\/\/www.europesays.com\/pl\/wp-json\/wp\/v2\/posts\/125200","targetHints":{"allow":["GET"]}}],"collection":[{"href":"https:\/\/www.europesays.com\/pl\/wp-json\/wp\/v2\/posts"}],"about":[{"href":"https:\/\/www.europesays.com\/pl\/wp-json\/wp\/v2\/types\/post"}],"author":[{"embeddable":true,"href":"https:\/\/www.europesays.com\/pl\/wp-json\/wp\/v2\/users\/2"}],"replies":[{"embeddable":true,"href":"https:\/\/www.europesays.com\/pl\/wp-json\/wp\/v2\/comments?post=125200"}],"version-history":[{"count":0,"href":"https:\/\/www.europesays.com\/pl\/wp-json\/wp\/v2\/posts\/125200\/revisions"}],"wp:featuredmedia":[{"embeddable":true,"href":"https:\/\/www.europesays.com\/pl\/wp-json\/wp\/v2\/media\/125201"}],"wp:attachment":[{"href":"https:\/\/www.europesays.com\/pl\/wp-json\/wp\/v2\/media?parent=125200"}],"wp:term":[{"taxonomy":"category","embeddable":true,"href":"https:\/\/www.europesays.com\/pl\/wp-json\/wp\/v2\/categories?post=125200"},{"taxonomy":"post_tag","embeddable":true,"href":"https:\/\/www.europesays.com\/pl\/wp-json\/wp\/v2\/tags?post=125200"}],"curies":[{"name":"wp","href":"https:\/\/api.w.org\/{rel}","templated":true}]}}