{"id":125214,"date":"2025-11-30T06:44:11","date_gmt":"2025-11-30T06:44:11","guid":{"rendered":"https:\/\/www.europesays.com\/pl\/125214\/"},"modified":"2025-11-30T06:44:11","modified_gmt":"2025-11-30T06:44:11","slug":"loty-tuska-i-morawieckiego-ujawniono-liste","status":"publish","type":"post","link":"https:\/\/www.europesays.com\/pl\/125214\/","title":{"rendered":"Loty Tuska i Morawieckiego. Ujawniono list\u0119"},"content":{"rendered":"\n<p>&#13;<br \/>\nWykaz lot\u00f3w Donalda Tuska i\u00a0Mateusza Morawieckiego dotyczy <a href=\"https:\/\/dorzeczy.pl\/ekonomia\/742194\/dostawca-nowych-samolotow-tusk-chwali-sie-podpisana-umowa.html\" rel=\"nofollow noopener\" target=\"_blank\">tylko lot\u00f3w samolotami czarterowanymi od\u00a0LOT.<\/a> &#13;\n<\/p>\n<p>Gdzie najcz\u0119\u015bciej lata Donald Tusk?<\/p>\n<p>&#13;<br \/>\nDziennik \u201eFakt\u201d, kt\u00f3ry przeanalizowa\u0142 odpowied\u017a na\u00a0interpelacj\u0119 poselsk\u0105 przekaza\u0142, \u017ce\u00a0\u201eod listopada 2023 roku do\u00a0sierpnia 2025 roku, czyli w\u00a0okresie urz\u0119dowania Donalda Tuska, \u0142\u0105czny koszt krajowych lot\u00f3w czarterowych z\u00a0wykorzystaniem samolot\u00f3w Polskich Linii Lotniczych LOT wyni\u00f3s\u0142 704 173,33 z\u0142 brutto\u201d. &#13;\n<\/p>\n<p>&#13;<br \/>\nOkazuje si\u0119, \u017ce\u00a0w\u00a0tym okresie, szef rz\u0105du odby\u0142 15 krajowych podr\u00f3\u017cy, m.in. do\u00a0Wroc\u0142awia, Krakowa i\u00a0Rzeszowa. Do\u00a0Gda\u0144ska premier lata\u0142 zaledwie dwa razy. Cz\u0119\u015b\u0107 lot\u00f3w szefa rz\u0105du realizowana by\u0142a z\u00a0wykorzystaniem wojskowego specjalnego transportu lotniczego. Nie\u00a0zawsze jest to\u00a0uwzgl\u0119dnione w\u00a0podanych kosztach czarter\u00f3w LOT. &#13;\n<\/p>\n<p>&#13;<br \/>\nPoza tym Donald Tusk korzysta r\u00f3wnie\u017c z\u00a0lot\u00f3w HEAD. Przys\u0142uguj\u0105 mu one podczas oficjalnych wizyt krajowych. Tego typu lot\u00f3w, w\u00a0kt\u00f3rych uczestniczy\u0142 premier i\u00a0towarzysz\u0105ce mu osoby, by\u0142o 13. Najcz\u0119\u015bciej odbywa\u0142y si\u0119 one do\u00a0Wroc\u0142awia, w\u00a0zwi\u0105zku z\u00a0powodzi\u0105 w\u00a02024 roku. &#13;\n<\/p>\n<p>Tusk rzadko lata do\u00a0Gda\u0144ska<\/p>\n<p>&#13;<br \/>\n\u201eFakt\u201d zwraca uwag\u0119, \u017ce\u00a0premier Donald Tusk praktycznie nie\u00a0korzysta z\u00a0lot\u00f3w do\u00a0Gda\u0144ska. W\u00a02012 roku <a href=\"https:\/\/dorzeczy.pl\/kraj\/111104\/jest-wykaz-lotow-donalda-tuska.html\" rel=\"nofollow noopener\" target=\"_blank\">odby\u0142 ich a\u017c\u00a050 lot\u00f3w.<\/a> Obecnie \u2013 w\u00a0ci\u0105gu 22 miesi\u0119cy \u2013 odnotowano jedynie dwa takie loty. &#13;\n<\/p>\n<p>Loty Mateusza Morawieckiego<\/p>\n<p>&#13;<br \/>\nKancelaria Premiera ujawni\u0142a r\u00f3wnie\u017c dane dotycz\u0105ce lot\u00f3w by\u0142ego premiera Mateusza Morawieckiego. Dane dotycz\u0105 ostatnich dw\u00f3ch miesi\u0119cy jego urz\u0119dowania, a\u00a0wi\u0119c pa\u017adziernika i\u00a0listopada 2023 roku. &#13;\n<\/p>\n<p>&#13;<br \/>\n\u0141\u0105czny koszt przelot\u00f3w czarterowych Mateusza Morawieckiego z\u00a0wykorzystaniem samolot\u00f3w PLL LOT wyni\u00f3s\u0142 w\u00a0tym okresie oko\u0142o 439 410,46 z\u0142 brutto. By\u0142y premier lata\u0142 w\u00a0tym czasie m.in do\u00a0Katowic (sk\u0105d startowa\u0142 do\u00a0Sejmu) oraz\u00a0do\u00a0Poznania, Wroc\u0142awia i\u00a0Krakowa. &#13;\n<\/p>\n<p>&#13;<br \/>\nCzytaj te\u017c:<br \/><a href=\"https:\/\/dorzeczy.pl\/kraj\/812868\/tusk-upomina-sojusznikow-mam-nadzieje-ze-nic-sie-nie-zmienilo.html\" rel=\"follow nofollow noopener\" data-schema=\"DORZECZY\" data-image=\"https:\/\/img.dorzeczy.pl\/_thumb\/ce\/77\/369f08481bac377f632bd4139ee1.jpeg\" target=\"_blank\">Tusk upomina sojusznik\u00f3w. &#8222;Mam nadziej\u0119, \u017ce\u00a0nic si\u0119 nie\u00a0zmieni\u0142o&#8221;<\/a>Czytaj te\u017c:<br \/><a href=\"https:\/\/dorzeczy.pl\/opinie\/812586\/premier-donald-tusk-w-najnowszym-wpisie-fatalna-kombinacja.html\" rel=\"follow nofollow noopener\" data-schema=\"DORZECZY\" data-image=\"https:\/\/img.dorzeczy.pl\/_thumb\/0c\/6a\/3150dfa2b4a16e3d4b8be0384045.jpeg\" target=\"_blank\">Lakoniczny wpis Tuska. &#8222;Fatalna kombinacja&#8221;<\/a> &#13;<\/p>\n","protected":false},"excerpt":{"rendered":"&#13; Wykaz lot\u00f3w Donalda Tuska i\u00a0Mateusza Morawieckiego dotyczy tylko lot\u00f3w samolotami czarterowanymi od\u00a0LOT. &#13; Gdzie najcz\u0119\u015bciej lata Donald&hellip;\n","protected":false},"author":2,"featured_media":125215,"comment_status":"","ping_status":"","sticky":false,"template":"","format":"standard","meta":{"footnotes":""},"categories":[12],"tags":[32,33,1345,98,36,37,1048,27,49,34,35,10573,7120,28,31,25,103,42,38,40,39,41,1030,29,30,26],"class_list":{"0":"post-125214","1":"post","2":"type-post","3":"status-publish","4":"format-standard","5":"has-post-thumbnail","7":"category-polska","8":"tag-breaking-news","9":"tag-breakingnews","10":"tag-donald-tusk","11":"tag-dorzeczy","12":"tag-featured-news","13":"tag-featurednews","14":"tag-gdansk","15":"tag-headlines","16":"tag-kraj","17":"tag-latest-news","18":"tag-latestnews","19":"tag-lot","20":"tag-mateusz-morawiecki","21":"tag-naglowki","22":"tag-najwazniejsze-artykuly","23":"tag-news","24":"tag-obserwator-mediow","25":"tag-pl","26":"tag-poland","27":"tag-polish","28":"tag-polska","29":"tag-polski","30":"tag-samolot","31":"tag-top-stories","32":"tag-topstories","33":"tag-wiadomosci"},"share_on_mastodon":{"url":"https:\/\/pubeurope.com\/@pl\/115637299714392515","error":""},"_links":{"self":[{"href":"https:\/\/www.europesays.com\/pl\/wp-json\/wp\/v2\/posts\/125214","targetHints":{"allow":["GET"]}}],"collection":[{"href":"https:\/\/www.europesays.com\/pl\/wp-json\/wp\/v2\/posts"}],"about":[{"href":"https:\/\/www.europesays.com\/pl\/wp-json\/wp\/v2\/types\/post"}],"author":[{"embeddable":true,"href":"https:\/\/www.europesays.com\/pl\/wp-json\/wp\/v2\/users\/2"}],"replies":[{"embeddable":true,"href":"https:\/\/www.europesays.com\/pl\/wp-json\/wp\/v2\/comments?post=125214"}],"version-history":[{"count":0,"href":"https:\/\/www.europesays.com\/pl\/wp-json\/wp\/v2\/posts\/125214\/revisions"}],"wp:featuredmedia":[{"embeddable":true,"href":"https:\/\/www.europesays.com\/pl\/wp-json\/wp\/v2\/media\/125215"}],"wp:attachment":[{"href":"https:\/\/www.europesays.com\/pl\/wp-json\/wp\/v2\/media?parent=125214"}],"wp:term":[{"taxonomy":"category","embeddable":true,"href":"https:\/\/www.europesays.com\/pl\/wp-json\/wp\/v2\/categories?post=125214"},{"taxonomy":"post_tag","embeddable":true,"href":"https:\/\/www.europesays.com\/pl\/wp-json\/wp\/v2\/tags?post=125214"}],"curies":[{"name":"wp","href":"https:\/\/api.w.org\/{rel}","templated":true}]}}