{"id":125223,"date":"2025-11-30T06:57:09","date_gmt":"2025-11-30T06:57:09","guid":{"rendered":"https:\/\/www.europesays.com\/pl\/125223\/"},"modified":"2025-11-30T06:57:09","modified_gmt":"2025-11-30T06:57:09","slug":"durna-moda-dzieci-przerazone-wizyta-grincha","status":"publish","type":"post","link":"https:\/\/www.europesays.com\/pl\/125223\/","title":{"rendered":"&#8222;Durna moda&#8221;. Dzieci przera\u017cone wizyt\u0105 Grincha"},"content":{"rendered":"<p>Filmiki z\u00a0przera\u017caj\u0105cym zielonym Grinchem szczeg\u00f3ln\u0105 popularno\u015bci\u0105 ciesz\u0105 si\u0119 w\u00a0Stanach Zjednoczonych. Niekt\u00f3re z\u00a0nich osi\u0105gaj\u0105 nawet ponad 100 milion\u00f3w wy\u015bwietle\u0144 na TikToku. Nagrania popularne sta\u0142y si\u0119 dwa lata temu, ale zwykle przed \u015bwi\u0119tami Bo\u017cego Narodzenia staj\u0105 si\u0119 popularne na nowo.<\/p>\n<p>R\u00f3\u017cowe s\u0142onie przesz\u0142y ulicami Bangkoku. &#8222;Ceremonia jest wspania\u0142a&#8221; <\/p>\n<p>S\u0105 one dost\u0119pne r\u00f3wnie\u017c dla rodzic\u00f3w z\u00a0Polski, kt\u00f3rzy powtarzaj\u0105 trend. Cho\u0107 nie jest ich du\u017co, sytuacje mog\u0105 by\u0107 bardzo niepokoj\u0105ce. Zapytali\u015bmy psycholog dzieci\u0119c\u0105, czy filmiki mog\u0105 wp\u0142yn\u0105\u0107 na ogl\u0105daj\u0105ce dziecko.<\/p>\n<p>Schemat zawsze jest ten sam. Grinch przychodzi do dzieci czekaj\u0105cych na \u015bw. Miko\u0142aja. Zielony stw\u00f3r zachowuje si\u0119 agresywnie, zabiera prezenty, straszy dzieci, a\u00a0rodzice wszystko nagrywaj\u0105.<\/p>\n<p>Wed\u0142ug naszej rozm\u00f3wczyni, nie wszystko zale\u017cy od rodzic\u00f3w, ale tak\u017ce od samego dziecka. &#8211;\u00a0Niekt\u00f3re z\u00a0nich maj\u0105 za sob\u0105 wiele podobnych filmik\u00f3w i\u00a0mog\u0105 traktowa\u0107 to jako dowcip lub \u017ar\u00f3d\u0142o rozrywki &#8211;\u00a0ko\u0144czy psycholo\u017cka.<\/p>\n<p>Grinch, to nienawidz\u0105ca \u015bwi\u0105t posta\u0107 z\u00a0ksi\u0105\u017cek ameryka\u0144skiego pisarza dzieci\u0119cego Dr. Seussa. W\u00a0USA popularne s\u0105 filmy z\u00a0tym stworem, a\u00a0w\u00a0jego posta\u0107 wciela\u0142 si\u0119 nawet Jim Carey.<\/p>\n<p>&#8211; Straszenie dzieci mo\u017ce mie\u0107 d\u0142ugofalowe negatywne konsekwencje, szczeg\u00f3lnie je\u015bli podczas sytuacji wywo\u0142uj\u0105cej l\u0119k nie otrzymuj\u0105 one adekwatnego wsparcia ze strony rodzic\u00f3w, a\u00a0zamiast tego s\u0105 nagrywane i\u00a0wy\u015bmiewane &#8211;\u00a0komentowa\u0142a w\u00a0rozmowie z\u00a0Polsat News Justyna Ma\u0142as, psycholog szkolny, kt\u00f3ra od lat pracuje z\u00a0dzie\u0107mi, m\u0142odzie\u017c\u0105 i\u00a0ich rodzicami.<\/p>\n<p>Mateusz Kaluga, dziennikarz o2.pl<\/p>\n","protected":false},"excerpt":{"rendered":"Filmiki z\u00a0przera\u017caj\u0105cym zielonym Grinchem szczeg\u00f3ln\u0105 popularno\u015bci\u0105 ciesz\u0105 si\u0119 w\u00a0Stanach Zjednoczonych. Niekt\u00f3re z\u00a0nich osi\u0105gaj\u0105 nawet ponad 100 milion\u00f3w wy\u015bwietle\u0144&hellip;\n","protected":false},"author":2,"featured_media":125224,"comment_status":"","ping_status":"","sticky":false,"template":"","format":"standard","meta":{"footnotes":""},"categories":[14],"tags":[32,33,27,34,35,28,31,25,40,41,80,29,30,26,82,83,84],"class_list":{"0":"post-125223","1":"post","2":"type-post","3":"status-publish","4":"format-standard","5":"has-post-thumbnail","7":"category-swiat","8":"tag-breaking-news","9":"tag-breakingnews","10":"tag-headlines","11":"tag-latest-news","12":"tag-latestnews","13":"tag-naglowki","14":"tag-najwazniejsze-artykuly","15":"tag-news","16":"tag-polish","17":"tag-polski","18":"tag-swiat","19":"tag-top-stories","20":"tag-topstories","21":"tag-wiadomosci","22":"tag-world","23":"tag-world-news","24":"tag-worldnews"},"share_on_mastodon":{"url":"https:\/\/pubeurope.com\/@pl\/115637350865099200","error":""},"_links":{"self":[{"href":"https:\/\/www.europesays.com\/pl\/wp-json\/wp\/v2\/posts\/125223","targetHints":{"allow":["GET"]}}],"collection":[{"href":"https:\/\/www.europesays.com\/pl\/wp-json\/wp\/v2\/posts"}],"about":[{"href":"https:\/\/www.europesays.com\/pl\/wp-json\/wp\/v2\/types\/post"}],"author":[{"embeddable":true,"href":"https:\/\/www.europesays.com\/pl\/wp-json\/wp\/v2\/users\/2"}],"replies":[{"embeddable":true,"href":"https:\/\/www.europesays.com\/pl\/wp-json\/wp\/v2\/comments?post=125223"}],"version-history":[{"count":0,"href":"https:\/\/www.europesays.com\/pl\/wp-json\/wp\/v2\/posts\/125223\/revisions"}],"wp:featuredmedia":[{"embeddable":true,"href":"https:\/\/www.europesays.com\/pl\/wp-json\/wp\/v2\/media\/125224"}],"wp:attachment":[{"href":"https:\/\/www.europesays.com\/pl\/wp-json\/wp\/v2\/media?parent=125223"}],"wp:term":[{"taxonomy":"category","embeddable":true,"href":"https:\/\/www.europesays.com\/pl\/wp-json\/wp\/v2\/categories?post=125223"},{"taxonomy":"post_tag","embeddable":true,"href":"https:\/\/www.europesays.com\/pl\/wp-json\/wp\/v2\/tags?post=125223"}],"curies":[{"name":"wp","href":"https:\/\/api.w.org\/{rel}","templated":true}]}}