{"id":125298,"date":"2025-11-30T07:57:15","date_gmt":"2025-11-30T07:57:15","guid":{"rendered":"https:\/\/www.europesays.com\/pl\/125298\/"},"modified":"2025-11-30T07:57:15","modified_gmt":"2025-11-30T07:57:15","slug":"final-the-voice-of-poland-margaret-w-fioletowym-futerku-michal-szpak-caly-na-bialo","status":"publish","type":"post","link":"https:\/\/www.europesays.com\/pl\/125298\/","title":{"rendered":"Fina\u0142 &#8222;The Voice of Poland&#8221;. Margaret w fioletowym futerku. Micha\u0142 Szpak ca\u0142y na bia\u0142o"},"content":{"rendered":"<p class=\"ods-c-paragraph \">Fina\u0142 <a href=\"https:\/\/plejada.pl\/the-voice-of-poland-program\" id=\"5627242f-6eea-4975-b7ad-3b3e5920d895\" rel=\"nofollow noopener\" target=\"_blank\">&#8222;The Voice of Poland&#8221;<\/a> przyni\u00f3s\u0142 widzom sporo emocji. Wielkim wygranym okaza\u0142 si\u0119 Jan Piwowarczyk z dru\u017cyny Margaret. Widzowie jednog\u0142o\u015bnie stwierdzili, \u017ce by\u0142o to zas\u0142u\u017cone zwyci\u0119stwo. W sieci pojawi\u0142a si\u0119 masa komentarzy z gratulacjami dla uczestnika.<\/p>\n<p>Dalszy ci\u0105g artyku\u0142u pod materia\u0142em wideo<\/p>\n<p> Jakie kolory wybrali jurorzy w finale? <\/p>\n<p> Kto wygra\u0142 fina\u0142 'The Voice of Poland&#8217;? <\/p>\n<p> Jakie stylizacje mia\u0142y inne osoby w jury? <\/p>\n<p> Co nosi\u0142 Micha\u0142 Szpak na finale? <\/p>\n<p>  Wszyscy patrzyli na Micha\u0142a Szpaka. D\u0142ugi tren i kapelusz z pi\u00f3rami robi\u0142 furor\u0119<\/p>\n<p class=\"ods-c-paragraph \">W finale &#8222;The Voice of Poland&#8221; jurorzy zaszaleli ze stylizacjami. <a href=\"https:\/\/plejada.pl\/margaret-piosenkarka-malgorzata-jamrozy\" id=\"544ae29b-0356-49e8-b702-d281627ff7c0\" rel=\"nofollow noopener\" target=\"_blank\">Margaret<\/a> wybra\u0142a fioletow\u0105 stylizacj\u0119. Tego wieczoru w\u0142o\u017cy\u0142a futro, do kt\u00f3rego dobra\u0142a b\u0142yszcz\u0105ce, dopasowane body. <a href=\"https:\/\/plejada.pl\/michal-szpak\" id=\"99508728-10f3-414d-a7d6-0840cd594aa6\" rel=\"nofollow noopener\" target=\"_blank\">Micha\u0142 Szpak<\/a> postawi\u0142 za\u015b na biel. Wszyscy patrzyli tylko na jego marynark\u0119 z d\u0142ugim trenem i kapelusz z pi\u00f3rami.<\/p>\n<p class=\"ods-c-paragraph \"><a href=\"https:\/\/plejada.pl\/kuba-badach-wokalista\" id=\"5a881caa-b2a7-477e-bf19-3716c5998c3c\" rel=\"nofollow noopener\" target=\"_blank\">Kuba Badach<\/a> na fina\u0142 zdecydowa\u0142 si\u0119 ubra\u0107 bia\u0142\u0105 marynark\u0119 z czarnymi elementami, do kt\u00f3rej dobra\u0142 bia\u0142\u0105 koszulk\u0119, czarn\u0105 much\u0119 i spodnie w tym samym kolorze. <a href=\"https:\/\/plejada.pl\/anna-karwan\" id=\"b1ef92fe-1c48-4857-9a03-c6b0727b0352\" rel=\"nofollow noopener\" target=\"_blank\">Ania Karwan<\/a> postawi\u0142a na br\u0105zow\u0105, sk\u00f3rzan\u0105 stylizacj\u0119 z bia\u0142ymi falbanami.<\/p>\n<p class=\"ods-c-paragraph \">Zobaczcie, jak prezentowali si\u0119 pozostali.<\/p>\n<p> Galeria zdj\u0119\u0107    Margaret    <img src=\"https:\/\/www.europesays.com\/pl\/wp-content\/uploads\/2025\/11\/bDsk9lBaHR0cHM6Ly9vY2RuLmV1L3B1bHNjbXMvTURBXy9hMDY0N2ZlNzhmOWRmMTUxZDc3NmJiYzMzNDA1OTJmZi5qcGeRlQLNA.jpeg\" height=\"529\" width=\"940\" alt=\"Margaret\" loading=\"lazy\" decoding=\"async\" class=\"ods-c-image__img ods-c-image__img--placeholder\"\/>     1\/10   <\/p>\n<p>mwmedia \/ MW Media<\/p>\n<p>        Margaret, Jan Piwowarczyk    <img src=\"https:\/\/www.europesays.com\/pl\/wp-content\/uploads\/2025\/11\/y_Ok9lBaHR0cHM6Ly9vY2RuLmV1L3B1bHNjbXMvTURBXy8wNjQwNzNjNDYwZDAxZGFmMDcxZjkwODhhODAyNTFiZS5qcGeRlQLNA.jpeg\" height=\"529\" width=\"940\" alt=\"Margaret, Jan Piwowarczyk\" loading=\"lazy\" decoding=\"async\" class=\"ods-c-image__img ods-c-image__img--placeholder\"\/>     2\/10   <\/p>\n<p>mwmedia \/ MW Media<\/p>\n<p>           Micha\u0142 Szpak, Hanna Kuzimowicz    <img src=\"https:\/\/www.europesays.com\/pl\/wp-content\/uploads\/2025\/11\/Up5k9lBaHR0cHM6Ly9vY2RuLmV1L3B1bHNjbXMvTURBXy81NjZjMTBhMDBkOTg5MmQ1NThlMTYzMWI5OThhM2RmYy5qcGeRlQLNB.jpeg\" height=\"628\" width=\"940\" alt=\"Micha\u0142 Szpak, Hanna Kuzimowicz\" loading=\"lazy\" decoding=\"async\" class=\"ods-c-image__img ods-c-image__img--placeholder\"\/>     3\/10   <\/p>\n<p>mwmedia \/ MW Media<\/p>\n<p>        Micha\u0142 Szpak, Hanna Kuzimowicz    <img src=\"https:\/\/www.europesays.com\/pl\/wp-content\/uploads\/2025\/11\/AwVk9lBaHR0cHM6Ly9vY2RuLmV1L3B1bHNjbXMvTURBXy84NWQ4YWI2M2RjOGZjMTVmNTAzYTk2YzgyMDBmNGM4OC5qcGeRlQLNA.jpeg\" height=\"529\" width=\"940\" alt=\"Micha\u0142 Szpak, Hanna Kuzimowicz\" loading=\"lazy\" decoding=\"async\" class=\"ods-c-image__img ods-c-image__img--placeholder\"\/>     4\/10   <\/p>\n<p>mwmedia \/ MW Media<\/p>\n<p>           Baron i Tomson, Mateusz Jagie\u0142\u0142o    <img src=\"https:\/\/www.europesays.com\/pl\/wp-content\/uploads\/2025\/11\/u6Ok9lBaHR0cHM6Ly9vY2RuLmV1L3B1bHNjbXMvTURBXy9lZTRiNGZlMGFiODQ2ZmU5MGYzNzUwZTZjYzYwOTA5OC5qcGeRlQLNA.jpeg\" height=\"529\" width=\"940\" alt=\"Baron i Tomson, Mateusz Jagie\u0142\u0142o\" loading=\"lazy\" decoding=\"async\" class=\"ods-c-image__img ods-c-image__img--placeholder\"\/>     5\/10   <\/p>\n<p>mwmedia \/ MW Media<\/p>\n<p>        Paulina Chylewska    <img src=\"https:\/\/www.europesays.com\/pl\/wp-content\/uploads\/2025\/11\/uo8k9lBaHR0cHM6Ly9vY2RuLmV1L3B1bHNjbXMvTURBXy80MzVkNWIzODZlZDE5OWYwNmM3N2E2MTM4NzBhODIyMS5qcGeRlQLNA.jpeg\" height=\"529\" width=\"940\" alt=\"Paulina Chylewska\" loading=\"lazy\" decoding=\"async\" class=\"ods-c-image__img ods-c-image__img--placeholder\"\/>     6\/10   <\/p>\n<p>mwmedia \/ MW Media<\/p>\n<p>           Kuba Badach    <img src=\"https:\/\/www.europesays.com\/pl\/wp-content\/uploads\/2025\/11\/orkk9lBaHR0cHM6Ly9vY2RuLmV1L3B1bHNjbXMvTURBXy9jOWU3M2ViY2RkMGIyNTkwNDU0Y2NjNTM0MzkzODMyMC5qcGeRlQLNA.jpeg\" height=\"529\" width=\"940\" alt=\"Kuba Badach\" loading=\"lazy\" decoding=\"async\" class=\"ods-c-image__img ods-c-image__img--placeholder\"\/>     7\/10   <\/p>\n<p>mwmedia \/ MW Media<\/p>\n<p>        Ania Karwan, \u017baneta Che\u0142miniak    <img src=\"https:\/\/www.europesays.com\/pl\/wp-content\/uploads\/2025\/11\/Rjgk9lBaHR0cHM6Ly9vY2RuLmV1L3B1bHNjbXMvTURBXy80NzRhYTFhNGEzOTdiOTI4YzU5MzYzOGUxNzE1MWFhOC5qcGeRlQLNA.jpeg\" height=\"529\" width=\"940\" alt=\"Ania Karwan, \u017baneta Che\u0142miniak\" loading=\"lazy\" decoding=\"async\" class=\"ods-c-image__img ods-c-image__img--placeholder\"\/>     8\/10   <\/p>\n<p>mwmedia \/ MW Media<\/p>\n<p>           Ania Karwan    <img src=\"https:\/\/www.europesays.com\/pl\/wp-content\/uploads\/2025\/11\/a1Ok9lBaHR0cHM6Ly9vY2RuLmV1L3B1bHNjbXMvTURBXy9lY2M4MjliMmZkOTBjZjA0MTJjMjNjYTk2MDVmNmQ1My5qcGeRlQLNA.jpeg\" height=\"529\" width=\"940\" alt=\"Ania Karwan\" loading=\"lazy\" decoding=\"async\" class=\"ods-c-image__img ods-c-image__img--placeholder\"\/>     9\/10   <\/p>\n<p>mwmedia \/ MW Media<\/p>\n<p>        Hanna Puchalska    <img src=\"https:\/\/www.europesays.com\/pl\/wp-content\/uploads\/2025\/11\/Gllk9lBaHR0cHM6Ly9vY2RuLmV1L3B1bHNjbXMvTURBXy9iMTNiZjU5MGIwYjQ3YTNiODI5ZWZhNGRlZjc0ZjBlYi5qcGeRlQLNA.jpeg\" height=\"529\" width=\"940\" alt=\"Hanna Puchalska\" loading=\"lazy\" decoding=\"async\" class=\"ods-c-image__img ods-c-image__img--placeholder\"\/>     10\/10   <\/p>\n<p>mwmedia \/ MW Media<\/p>\n<p>Dzi\u0119kujemy, \u017ce przeczyta\u0142a\u015b\/e\u015b nasz artyku\u0142 do ko\u0144ca. W serwisie Plejada.pl ka\u017cdego dnia piszemy o najwa\u017cniejszych wydarzeniach show-biznesowych. B\u0105d\u017a na bie\u017c\u0105co i obserwuj Plejad\u0119 w <a href=\"http:\/\/news.google.com\/publications\/CAAiEF0PeAlb7W1llpV_mwV2rL4qFAgKIhBdD3gJW-1tZZaVf5sFdqy-?hl=pl&amp;gl=PL&amp;ceid=PL%3Apl\" rel=\"nofollow noopener\" target=\"_blank\">Wiadomo\u015bciach Google<\/a>. Odwied\u017a nas tak\u017ce na <a href=\"http:\/\/facebook.com\/plejadapl\" rel=\"nofollow noopener\" target=\"_blank\">Facebooku<\/a> , <a href=\"http:\/\/instagram.com\/plejadapl\/\" rel=\"nofollow noopener\" target=\"_blank\">Instagramie<\/a>, <a href=\"http:\/\/youtube.com\/c\/plejada\" rel=\"nofollow noopener\" target=\"_blank\">YouTubie<\/a> i <a href=\"http:\/\/tiktok.com\/@plejada_pl\" rel=\"nofollow noopener\" target=\"_blank\">TikToku<\/a>. <\/p>\n<p>Chcesz podzieli\u0107 si\u0119 ciekawym newsem lub zaproponowa\u0107 temat? Skontaktuj si\u0119 z nami, pisz\u0105c maila na adres: plejada@redakcjaonet.pl.<\/p>\n<p>  <script async src=\"\/\/www.instagram.com\/embed.js\"><\/script><script async src=\"\/\/www.tiktok.com\/embed.js\"><\/script><\/p>\n","protected":false},"excerpt":{"rendered":"Fina\u0142 &#8222;The Voice of Poland&#8221; przyni\u00f3s\u0142 widzom sporo emocji. Wielkim wygranym okaza\u0142 si\u0119 Jan Piwowarczyk z dru\u017cyny Margaret.&hellip;\n","protected":false},"author":2,"featured_media":125299,"comment_status":"","ping_status":"","sticky":false,"template":"","format":"standard","meta":{"footnotes":""},"categories":[22],"tags":[3323,2993,26625,122,2888,21437,9793,48,125,46,42,38,40,39,41,123,47,3090,15161,21438,506],"class_list":{"0":"post-125298","1":"post","2":"type-post","3":"status-publish","4":"format-standard","5":"has-post-thumbnail","7":"category-rozrywka","8":"tag-_the_voice_of_poland_","9":"tag-aleksander_milwiw_baron","10":"tag-anna_karwan","11":"tag-entertainment","12":"tag-kuba_badach","13":"tag-margaret_piosenkarka","14":"tag-michal_szpak","15":"tag-nat_styl","16":"tag-newsy","17":"tag-omp","18":"tag-pl","19":"tag-poland","20":"tag-polish","21":"tag-polska","22":"tag-polski","23":"tag-rozrywka","24":"tag-screening_general","25":"tag-the_voice_of_poland","26":"tag-tomasz_lach","27":"tag-tomson_i_baron","28":"tag-tvp"},"share_on_mastodon":{"url":"https:\/\/pubeurope.com\/@pl\/115637587057634296","error":""},"_links":{"self":[{"href":"https:\/\/www.europesays.com\/pl\/wp-json\/wp\/v2\/posts\/125298","targetHints":{"allow":["GET"]}}],"collection":[{"href":"https:\/\/www.europesays.com\/pl\/wp-json\/wp\/v2\/posts"}],"about":[{"href":"https:\/\/www.europesays.com\/pl\/wp-json\/wp\/v2\/types\/post"}],"author":[{"embeddable":true,"href":"https:\/\/www.europesays.com\/pl\/wp-json\/wp\/v2\/users\/2"}],"replies":[{"embeddable":true,"href":"https:\/\/www.europesays.com\/pl\/wp-json\/wp\/v2\/comments?post=125298"}],"version-history":[{"count":0,"href":"https:\/\/www.europesays.com\/pl\/wp-json\/wp\/v2\/posts\/125298\/revisions"}],"wp:featuredmedia":[{"embeddable":true,"href":"https:\/\/www.europesays.com\/pl\/wp-json\/wp\/v2\/media\/125299"}],"wp:attachment":[{"href":"https:\/\/www.europesays.com\/pl\/wp-json\/wp\/v2\/media?parent=125298"}],"wp:term":[{"taxonomy":"category","embeddable":true,"href":"https:\/\/www.europesays.com\/pl\/wp-json\/wp\/v2\/categories?post=125298"},{"taxonomy":"post_tag","embeddable":true,"href":"https:\/\/www.europesays.com\/pl\/wp-json\/wp\/v2\/tags?post=125298"}],"curies":[{"name":"wp","href":"https:\/\/api.w.org\/{rel}","templated":true}]}}