{"id":125363,"date":"2025-11-30T09:00:11","date_gmt":"2025-11-30T09:00:11","guid":{"rendered":"https:\/\/www.europesays.com\/pl\/125363\/"},"modified":"2025-11-30T09:00:11","modified_gmt":"2025-11-30T09:00:11","slug":"karol-i-marta-nawroccy-w-teatrze-wielkim-tak-ich-potraktowano-2","status":"publish","type":"post","link":"https:\/\/www.europesays.com\/pl\/125363\/","title":{"rendered":"Karol i Marta Nawroccy w Teatrze Wielkim. Tak ich potraktowano"},"content":{"rendered":"<p class=\"Paragraph_desktopParagraph__U31Gm\">W sobot\u0119, 29 listopada Teatr Wielki \u2014 Opera Narodowa \u015bwi\u0119towa\u0142 swoje 200-lecie. Uroczyst\u0105 gal\u0119, transmitowan\u0105 przez Telewizj\u0119 Polsk\u0105, poprowadzi\u0142a Gra\u017cyna Torbicka, jedna z najbardziej rozpoznawalnych polskich dziennikarek. Wydarzenie przyci\u0105gn\u0119\u0142o t\u0142umy go\u015bci, w tym przedstawicieli w\u0142adz pa\u0144stwowych, gwiazdy oraz par\u0119 prezydenck\u0105 \u2014 <a href=\"https:\/\/plejada.pl\/karol-nawrocki-prezydent\" id=\"02451ecc-4046-49bf-9e4e-57f6e23a54bf\" rel=\"nofollow noopener\" target=\"_blank\">Karola Nawrockiego<\/a> i Mart\u0119 Nawrock\u0105.<\/p>\n<ul class=\"OchatFollowUps_wrapper__1ry7X\">\n<li class=\"OchatFollowUps_item__Dhyly OchatFollowUps_itemDesktop__R6aBv\">Jak\u0105 rol\u0119 pe\u0142ni\u0142a Gra\u017cyna Torbicka podczas gali w Teatrze Wielkim?<\/li>\n<li class=\"OchatFollowUps_item__Dhyly OchatFollowUps_itemDesktop__R6aBv\">Jakie wydarzenie mia\u0142o miejsce 29 listopada w Teatrze Wielkim?<\/li>\n<li class=\"OchatFollowUps_item__Dhyly OchatFollowUps_itemDesktop__R6aBv\">Czy w momencie powitania pary prezydenckiej rozleg\u0142y si\u0119 oklaski?<\/li>\n<li class=\"OchatFollowUps_item__Dhyly OchatFollowUps_itemDesktop__R6aBv\">Kto by\u0142 obecny na gali w Teatrze Wielkim opr\u00f3cz pary prezydenckiej?<\/li>\n<\/ul>\n<p>Skandal w Teatrze Wielkim. Tak zareagowano na Karola i Mart\u0119 Nawrockich <\/p>\n<p class=\"Paragraph_desktopParagraph__U31Gm\">Ju\u017c na pocz\u0105tku wieczoru Gra\u017cyna Torbicka powita\u0142a zgromadzonych w Teatrze Wielkim oraz widz\u00f3w \u015bledz\u0105cych wydarzenie przed telewizorami. W swoim przem\u00f3wieniu uroczy\u015bcie przywita\u0142a prezydenta RP Karola Nawrockiego wraz z ma\u0142\u017conk\u0105 <a href=\"https:\/\/plejada.pl\/marta-nawrocka\" id=\"27c8390b-a35b-4993-bb49-426fa6ef9e06\" rel=\"nofollow noopener\" target=\"_blank\">Mart\u0105 Nawrock\u0105<\/a>. W momencie, gdy para prezydencka wsta\u0142a, by pozdrowi\u0107 publiczno\u015b\u0107, rozleg\u0142y si\u0119 oklaski, kt\u00f3re jednak nie zdo\u0142a\u0142y zag\u0142uszy\u0107 pojedynczych odg\u0142os\u00f3w buczenia.<\/p>\n<p class=\"Paragraph_desktopParagraph__U31Gm\">Prezenterka kontynuowa\u0142a powitania, zwracaj\u0105c si\u0119 do innych zaproszonych go\u015bci, w tym marsza\u0142ek Senatu Ma\u0142gorzaty Kidawy, minister kultury i dziedzictwa narodowego Marty Cienkowskiej, ministra finans\u00f3w i gospodarki Andrzeja Doma\u0144skiego oraz przedstawicieli korpusu dyplomatycznego i w\u0142adz samorz\u0105dowych. Tym razem oby\u0142o si\u0119 bez kontrowersji, a wszyscy wymienieni zostali nagrodzeni gromkimi brawami.<\/p>\n<p><img decoding=\"async\" class=\"Image_image__0tuHp Image_autoHeight__f2n87 \" height=\"457\" width=\"940\" src=\"https:\/\/www.europesays.com\/pl\/wp-content\/uploads\/2025\/11\/I5_k9kpTURBXy8yMmM1MTIyNzU1YmU2NmY3NDk2ODUyOWVjZDAxMWQ4Mi5qcGeSlQLNA6wAwsOVAgDNAkvCw94AA6EwAaExAaEzw.jpeg\" alt=\"Karol Nawrocki i Marta Nawrocka\" loading=\"lazy\" \/>TVP<\/p>\n<p>Karol Nawrocki i Marta Nawrocka<\/p>\n<p><img decoding=\"async\" class=\"Image_image__0tuHp Image_autoHeight__f2n87 \" height=\"587\" width=\"880\" src=\"https:\/\/www.europesays.com\/pl\/wp-content\/uploads\/2025\/11\/-Uak9kuTURBXy9lNzkyODAzMS1mNDJmLTQwZDYtOTJhZC04OGFhMjNmMGFiOTIuanBlZ5OVAwAAzSBAzRWAlQLNA6wAwsOVAgDNA.jpeg\" alt=\"Marta Nawrocka i Karol Nawrocki\" loading=\"lazy\" \/>PAP\/Radek Pietruszka<\/p>\n<p>Marta Nawrocka i Karol Nawrocki<\/p>\n<p class=\"Paragraph_desktopParagraph__U31Gm\">Dzi\u0119kujemy, \u017ce przeczyta\u0142a\u015b\/e\u015b nasz artyku\u0142 do ko\u0144ca. W serwisie Plejada.pl ka\u017cdego dnia piszemy o najwa\u017cniejszych wydarzeniach show-biznesowych. B\u0105d\u017a na bie\u017c\u0105co! <a rel=\"nofollow noopener\" href=\"https:\/\/profile.google.com\/cp\/Cg0vZy8xMWJ6X19wdHBx\" id=\"c79128ff-10cd-4886-8b2d-a09aca353916\" target=\"_blank\">Obserwuj<\/a> Plejad\u0119 w Wiadomo\u015bciach Google. Odwied\u017a nas tak\u017ce na <a rel=\"nofollow noopener\" href=\"https:\/\/www.facebook.com\/plejadapl\" id=\"a0b87537-7d93-46e9-bdef-0f3a9adb9ec7\" target=\"_blank\">Facebooku<\/a>, <a rel=\"nofollow noopener\" href=\"https:\/\/www.instagram.com\/plejadapl\/\" id=\"32789eb0-998e-4b79-83e1-5bd87c0a0590\" target=\"_blank\">Instagramie<\/a>, <a rel=\"nofollow noopener\" href=\"https:\/\/www.youtube.com\/c\/plejada\" id=\"933b5304-a3ae-4231-a209-bac3ef6de7c8\" target=\"_blank\">YouTube<\/a> oraz <a rel=\"nofollow noopener\" href=\"https:\/\/www.tiktok.com\/@plejada_pl\" id=\"7b09519b-4ee6-4dbd-8f56-0482d378815e\" target=\"_blank\">TikToku<\/a>.<\/p>\n<p class=\"Paragraph_desktopParagraph__U31Gm\">Chcesz podzieli\u0107 si\u0119 ciekawym newsem lub zaproponowa\u0107 temat? Skontaktuj si\u0119 z nami, pisz\u0105c e-maila na adres: <a href=\"https:\/\/www.onet.pl\/styl-zycia\/plejada\/karol-i-marta-nawroccy-w-teatrze-wielkim-tak-ich-potraktowano\/mailto:plejada@redakcjaonet.pl\" id=\"85e0ddaf-ce91-418c-9d2a-5f55aea76d63\" rel=\"nofollow noopener\" target=\"_blank\">plejada@redakcjaonet.pl<\/a>.<\/p>\n<p><script async src=\"\/\/www.instagram.com\/embed.js\"><\/script><script async src=\"\/\/www.tiktok.com\/embed.js\"><\/script><\/p>\n","protected":false},"excerpt":{"rendered":"W sobot\u0119, 29 listopada Teatr Wielki \u2014 Opera Narodowa \u015bwi\u0119towa\u0142 swoje 200-lecie. Uroczyst\u0105 gal\u0119, transmitowan\u0105 przez Telewizj\u0119 Polsk\u0105,&hellip;\n","protected":false},"author":2,"featured_media":125364,"comment_status":"","ping_status":"","sticky":false,"template":"","format":"standard","meta":{"footnotes":""},"categories":[22],"tags":[122,67,240,261,1661,53,52,68,51,55,42,38,40,39,41,123,47,26694,65,50],"class_list":{"0":"post-125363","1":"post","2":"type-post","3":"status-publish","4":"format-standard","5":"has-post-thumbnail","7":"category-rozrywka","8":"tag-entertainment","9":"tag-intextvideo_splayer","10":"tag-karol_nawrocki_prezydent","11":"tag-kultura","12":"tag-marta_nawrocka","13":"tag-new_header","14":"tag-onet3","15":"tag-onet3d","16":"tag-onet3d_2i","17":"tag-phx","18":"tag-pl","19":"tag-poland","20":"tag-polish","21":"tag-polska","22":"tag-polski","23":"tag-rozrywka","24":"tag-screening_general","25":"tag-teatr_wielki_opera_narodowa_w_warszawie","26":"tag-update_me","27":"tag-v2021"},"share_on_mastodon":{"url":"https:\/\/pubeurope.com\/@pl\/115637834728792347","error":""},"_links":{"self":[{"href":"https:\/\/www.europesays.com\/pl\/wp-json\/wp\/v2\/posts\/125363","targetHints":{"allow":["GET"]}}],"collection":[{"href":"https:\/\/www.europesays.com\/pl\/wp-json\/wp\/v2\/posts"}],"about":[{"href":"https:\/\/www.europesays.com\/pl\/wp-json\/wp\/v2\/types\/post"}],"author":[{"embeddable":true,"href":"https:\/\/www.europesays.com\/pl\/wp-json\/wp\/v2\/users\/2"}],"replies":[{"embeddable":true,"href":"https:\/\/www.europesays.com\/pl\/wp-json\/wp\/v2\/comments?post=125363"}],"version-history":[{"count":0,"href":"https:\/\/www.europesays.com\/pl\/wp-json\/wp\/v2\/posts\/125363\/revisions"}],"wp:featuredmedia":[{"embeddable":true,"href":"https:\/\/www.europesays.com\/pl\/wp-json\/wp\/v2\/media\/125364"}],"wp:attachment":[{"href":"https:\/\/www.europesays.com\/pl\/wp-json\/wp\/v2\/media?parent=125363"}],"wp:term":[{"taxonomy":"category","embeddable":true,"href":"https:\/\/www.europesays.com\/pl\/wp-json\/wp\/v2\/categories?post=125363"},{"taxonomy":"post_tag","embeddable":true,"href":"https:\/\/www.europesays.com\/pl\/wp-json\/wp\/v2\/tags?post=125363"}],"curies":[{"name":"wp","href":"https:\/\/api.w.org\/{rel}","templated":true}]}}