{"id":125432,"date":"2025-11-30T09:41:09","date_gmt":"2025-11-30T09:41:09","guid":{"rendered":"https:\/\/www.europesays.com\/pl\/125432\/"},"modified":"2025-11-30T09:41:09","modified_gmt":"2025-11-30T09:41:09","slug":"krychowiak-nie-wahal-sie-gdy-dostal-pytanie-o-prezydenta","status":"publish","type":"post","link":"https:\/\/www.europesays.com\/pl\/125432\/","title":{"rendered":"Krychowiak nie waha\u0142 si\u0119, gdy dosta\u0142 pytanie o prezydenta"},"content":{"rendered":"\n<p class=\"contentpart contentpart--default contentpart--text\" data-position=\"0\"><a href=\"https:\/\/sportowefakty.wp.pl\/pilka-nozna\/grzegorz-krychowiak\" rel=\"nofollow noopener\" target=\"_blank\">Grzegorz Krychowiak<\/a>\u00a0w ostatnich latach by\u0142 jednym z najlepszych polskich pi\u0142karzy. W reprezentacji wyst\u0105pi\u0142 w stu meczach, w kt\u00f3rych strzeli\u0142 pi\u0119\u0107 goli. Gra\u0142 m.in. dla Sevilli czy Paris Saint-Germain.<\/p>\n<p class=\"contentpart contentpart--default contentpart--text\" data-position=\"1\">Obchodz\u0105cy w styczniu 36. urodziny Krychowiak zako\u0144czy\u0142 ju\u017c profesjonaln\u0105 karier\u0119 i ma teraz wi\u0119cej czasu na realizacje swoich pasji i &#8222;normalne \u017cycie&#8221;. A jedn\u0105 z najwi\u0119kszych pasji pi\u0142karza jest moda.<\/p>\n<p> <img role=\"presentation\" src=\"https:\/\/std.wpcdn.pl\/images\/adv\/placeholder_wp.svg\" loading=\"lazy\" alt=\"\" decoding=\"async\"\/>  <\/p>\n<p class=\"contentpart contentpart--default contentpart--text\" data-position=\"2\">ZOBACZ WIDEO: &#8222;Spr\u00f3bujcie go powstrzyma\u0107&#8221;. Z pi\u0142k\u0105 wyczynia cuda<\/p>\n<p class=\"contentpart contentpart--default contentpart--text\" data-position=\"4\">Krychowiak znany jest z wyj\u0105tkowych stylizacji. Cz\u0119sto na zgrupowania reprezentacji Polski przyje\u017cd\u017ca\u0142 w kreacjach, kt\u00f3re wywo\u0142ywa\u0142y wiele reakcji i komentarzy. W rozmowie z &#8222;Twoim Stylem&#8221; dosta\u0142 pytanie o to, czy uszy\u0142by garnitur prezydentowi <a href=\"https:\/\/sportowefakty.wp.pl\/sportowybar\/karol-nawrocki\" rel=\"nofollow noopener\" target=\"_blank\">Karolowi Nawrockiemu<\/a>.<\/p>\n<p class=\"contentpart contentpart--default contentpart--text\" data-position=\"5\">Odpowied\u017a by\u0142a jasna i zdecydowana. &#8211; Oczywi\u015bcie &#8211; powiedzia\u0142 by\u0142y zawodnik pi\u0142karskiej reprezentacji Polski.<\/p>\n<p class=\"contentpart contentpart--default contentpart--text\" data-position=\"6\">&#8211; Ja zawsze wychodz\u0119 z za\u0142o\u017cenia, \u017ce ka\u017cdy m\u0119\u017cczyzna powinien mie\u0107 dobrze skrojony garnitur, bo to jest bardzo bezpieczne rozwi\u0105zanie na r\u00f3\u017cne okazje. Lepiej zbyt elegancko wygl\u0105da\u0107 ni\u017c na odwr\u00f3t, bo b\u0119dziemy si\u0119 bardzo \u017ale czu\u0107 &#8211; doda\u0142 Krychowiak.<\/p>\n","protected":false},"excerpt":{"rendered":"Grzegorz Krychowiak\u00a0w ostatnich latach by\u0142 jednym z najlepszych polskich pi\u0142karzy. W reprezentacji wyst\u0105pi\u0142 w stu meczach, w kt\u00f3rych&hellip;\n","protected":false},"author":2,"featured_media":125433,"comment_status":"","ping_status":"","sticky":false,"template":"","format":"standard","meta":{"footnotes":""},"categories":[24],"tags":[10225,690,269,42,38,40,39,41,127,268,126],"class_list":{"0":"post-125432","1":"post","2":"type-post","3":"status-publish","4":"format-standard","5":"has-post-thumbnail","7":"category-sport","8":"tag-grzegorz-krychowiak","9":"tag-karol-nawrocki","10":"tag-pilka-nozna","11":"tag-pl","12":"tag-poland","13":"tag-polish","14":"tag-polska","15":"tag-polski","16":"tag-sport","17":"tag-sportowybar","18":"tag-sports"},"share_on_mastodon":{"url":"https:\/\/pubeurope.com\/@pl\/115637995887153785","error":""},"_links":{"self":[{"href":"https:\/\/www.europesays.com\/pl\/wp-json\/wp\/v2\/posts\/125432","targetHints":{"allow":["GET"]}}],"collection":[{"href":"https:\/\/www.europesays.com\/pl\/wp-json\/wp\/v2\/posts"}],"about":[{"href":"https:\/\/www.europesays.com\/pl\/wp-json\/wp\/v2\/types\/post"}],"author":[{"embeddable":true,"href":"https:\/\/www.europesays.com\/pl\/wp-json\/wp\/v2\/users\/2"}],"replies":[{"embeddable":true,"href":"https:\/\/www.europesays.com\/pl\/wp-json\/wp\/v2\/comments?post=125432"}],"version-history":[{"count":0,"href":"https:\/\/www.europesays.com\/pl\/wp-json\/wp\/v2\/posts\/125432\/revisions"}],"wp:featuredmedia":[{"embeddable":true,"href":"https:\/\/www.europesays.com\/pl\/wp-json\/wp\/v2\/media\/125433"}],"wp:attachment":[{"href":"https:\/\/www.europesays.com\/pl\/wp-json\/wp\/v2\/media?parent=125432"}],"wp:term":[{"taxonomy":"category","embeddable":true,"href":"https:\/\/www.europesays.com\/pl\/wp-json\/wp\/v2\/categories?post=125432"},{"taxonomy":"post_tag","embeddable":true,"href":"https:\/\/www.europesays.com\/pl\/wp-json\/wp\/v2\/tags?post=125432"}],"curies":[{"name":"wp","href":"https:\/\/api.w.org\/{rel}","templated":true}]}}