{"id":125434,"date":"2025-11-30T09:43:12","date_gmt":"2025-11-30T09:43:12","guid":{"rendered":"https:\/\/www.europesays.com\/pl\/125434\/"},"modified":"2025-11-30T09:43:12","modified_gmt":"2025-11-30T09:43:12","slug":"szalony-plan-cd-projektu-nowa-wiedzminska-trylogia-skonczona-w-szesc-lat-przeglad-sportowy-onet","status":"publish","type":"post","link":"https:\/\/www.europesays.com\/pl\/125434\/","title":{"rendered":"Szalony plan CD Projektu. Nowa wied\u017ami\u0144ska trylogia sko\u0144czona w sze\u015b\u0107 lat &#8211; Przegl\u0105d Sportowy Onet"},"content":{"rendered":"<ol>\n<li><a href=\"https:\/\/news.google.com\/rss\/articles\/CBMixwFBVV95cUxNWkFVT3RPWjF4b0ZwNUNFRFRTSzBsUDIxNXZTM29mTDlwWVFORWJwMGZ1dFZQYkhMc2xoX3BMN25ReUdRWDVoZlppQkVqX2s1REoybzdKYThuRllLYXluTWRyMWt4dW9hNVNZTEc3cXpFVTRnYjJHb2dxZjBCVWtBdUxpel9UWGJZYXNmUl9NT0VCUFdQWmpucWFwVW5GR2xpRmtZdUJURWg1YkxYRlVhemFZRGlvM2RJLVc1SldmbHhjSnJ4TWZz?oc=5\" target=\"_blank\" rel=\"nofollow noopener\">Szalony plan CD Projektu. Nowa wied\u017ami\u0144ska trylogia sko\u0144czona w sze\u015b\u0107 lat<\/a>&nbsp;&nbsp;Przegl\u0105d Sportowy Onet<\/li>\n<li><a href=\"https:\/\/news.google.com\/rss\/articles\/CBMirAFBVV95cUxONVBWd2tNdmV1V2Rjb0Y1eTlGdWNwY0NPNjFuanJJeUd5SDFCYmRvYURBRHo4UWtTS1RRM3VpY0t1azFnZS1BZnFXQ1pPNzcyMnRORmVnWmplOXRlR3JROGFzb0pTRS1zXzVoQUtUaW1mbmlTb1lZcVNoenVKa0hTRnpnVzBEWlFJQjJWT2U1aWFTaXVYQVhPTEVWeFBLeTVvRnJiYjI3MDFCZWx6?oc=5\" target=\"_blank\" rel=\"nofollow noopener\">CD Projekt ucina spekulacje: Wied\u017amina 4 nie zobaczymy na du\u017cym wydarzeniu<\/a>&nbsp;&nbsp;Gry Interia<\/li>\n<li><a href=\"https:\/\/news.google.com\/rss\/articles\/CBMiswFBVV95cUxOYzNZNG5zODQ5NjQxcHJmNHdTVGJ2VThoNHNScTlnNGs1MDFEYVM2SDlJUTB1bkRxVmhUVHVpbndnUExoSEp3NmhoNWxaelhNdnRHd1BOQkE4OFNwcEpFT2NXalVYUEsyWFBpN3pHczFhYnVnQjhEVGxzLXJKMzF0T3VVTmNSb2Uwd0lZaU5JQTJuY1Q2YU5JZ1NWejh2QVNJODNZazUxZEdNN0VyQWd1UkRkTQ?oc=5\" target=\"_blank\" rel=\"nofollow noopener\">Wied\u017amin 4 najwcze\u015bniej w 2027 roku. Kiedy mo\u017ce odby\u0107 si\u0119 premiera Wied\u017amina 6?<\/a>&nbsp;&nbsp;PPE.pl<\/li>\n<li><a href=\"https:\/\/news.google.com\/rss\/articles\/CBMikwFBVV95cUxQX1Z5TXdYaEVLMWF5WjBpOHNXUlVOZFV3Y1JmUXRYY0ZhNjYzMi1IWU5EQlp1Mk5xaE5wZndCbEh0NTJMYmJuTWdlUkNTekVsbFd6VjlJbjNXV0gwY1JMY3JNM2ZjMzlCV0dsd3pYY25ycjA1ZnhfQmJSZ2RzOVJPdUh2WTR0YzZlQmF1UmdGbFZ6TE0?oc=5\" target=\"_blank\" rel=\"nofollow noopener\">Kiedy nowy zwiastun gry Wied\u017amin 4? Zawiod\u0142am si\u0119 t\u0105 odpowiedzi\u0105<\/a>&nbsp;&nbsp;naTemat.pl<\/li>\n<li><a href=\"https:\/\/news.google.com\/rss\/articles\/CBMirwFBVV95cUxNLXZXQ2ZRazhsTC1QaUdZUzJzNU1lQi1Fd1ZfRU03ZERORjJsYmplb1pTLW1DRHBZQ1Vwbzg1R3FwSGZXZ05ZcWNvUzR3U1lJeFVFVzBLcmRienhhSHV4MTFCZlZKUXNXRlhWTDYxTWx4RDdRNGprUndjdkJ1aVRtbDJRbVdaTDFIejJ0R3o2UWNQdWpMZDdLWENBeUp4Q2VVQ3NVLUZnZ0lCek93czJF?oc=5\" target=\"_blank\" rel=\"nofollow noopener\">Trzy Wied\u017aminy w 6 lat. CD Projekt trzyma si\u0119 ambitnego planu i t\u0142umaczy, jak go spe\u0142ni<\/a>&nbsp;&nbsp;Eurogamer.pl<\/li>\n<\/ol>\n","protected":false},"excerpt":{"rendered":"Szalony plan CD Projektu. Nowa wied\u017ami\u0144ska trylogia sko\u0144czona w sze\u015b\u0107 lat&nbsp;&nbsp;Przegl\u0105d Sportowy Onet CD Projekt ucina spekulacje: Wied\u017amina&hellip;\n","protected":false},"author":2,"featured_media":125435,"comment_status":"","ping_status":"","sticky":false,"template":"","format":"standard","meta":{"footnotes":""},"categories":[20],"tags":[8327,26716,654,120,118,119,42,38,40,39,41,136,128,116,114,115,47,655,121,117,26717,2411,26715],"class_list":{"0":"post-125434","1":"post","2":"type-post","3":"status-publish","4":"format-standard","5":"has-post-thumbnail","7":"category-nauka-i-technika","8":"tag-cd_projekt_red","9":"tag-cyberpunk_2077","10":"tag-gaming","11":"tag-nauka","12":"tag-nauka-i-technika","13":"tag-naukatechnika","14":"tag-pl","15":"tag-poland","16":"tag-polish","17":"tag-polska","18":"tag-polski","19":"tag-ps_detal_new","20":"tag-psv2","21":"tag-science","22":"tag-science-and-technology","23":"tag-sciencetechnology","24":"tag-screening_general","25":"tag-styl_zycia_lifestyle_","26":"tag-technika","27":"tag-technology","28":"tag-trylogia","29":"tag-wiedzmin","30":"tag-wiedzmin_4"},"share_on_mastodon":{"url":"https:\/\/pubeurope.com\/@pl\/115638003676983783","error":""},"_links":{"self":[{"href":"https:\/\/www.europesays.com\/pl\/wp-json\/wp\/v2\/posts\/125434","targetHints":{"allow":["GET"]}}],"collection":[{"href":"https:\/\/www.europesays.com\/pl\/wp-json\/wp\/v2\/posts"}],"about":[{"href":"https:\/\/www.europesays.com\/pl\/wp-json\/wp\/v2\/types\/post"}],"author":[{"embeddable":true,"href":"https:\/\/www.europesays.com\/pl\/wp-json\/wp\/v2\/users\/2"}],"replies":[{"embeddable":true,"href":"https:\/\/www.europesays.com\/pl\/wp-json\/wp\/v2\/comments?post=125434"}],"version-history":[{"count":0,"href":"https:\/\/www.europesays.com\/pl\/wp-json\/wp\/v2\/posts\/125434\/revisions"}],"wp:featuredmedia":[{"embeddable":true,"href":"https:\/\/www.europesays.com\/pl\/wp-json\/wp\/v2\/media\/125435"}],"wp:attachment":[{"href":"https:\/\/www.europesays.com\/pl\/wp-json\/wp\/v2\/media?parent=125434"}],"wp:term":[{"taxonomy":"category","embeddable":true,"href":"https:\/\/www.europesays.com\/pl\/wp-json\/wp\/v2\/categories?post=125434"},{"taxonomy":"post_tag","embeddable":true,"href":"https:\/\/www.europesays.com\/pl\/wp-json\/wp\/v2\/tags?post=125434"}],"curies":[{"name":"wp","href":"https:\/\/api.w.org\/{rel}","templated":true}]}}