{"id":125473,"date":"2025-11-30T10:15:17","date_gmt":"2025-11-30T10:15:17","guid":{"rendered":"https:\/\/www.europesays.com\/pl\/125473\/"},"modified":"2025-11-30T10:15:17","modified_gmt":"2025-11-30T10:15:17","slug":"nawrocki-wstawil-wymowna-grafike-sejmowa-zamrazarka","status":"publish","type":"post","link":"https:\/\/www.europesays.com\/pl\/125473\/","title":{"rendered":"Nawrocki wstawi\u0142 wymown\u0105 grafik\u0119. &#8222;Sejmowa zamra\u017carka&#8221;"},"content":{"rendered":"\n<p>&#13;<br \/>\n&#8222;Z\u0142o\u017cone w\u00a0pierwszych dniach mojej prezydentury inicjatywy ustawodawcze pozostaj\u0105 w\u00a0sejmowej zamra\u017carce od\u00a0ponad stu dni. Licznik ro\u015bnie ka\u017cdego dnia, a\u00a0obywatele czekaj\u0105 na\u00a0lepsze prawo, ja te\u017c&#8221; \u2013\u00a0napisa\u0142 w\u00a0sobot\u0119 wieczorem platformie X prezydent Karol Nawrocki. &#13;\n<\/p>\n<p>&#13;<br \/>\nDo wpisu do\u0142\u0105czy\u0142 wymown\u0105 grafik\u0119 (tzw. GIF-a), na\u00a0kt\u00f3rym wida\u0107, jak ci\u0119\u017cko wzdycha podczas spotkania z\u00a0przedstawicielami rz\u0105du na\u00a0Radzie Gabinetowej. &#13;\n<\/p>\n<p>&#13;<br \/>\ntwitter&#13;\n<\/p>\n<p>Prezydent przeciwko sejmowej &#8222;zamra\u017carce&#8221;<\/p>\n<p>&#13;<br \/>\nW komunikacie opublikowanym w\u00a0pi\u0105tek na\u00a0stronie Kancelarii Prezydenta przypomniano, \u017ce\u00a0w\u00a0swoim or\u0119dziu inauguracyjnym prezydent Karol Nawrocki zapowiedzia\u0142 budow\u0119 Polski suwerennej, bezpiecznej, praworz\u0105dnej i\u00a0normalnej, Polski dobrobytu oraz\u00a0odwa\u017cnych, wielkich inwestycji. T\u0119 wizj\u0119 \u2013\u00a0jak podkre\u015blono \u2013\u00a0g\u0142owa pa\u0144stwa realizuje ka\u017cdego dnia, mi\u0119dzy innymi poprzez kierowanie do\u00a0Sejmu <a href=\"https:\/\/dorzeczy.pl\/kraj\/812808\/prezydent-apeluje-do-czarzastego-licznik-rosnie-kazdego-dnia.html\" rel=\"nofollow noopener\" target=\"_blank\">inicjatyw ustawodawczych<\/a>. &#13;\n<\/p>\n<p>&#13;<br \/>\n&#8222;W\u00a0projektach przygotowanych w\u00a0Kancelarii Prezydenta znajduj\u0105 si\u0119 regulacje przyspieszaj\u0105ce rozw\u00f3j pa\u0144stwa, wzmacniaj\u0105ce rodzin\u0119, chroni\u0105ce polskie rolnictwo oraz\u00a0wspieraj\u0105ce ratowanie s\u0142u\u017cby zdrowia. Sk\u0142adane inicjatywy s\u0105 cz\u0119sto odpowiedzi\u0105 na\u00a0problemy, wobec kt\u00f3rych rz\u0105d nie\u00a0potrafi zaproponowa\u0107 rozwi\u0105za\u0144. To\u00a0tak\u017ce konsekwentna realizacja zobowi\u0105za\u0144 podj\u0119tych wobec obywateli w\u00a0trakcie kampanii wyborczej, programu popartego przez dziesi\u0119\u0107 milion\u00f3w sze\u015b\u0107set tysi\u0119cy Polek i\u00a0Polak\u00f3w&#8221; \u2013\u00a0czytamy. &#13;\n<\/p>\n<p>&#13;<br \/>\nDalej Kancelaria Prezydenta stwierdzi\u0142a, \u017ce\u00a0obecny ob\u00f3z rz\u0105dz\u0105cy nie\u00a0tylko nie\u00a0realizuje w\u0142asnych obietnic, ale\u00a0tak\u017ce utrudnia wprowadzenie potrzebnych zmian zaproponowanych przez Nawrockiego. W\u00a0komunikacie przypomniano tak\u017ce zapowied\u017a nowego marsza\u0142ka Sejmu W\u0142odzimierza Czarzastego z\u00a0jego pierwszego or\u0119dzia. Chodzi o\u00a0s\u0142owa dotycz\u0105ce stosowania <a href=\"https:\/\/dorzeczy.pl\/kraj\/810642\/weto-marszalkowskie-wlodzimierz-czarzasty-rozpowiada-to-wspolpracownikom.html\" rel=\"nofollow noopener\" target=\"_blank\">&#8222;marsza\u0142kowskiego weta&#8221;<\/a>. &#8222;Zapowied\u017a obstrukcji wobec prezydenckich inicjatyw przedstawi\u0142 sam Marsza\u0142ek Sejmu, cho\u0107 jego zadaniem jest takie prowadzenie prac izby ni\u017cszej, aby\u00a0wszystkie wp\u0142ywaj\u0105ce projekty \u2013\u00a0zar\u00f3wno prezydenckie, jak i\u00a0obywatelskie \u2013\u00a0mo\u017cliwie szybko trafia\u0142y pod\u00a0obrady i\u00a0do prac w\u00a0komisjach. Rz\u0105dz\u0105cy krytykuj\u0105 stosowanie weta przez Prezydenta, podczas gdy jednocze\u015bnie w\u0142asnym \u00bbwetem\u00ab obj\u0119li sto procent jego projekt\u00f3w&#8221; \u2013\u00a0podkre\u015blono. &#13;\n<\/p>\n<p>&#13;<br \/>\nW\u015br\u00f3d wymienionych propozycji prezydenckich, kt\u00f3re utkn\u0119\u0142y w\u00a0sejmowej &#8222;zamra\u017carce&#8221; znalaz\u0142y si\u0119 takie projekty ustaw, jak: &#8222;Tak dla\u00a0PCK&#8221;, mro\u017cenie cen energii, tzw. ustawa ukrai\u0144ska, &#8222;stop banderyzmowi&#8221;, &#8222;Godna Emerytura&#8221; oraz\u00a0&#8222;Tani pr\u0105d&#8221;. &#13;\n<\/p>\n<p>&#13;<br \/>\nCzytaj te\u017c:<br \/><a href=\"https:\/\/dorzeczy.pl\/opinie\/812241\/siwiec-o-relacjach-z-nawrockim-za-trzecim-razem-oddamy.html\" rel=\"follow nofollow noopener\" data-schema=\"DORZECZY\" data-image=\"https:\/\/img.dorzeczy.pl\/_thumb\/7c\/a9\/60b289d55895fea7648003125aba.jpeg\" target=\"_blank\">&#8222;Za trzecim razem oddamy&#8221;. Siwiec o\u00a0relacjach z\u00a0Pa\u0142acem Prezydenckim<\/a>Czytaj te\u017c:<br \/><a href=\"https:\/\/dorzeczy.pl\/kraj\/812952\/zaskakujacy-sondaz-nawrocki-wygra-kolejne-wybory-prezydenckie.html\" rel=\"follow nofollow noopener\" data-schema=\"DORZECZY\" data-image=\"https:\/\/img.dorzeczy.pl\/_thumb\/22\/18\/5e3c49367eb1a027d59eb424c028.jpeg\" target=\"_blank\">Zaskakuj\u0105cy sonda\u017c. Nawrocki wygra kolejne wybory prezydenckie?<\/a>&#13;<\/p>\n","protected":false},"excerpt":{"rendered":"&#13; &#8222;Z\u0142o\u017cone w\u00a0pierwszych dniach mojej prezydentury inicjatywy ustawodawcze pozostaj\u0105 w\u00a0sejmowej zamra\u017carce od\u00a0ponad stu dni. Licznik ro\u015bnie ka\u017cdego dnia,&hellip;\n","protected":false},"author":2,"featured_media":125474,"comment_status":"","ping_status":"","sticky":false,"template":"","format":"standard","meta":{"footnotes":""},"categories":[5],"tags":[32,33,6093,662,98,36,37,27,26724,49,34,35,28,31,1315,25,103,42,38,40,39,41,1005,423,26723,29,30,26],"class_list":{"0":"post-125473","1":"post","2":"type-post","3":"status-publish","4":"format-standard","5":"has-post-thumbnail","7":"category-naglowki","8":"tag-breaking-news","9":"tag-breakingnews","10":"tag-czarzasty","11":"tag-dawid-sienkowski","12":"tag-dorzeczy","13":"tag-featured-news","14":"tag-featurednews","15":"tag-headlines","16":"tag-inicjatywy-ustawodawcze","17":"tag-kraj","18":"tag-latest-news","19":"tag-latestnews","20":"tag-naglowki","21":"tag-najwazniejsze-artykuly","22":"tag-nawrocki","23":"tag-news","24":"tag-obserwator-mediow","25":"tag-pl","26":"tag-poland","27":"tag-polish","28":"tag-polska","29":"tag-polski","30":"tag-prezydent","31":"tag-sejm","32":"tag-sejmowa-zamrazarka","33":"tag-top-stories","34":"tag-topstories","35":"tag-wiadomosci"},"share_on_mastodon":{"url":"https:\/\/pubeurope.com\/@pl\/115638129556375050","error":""},"_links":{"self":[{"href":"https:\/\/www.europesays.com\/pl\/wp-json\/wp\/v2\/posts\/125473","targetHints":{"allow":["GET"]}}],"collection":[{"href":"https:\/\/www.europesays.com\/pl\/wp-json\/wp\/v2\/posts"}],"about":[{"href":"https:\/\/www.europesays.com\/pl\/wp-json\/wp\/v2\/types\/post"}],"author":[{"embeddable":true,"href":"https:\/\/www.europesays.com\/pl\/wp-json\/wp\/v2\/users\/2"}],"replies":[{"embeddable":true,"href":"https:\/\/www.europesays.com\/pl\/wp-json\/wp\/v2\/comments?post=125473"}],"version-history":[{"count":0,"href":"https:\/\/www.europesays.com\/pl\/wp-json\/wp\/v2\/posts\/125473\/revisions"}],"wp:featuredmedia":[{"embeddable":true,"href":"https:\/\/www.europesays.com\/pl\/wp-json\/wp\/v2\/media\/125474"}],"wp:attachment":[{"href":"https:\/\/www.europesays.com\/pl\/wp-json\/wp\/v2\/media?parent=125473"}],"wp:term":[{"taxonomy":"category","embeddable":true,"href":"https:\/\/www.europesays.com\/pl\/wp-json\/wp\/v2\/categories?post=125473"},{"taxonomy":"post_tag","embeddable":true,"href":"https:\/\/www.europesays.com\/pl\/wp-json\/wp\/v2\/tags?post=125473"}],"curies":[{"name":"wp","href":"https:\/\/api.w.org\/{rel}","templated":true}]}}