{"id":125492,"date":"2025-11-30T10:29:12","date_gmt":"2025-11-30T10:29:12","guid":{"rendered":"https:\/\/www.europesays.com\/pl\/125492\/"},"modified":"2025-11-30T10:29:12","modified_gmt":"2025-11-30T10:29:12","slug":"afera-korupcyjna-na-ukrainie-byly-premier-apeluje-do-rzadu","status":"publish","type":"post","link":"https:\/\/www.europesays.com\/pl\/125492\/","title":{"rendered":"Afera korupcyjna na Ukrainie. By\u0142y premier apeluje do rz\u0105du"},"content":{"rendered":"\n<p>&#13;<br \/>\nNie cichn\u0105 echa wielkiej afery korupcyjnej w\u00a0sektorze energetycznym, kt\u00f3ra wstrz\u0105sn\u0119\u0142a politycznie Ukrain\u0105. By\u0142a ona tematem sobotniego programu &#8222;Prezydenci i\u00a0premierzy&#8221; na\u00a0antenie Polsat News, w\u00a0kt\u00f3rym go\u015bci\u0142 m.in. Leszek Miller. &#13;\n<\/p>\n<p>Miller: Nie\u00a0chc\u0119 bra\u0107 odpowiedzialno\u015bci za\u00a0kolejne afery na\u00a0Ukrainie<\/p>\n<p>&#13;<br \/>\nBy\u0142y premier wyrazi\u0142 pogl\u0105d, \u017ce\u00a0afera ta\u00a0b\u0119dzie mia\u0142a &#8222;ogromny wp\u0142yw na\u00a0zako\u0144czenie negocjacji i\u00a0ewentualny rozejm&#8221;. \u2013\u00a0Na\u00a0zapleczu czai si\u0119 kolejna afera dotycz\u0105ca ukrai\u0144skiego ministerstwa obrony narodowej. Ka\u017cda taka wiadomo\u015b\u0107 bardzo os\u0142abia pozycj\u0119 Ukrainy i\u00a0ch\u0119\u0107 kraj\u00f3w europejskich do\u00a0pomocy \u2013\u00a0oceni\u0142. &#13;\n<\/p>\n<p>&#13;<br \/>\nPolityk podkre\u015bli\u0142, \u017ce\u00a0on jako Polak nie\u00a0chce bra\u0107 odpowiedzialno\u015bci \u2013\u00a0i\u00a0nie czuje si\u0119 wsp\u00f3\u0142odpowiedzialny \u2013\u00a0za\u00a0kolejne afery, kt\u00f3re wybuchaj\u0105 na\u00a0Ukrainie. Tu zwr\u00f3ci\u0142 si\u0119 z\u00a0apelem do\u00a0rz\u0105dz\u0105cych naszym krajem. &#13;\n<\/p>\n<p>&#13;<br \/>\n\u2013 [&#8230;] chcia\u0142bym, \u017ceby polski rz\u0105d bardzo wnikliwie przygl\u0105da\u0142 si\u0119, jak pomoc p\u0142yn\u0105ca z\u00a0Polski jest tam wykorzystywana, bo\u00a0nie chcia\u0142bym by\u0107 obywatelem kraju, kt\u00f3ry nie\u00a0jest w\u00a0stanie tego sprawdzi\u0107 i\u00a0powiedzie\u0107, gdzie ci\u0119\u017cko zarobione przez nas \u015brodki w\u0119druj\u0105 \u2013\u00a0do\u00a0jakich kieszeni \u2013\u00a0powiedzia\u0142 by\u0142y premier. &#13;\n<\/p>\n<p>Polityczne trz\u0119sienie ziemi na\u00a0Ukrainie. Kolejne osoby odchodz\u0105 po\u00a0aferze korupcyjnej<\/p>\n<p>&#13;<br \/>\nPrzypomnijmy, \u017ce\u00a0w\u00a0mijaj\u0105cym tygodniu Narodowe Biuro Antykorupcyjne Ukrainy (NABU) i\u00a0Specjalna Prokuratura Antykorupcyjna (SAP) przeprowadzi\u0142y przeszukanie w\u00a0mieszkaniu Andrija Jermaka, szefa biura prezydenta Ukrainy. Jermak potwierdzi\u0142 akcj\u0119 s\u0142u\u017cb i\u00a0zadeklarowa\u0142 pe\u0142n\u0105 wsp\u00f3\u0142prac\u0119. Wkr\u00f3tce potem prezydent Wo\u0142odymyr Ze\u0142enski og\u0142osi\u0142, \u017ce\u00a0Jermak poda\u0142 si\u0119 do\u00a0dymisji. To\u00a0kolejna ju\u017c osoba z\u00a0ukrai\u0144skiego obozu rz\u0105dz\u0105cego, kt\u00f3ra straci\u0142a stanowisko w\u00a0zwi\u0105zku z\u00a0t\u0105 afer\u0105. Wcze\u015bniej do\u00a0dymisji podali si\u0119 minister energetyki Swit\u0142ana Hrynczuk oraz\u00a0minister sprawiedliwo\u015bci Herman Ha\u0142uszczenko, kt\u00f3ry wed\u0142ug opozycji by\u0142 zaanga\u017cowany w\u00a0bliskie relacje osobiste z\u00a0Hrynczuk. &#13;\n<\/p>\n<p>&#13;<br \/>\nWed\u0142ug ustale\u0144 \u015bledczych uczestnicy procederu pobierali od\u00a0kontrahent\u00f3w Enerhoatomu \u0142ap\u00f3wki w\u00a0wysoko\u015bci od\u00a010 do\u00a015 proc. warto\u015bci kontrakt\u00f3w. Nielegalne \u015brodki mia\u0142y by\u0107 legalizowane przez tzw. back office w\u00a0centrum Kijowa, przez kt\u00f3ry przesz\u0142o oko\u0142o 100 mln dolar\u00f3w. &#13;\n<\/p>\n<p>&#13;<br \/>\nCzytaj te\u017c:<br \/><a href=\"https:\/\/dorzeczy.pl\/kraj\/812880\/dosc-finansowania-przezartej-korupcja-ukrainy-mocny-apel-europoslanki.html\" rel=\"follow nofollow noopener\" data-schema=\"DORZECZY\" data-image=\"https:\/\/img.dorzeczy.pl\/_thumb\/e7\/c5\/273080315d3cd5c15e1341fbf946.jpeg\" target=\"_blank\">&#8222;Do\u015b\u0107 finansowania prze\u017cartej korupcj\u0105 Ukrainy&#8221;. Mocny apel europos\u0142anki<\/a>Czytaj te\u017c:<br \/><a href=\"https:\/\/dorzeczy.pl\/swiat\/812898\/andrij-jermak-przerywa-milczenie-przekazal-zaskakujaca-informacje.html\" rel=\"follow nofollow noopener\" data-schema=\"DORZECZY\" data-image=\"https:\/\/img.dorzeczy.pl\/_thumb\/63\/ab\/8834f212c85f7ed4bf8acc98da99.jpeg\" target=\"_blank\">Dymisja w\u00a0atmosferze skandalu. By\u0142y wsp\u00f3\u0142pracownik Ze\u0142enskiego przerywa milczenie<\/a>Czytaj te\u017c:<br \/><a href=\"https:\/\/dorzeczy.pl\/swiat\/812973\/unia-europejska-rozwaza-ataki-hybrydowe-przeciwko-rosji.html\" rel=\"follow nofollow noopener\" data-schema=\"DORZECZY\" data-image=\"https:\/\/img.dorzeczy.pl\/_thumb\/41\/8a\/41216dd15f20eb686d16b1c2e13c.jpeg\" target=\"_blank\">Bruksela rozwa\u017ca odwet na\u00a0Rosji. W\u00a0gr\u0119 wchodz\u0105 ataki hybrydowe<\/a>&#13;<\/p>\n","protected":false},"excerpt":{"rendered":"&#13; Nie cichn\u0105 echa wielkiej afery korupcyjnej w\u00a0sektorze energetycznym, kt\u00f3ra wstrz\u0105sn\u0119\u0142a politycznie Ukrain\u0105. By\u0142a ona tematem sobotniego programu&hellip;\n","protected":false},"author":2,"featured_media":125493,"comment_status":"","ping_status":"","sticky":false,"template":"","format":"standard","meta":{"footnotes":""},"categories":[5],"tags":[333,32,33,98,36,37,27,23188,49,34,35,16435,28,31,25,103,102,42,38,40,39,41,29,30,415,26],"class_list":{"0":"post-125492","1":"post","2":"type-post","3":"status-publish","4":"format-standard","5":"has-post-thumbnail","7":"category-naglowki","8":"tag-anna-skalska","9":"tag-breaking-news","10":"tag-breakingnews","11":"tag-dorzeczy","12":"tag-featured-news","13":"tag-featurednews","14":"tag-headlines","15":"tag-korupcja-na-ukrainie","16":"tag-kraj","17":"tag-latest-news","18":"tag-latestnews","19":"tag-leszek-miller","20":"tag-naglowki","21":"tag-najwazniejsze-artykuly","22":"tag-news","23":"tag-obserwator-mediow","24":"tag-opinie","25":"tag-pl","26":"tag-poland","27":"tag-polish","28":"tag-polska","29":"tag-polski","30":"tag-top-stories","31":"tag-topstories","32":"tag-ukraina","33":"tag-wiadomosci"},"share_on_mastodon":{"url":"https:\/\/pubeurope.com\/@pl\/115638184511736150","error":""},"_links":{"self":[{"href":"https:\/\/www.europesays.com\/pl\/wp-json\/wp\/v2\/posts\/125492","targetHints":{"allow":["GET"]}}],"collection":[{"href":"https:\/\/www.europesays.com\/pl\/wp-json\/wp\/v2\/posts"}],"about":[{"href":"https:\/\/www.europesays.com\/pl\/wp-json\/wp\/v2\/types\/post"}],"author":[{"embeddable":true,"href":"https:\/\/www.europesays.com\/pl\/wp-json\/wp\/v2\/users\/2"}],"replies":[{"embeddable":true,"href":"https:\/\/www.europesays.com\/pl\/wp-json\/wp\/v2\/comments?post=125492"}],"version-history":[{"count":0,"href":"https:\/\/www.europesays.com\/pl\/wp-json\/wp\/v2\/posts\/125492\/revisions"}],"wp:featuredmedia":[{"embeddable":true,"href":"https:\/\/www.europesays.com\/pl\/wp-json\/wp\/v2\/media\/125493"}],"wp:attachment":[{"href":"https:\/\/www.europesays.com\/pl\/wp-json\/wp\/v2\/media?parent=125492"}],"wp:term":[{"taxonomy":"category","embeddable":true,"href":"https:\/\/www.europesays.com\/pl\/wp-json\/wp\/v2\/categories?post=125492"},{"taxonomy":"post_tag","embeddable":true,"href":"https:\/\/www.europesays.com\/pl\/wp-json\/wp\/v2\/tags?post=125492"}],"curies":[{"name":"wp","href":"https:\/\/api.w.org\/{rel}","templated":true}]}}