{"id":125506,"date":"2025-11-30T10:37:08","date_gmt":"2025-11-30T10:37:08","guid":{"rendered":"https:\/\/www.europesays.com\/pl\/125506\/"},"modified":"2025-11-30T10:37:08","modified_gmt":"2025-11-30T10:37:08","slug":"tak-jan-urban-reaguje-na-glosne-wyznanie-marka-papszuna-przeglad-sportowy-onet","status":"publish","type":"post","link":"https:\/\/www.europesays.com\/pl\/125506\/","title":{"rendered":"Tak Jan Urban reaguje na g\u0142o\u015bne wyznanie Marka Papszuna &#8211; Przegl\u0105d Sportowy Onet"},"content":{"rendered":"<ol>\n<li><a href=\"https:\/\/news.google.com\/rss\/articles\/CBMivAFBVV95cUxQcjFwTFI5ai03Slp3d0g3V0VVV0dHX2xGYk95NUJSSHFCVkxEeFppTy1pQk02S0M1S2NJTlpFSVR2M29EZ3phVGo1ajFPeEJicnZZV0UzeWdZV0tySXNkNjZFOGM5M3RKY3UtRUhQYlh0a1FGM2g3WjBvM0ZlOHoxeHZ1UVF2YXVqUFpKbk1KTDVsRVBobEcwNXlFM1haSS1sRHhoQ3pERHdoTnAxeWplMVIwWjRoNUFjT3BRUg?oc=5\" target=\"_blank\" rel=\"nofollow noopener\">Tak Jan Urban reaguje na g\u0142o\u015bne wyznanie Marka Papszuna<\/a>&nbsp;&nbsp;Przegl\u0105d Sportowy Onet<\/li>\n<li><a href=\"https:\/\/news.google.com\/rss\/articles\/CBMi1wFBVV95cUxPTDdwUGZTejY2NWQ2X2Y2Z3FCX2tZNGR5QlBMcUtUWldpMWMtRzdVQjZoek5YOUc2UU9XMXhrbnRFRVBXcXZIRncwVU5lZjAzeS1BWTJoelJaVDlNTG1mOHR6QW1lSGxrTFRuUnZHSjh6STBuZTRRaWhBRW92QXlhbnJ1ZGtONXRZYXdKakhNWmthLVppRHNlZlBIYnZ3bGVjMTVUbmNPUk9fQU5MVjhLR3JQRVFJcnJ0Z2xIekFxUFVMWDRGQ0dyRWxxQldldEJJLV9QNUJnVQ?oc=5\" target=\"_blank\" rel=\"nofollow noopener\">Kibice Legii pewni: prze\u0142om w sprawie Marka Papszuna! Dostrzegli ten szczeg\u00f3\u0142<\/a>&nbsp;&nbsp;Przegl\u0105d Sportowy Onet<\/li>\n<li><a href=\"https:\/\/news.google.com\/rss\/articles\/CBMixgFBVV95cUxNUEI5SmR3VG1IR29YdGlNdUJ0Vl9NZHdKN25PMXpXN0pIZjdSaGJZcjhxZC1XcjdjMFoxOEZERFdoQnJsdlJ2cEx0YmRUbm1iNHRUVmxUMzNsQW5GY1Z5SWt4QXVkNzQ3WWd2LVIxRGs3Z001N0ZGdkpxRy1UYlhrZUhOWU5wS2JUSmJIZmlxblZrd2NTYXFNRkRaeXFpQ3ZVN1NTOF9RcjRPSUI3bU1CZFJONnhBUzhRSWtBZmljQ3lMa0R6LVE?oc=5\" target=\"_blank\" rel=\"nofollow noopener\">Wyciek\u0142a prawda nt. Papszuna. Pi\u0142karz wszystko ujawni\u0142. Tego mo\u017cna by\u0142o si\u0119 spodziewa\u0107<\/a>&nbsp;&nbsp;Sport w INTERIA.PL<\/li>\n<li><a href=\"https:\/\/news.google.com\/rss\/articles\/CBMi0AFBVV95cUxOV1V0azRPUFItS1BNM2pCM29nYzRqOURhbDFiUDdRZ19FUE5oQXdObVBmTDZIdE5VU25VbFVFOUhGbTBwYl82azBCNndHb0QtU2I1d0JJSmplVEhDamRDUGF3YWtqVnVPWVJlcG9BYURCM1o0ZHhRYlJmVndDV0tqeFNyRGc2VUJERUVkVGh0ZXNVelZBTXM1WkRSVllPQ29sdVBtX3gxZGlMVUVIQ2pqcUNNYm5CRXd0VDhZMTBLbWZvWGNzZUtvOEszbmdKZDFD?oc=5\" target=\"_blank\" rel=\"nofollow noopener\">Czego Marek Papszun \u201enie chcia\u0142 wynosi\u0107 na zewn\u0105trz\u201d? O to chodzi\u0142o trenerowi Rakowa Cz\u0119stochowa<\/a>&nbsp;&nbsp;Transfery.info<\/li>\n<li><a href=\"https:\/\/news.google.com\/rss\/articles\/CBMitAFBVV95cUxNbUhXbk9qMFhSMl83Q2RDV1BSdThWQ3VjTDA3T3c3djRRcnhQcmlMLXkyNXBXMGVKSlZBVnkyS0RGUWJhZ3U2NjU3bUZNLVJTcUxENm9ha0tObGdTY2VpRDhCS3AxUVN2T2o2TjhQbERRUEh2ZjFyZ2xNUlc5bll5eVBFTXRqUlFCM0I3aEdYckdxbGp4a0VZSjhMVFEySmVXSVc3QWthOXNpZEFad1ZBXy1sY2Y?oc=5\" target=\"_blank\" rel=\"nofollow noopener\">Marek Papszun i Legia Warszawa? Sztuczna inteligencja wskaza\u0142a zagro\u017cenia<\/a>&nbsp;&nbsp;Fakt<\/li>\n<\/ol>\n","protected":false},"excerpt":{"rendered":"Tak Jan Urban reaguje na g\u0142o\u015bne wyznanie Marka Papszuna&nbsp;&nbsp;Przegl\u0105d Sportowy Onet Kibice Legii pewni: prze\u0142om w sprawie Marka&hellip;\n","protected":false},"author":2,"featured_media":125507,"comment_status":"","ping_status":"","sticky":false,"template":"","format":"standard","meta":{"footnotes":""},"categories":[24],"tags":[274,67,5169,2563,194,2561,42,38,40,39,41,136,128,2562,47,127,135,126,130],"class_list":{"0":"post-125506","1":"post","2":"type-post","3":"status-publish","4":"format-standard","5":"has-post-thumbnail","7":"category-sport","8":"tag-ekstraklasa","9":"tag-intextvideo_splayer","10":"tag-jan_urban","11":"tag-legia_warszawa","12":"tag-maja","13":"tag-marek_papszun","14":"tag-pl","15":"tag-poland","16":"tag-polish","17":"tag-polska","18":"tag-polski","19":"tag-ps_detal_new","20":"tag-psv2","21":"tag-rakow_czestochowa","22":"tag-screening_general","23":"tag-sport","24":"tag-sport_sport","25":"tag-sports","26":"tag-wiadomosci_sportowe"},"share_on_mastodon":{"url":"","error":""},"_links":{"self":[{"href":"https:\/\/www.europesays.com\/pl\/wp-json\/wp\/v2\/posts\/125506","targetHints":{"allow":["GET"]}}],"collection":[{"href":"https:\/\/www.europesays.com\/pl\/wp-json\/wp\/v2\/posts"}],"about":[{"href":"https:\/\/www.europesays.com\/pl\/wp-json\/wp\/v2\/types\/post"}],"author":[{"embeddable":true,"href":"https:\/\/www.europesays.com\/pl\/wp-json\/wp\/v2\/users\/2"}],"replies":[{"embeddable":true,"href":"https:\/\/www.europesays.com\/pl\/wp-json\/wp\/v2\/comments?post=125506"}],"version-history":[{"count":0,"href":"https:\/\/www.europesays.com\/pl\/wp-json\/wp\/v2\/posts\/125506\/revisions"}],"wp:featuredmedia":[{"embeddable":true,"href":"https:\/\/www.europesays.com\/pl\/wp-json\/wp\/v2\/media\/125507"}],"wp:attachment":[{"href":"https:\/\/www.europesays.com\/pl\/wp-json\/wp\/v2\/media?parent=125506"}],"wp:term":[{"taxonomy":"category","embeddable":true,"href":"https:\/\/www.europesays.com\/pl\/wp-json\/wp\/v2\/categories?post=125506"},{"taxonomy":"post_tag","embeddable":true,"href":"https:\/\/www.europesays.com\/pl\/wp-json\/wp\/v2\/tags?post=125506"}],"curies":[{"name":"wp","href":"https:\/\/api.w.org\/{rel}","templated":true}]}}