{"id":125603,"date":"2025-11-30T11:52:08","date_gmt":"2025-11-30T11:52:08","guid":{"rendered":"https:\/\/www.europesays.com\/pl\/125603\/"},"modified":"2025-11-30T11:52:08","modified_gmt":"2025-11-30T11:52:08","slug":"mieli-pracowac-w-rosji-trafili-na-front-rekrutowala-ich-corka-prezydenta-rpa","status":"publish","type":"post","link":"https:\/\/www.europesays.com\/pl\/125603\/","title":{"rendered":"Mieli pracowa\u0107 w Rosji, trafili na front. Rekrutowa\u0142a ich c\u00f3rka prezydenta RPA"},"content":{"rendered":"<p>W listopadzie pojawi\u0142y si\u0119 doniesienia, \u017ce co najmniej 17 obywateli Republiki Po\u0142udniowej Afryki znalaz\u0142o si\u0119 na linii frontu w\u00a0Donbasie, walcz\u0105c po stronie rosyjskiej. &#8222;The Guardian&#8221; poinformowa\u0142, jakoby m\u0119\u017cczy\u017ani twierdzili, \u017ce zostali zwabieni do Rosji pod pretekstem szukania pracy.<\/p>\n<p>Jednym z\u00a0g\u0142\u00f3wnych podejrzanych w\u00a0tej sprawie jest Duduzile Zuma-Sambudla \u2014\u00a0c\u00f3rka by\u0142ego prezydenta RPA, Jacoba Zumy. Sprawa wysz\u0142a na jaw dzi\u0119ki zawiadomieniu wniesionemu przez jej przyrodni\u0105 siostr\u0119. Wed\u0142ug lokalnych medi\u00f3w Nkosazana Bonganini chcia\u0142a unikn\u0105\u0107 skandalu politycznego.<\/p>\n<p>Zwerbowani m\u0119\u017cczy\u017ani mieli zosta\u0107 celowo wprowadzeni w\u00a0b\u0142\u0105d \u2014\u00a0pocz\u0105tkowo wierzyli, \u017ce jad\u0105 do Rosji po atrakcyjne kontrakty zawodowe lub &#8222;legalne szkolenia ochroniarskie&#8221;, a\u00a0ostatecznie trafili na front wojny ukrai\u0144sko-rosyjskiej.<\/p>\n<p>Uchwyci\u0142 go\u00a0monitoring. Nagranie z\u00a0Rossmanna trafi\u0142o do\u00a0sieci <\/p>\n<p>Duduzile Zuma-Sambudla zaprzecza zarzutom, jakoby mia\u0142a uczestniczy\u0107 w\u00a0procederze. Twierdzi, \u017ce sama jest ofiar\u0105. W\u00a0z\u0142o\u017conym pod przysi\u0119g\u0105 o\u015bwiadczeniu, kt\u00f3re \u2014\u00a0jak czytamy na portalu IOL \u2014\u00a0trafi\u0142o na posterunek policji w\u00a0Sandton (cz\u0119\u015bci aglomeracji Johannesburga), napisa\u0142a, \u017ce zosta\u0142a &#8222;oszukana, wprowadzona w\u00a0b\u0142\u0105d i\u00a0zmanipulowana&#8221;.<\/p>\n<p>Jako osob\u0119, kt\u00f3ra z\u00a0ni\u0105 wsp\u00f3\u0142pracowa\u0142a, wskaza\u0142a m\u0119\u017cczyzn\u0119 o\u00a0imieniu Blessing Rhulani Khoza, kt\u00f3rego zna\u0142a tylko rozm\u00f3w w\u00a0internecie. Jego obietnica dotyczy\u0142a legalnego, cywilnego programu szkoleniowego w\u00a0Rosji. C\u00f3rka by\u0142ego prezydenta RPA z\u0142o\u017cy\u0142a rezygnacj\u0119 z\u00a0mandatu poselskiego, deklaruj\u0105c wsp\u00f3\u0142prac\u0119 z\u00a0organami \u015bcigania.<\/p>\n<p>Wojna w\u00a0Donbasie. Obie strony ze\u00a0sporymi stratami ludzkimi <\/p>\n<p>Zwerbowani m\u0119\u017cczy\u017ani trafili do Donbasu, wschodniego regionu Ukrainy obejmuj\u0105cego obwody doniecki i\u00a0\u0142uga\u0144ski, w\u00a0tym miasta Donieck, Mariupol i\u00a0Siewiersk, kt\u00f3re sta\u0142y si\u0119 g\u0142\u00f3wnymi punktami star\u0107 z\u00a0Rosj\u0105.<\/p>\n<p>Od pocz\u0105tku pe\u0142noskalowej inwazji Rosji w\u00a02022 roku region ten jest g\u0142\u00f3wnym frontem, z\u00a0intensywnymi walkami i\u00a0du\u017cymi stratami ludzkimi po obu stronach, w\u00a0tym tysi\u0105cami zabitych \u017co\u0142nierzy i\u00a0setkami ofiar w\u015br\u00f3d ludno\u015bci cywilnej.<\/p>\n","protected":false},"excerpt":{"rendered":"W listopadzie pojawi\u0142y si\u0119 doniesienia, \u017ce co najmniej 17 obywateli Republiki Po\u0142udniowej Afryki znalaz\u0142o si\u0119 na linii frontu&hellip;\n","protected":false},"author":2,"featured_media":125604,"comment_status":"","ping_status":"","sticky":false,"template":"","format":"standard","meta":{"footnotes":""},"categories":[14],"tags":[32,33,27,34,35,28,31,25,40,41,80,29,30,26,82,83,84],"class_list":{"0":"post-125603","1":"post","2":"type-post","3":"status-publish","4":"format-standard","5":"has-post-thumbnail","7":"category-swiat","8":"tag-breaking-news","9":"tag-breakingnews","10":"tag-headlines","11":"tag-latest-news","12":"tag-latestnews","13":"tag-naglowki","14":"tag-najwazniejsze-artykuly","15":"tag-news","16":"tag-polish","17":"tag-polski","18":"tag-swiat","19":"tag-top-stories","20":"tag-topstories","21":"tag-wiadomosci","22":"tag-world","23":"tag-world-news","24":"tag-worldnews"},"share_on_mastodon":{"url":"https:\/\/pubeurope.com\/@pl\/115638510783955886","error":""},"_links":{"self":[{"href":"https:\/\/www.europesays.com\/pl\/wp-json\/wp\/v2\/posts\/125603","targetHints":{"allow":["GET"]}}],"collection":[{"href":"https:\/\/www.europesays.com\/pl\/wp-json\/wp\/v2\/posts"}],"about":[{"href":"https:\/\/www.europesays.com\/pl\/wp-json\/wp\/v2\/types\/post"}],"author":[{"embeddable":true,"href":"https:\/\/www.europesays.com\/pl\/wp-json\/wp\/v2\/users\/2"}],"replies":[{"embeddable":true,"href":"https:\/\/www.europesays.com\/pl\/wp-json\/wp\/v2\/comments?post=125603"}],"version-history":[{"count":0,"href":"https:\/\/www.europesays.com\/pl\/wp-json\/wp\/v2\/posts\/125603\/revisions"}],"wp:featuredmedia":[{"embeddable":true,"href":"https:\/\/www.europesays.com\/pl\/wp-json\/wp\/v2\/media\/125604"}],"wp:attachment":[{"href":"https:\/\/www.europesays.com\/pl\/wp-json\/wp\/v2\/media?parent=125603"}],"wp:term":[{"taxonomy":"category","embeddable":true,"href":"https:\/\/www.europesays.com\/pl\/wp-json\/wp\/v2\/categories?post=125603"},{"taxonomy":"post_tag","embeddable":true,"href":"https:\/\/www.europesays.com\/pl\/wp-json\/wp\/v2\/tags?post=125603"}],"curies":[{"name":"wp","href":"https:\/\/api.w.org\/{rel}","templated":true}]}}