{"id":125605,"date":"2025-11-30T11:53:18","date_gmt":"2025-11-30T11:53:18","guid":{"rendered":"https:\/\/www.europesays.com\/pl\/125605\/"},"modified":"2025-11-30T11:53:18","modified_gmt":"2025-11-30T11:53:18","slug":"sypie-sie-krytyka-pracodawcow-zmiany-przyniosa-kolosalne-konsekwencje","status":"publish","type":"post","link":"https:\/\/www.europesays.com\/pl\/125605\/","title":{"rendered":"Sypie si\u0119 krytyka pracodawc\u00f3w. Zmiany przynios\u0105 kolosalne konsekwencje"},"content":{"rendered":"<p><img decoding=\"async\" loading=\"eager\" fetchpriority=\"high\" class=\"atomsArticleGalleryImage__mainImg\" src=\"https:\/\/www.europesays.com\/pl\/wp-content\/uploads\/2025\/11\/il20251128_951160615,size,640x547,crop,0.0000x78.0000x1920.0000x1005.0000,h,6809ca.jpg\" alt=\" Zastrze&#x17C;enia budz&#x105; tak&#x17C;e poszczeg&#xF3;lne elementy nowych uprawnie&#x144; PIP oraz projektowanych procedur - wyja&#x15B;nia Marek G&#xF3;rski, prezydent Konfederacaji Lewiatan, mat. prasowe\" width=\"1920\" height=\"1642\"\/><\/p>\n<p>\n         Zastrze\u017cenia budz\u0105 tak\u017ce poszczeg\u00f3lne elementy nowych uprawnie\u0144 PIP oraz projektowanych procedur &#8211; wyja\u015bnia Marek G\u00f3rski, prezydent Konfederacaji Lewiatan, mat. prasowe\n      <\/p>\n<p>Projekt zmian w ustawie o Pa\u0144stwowej Inspekcji Pracy spotka\u0142 si\u0119 z ostr\u0105 krytyk\u0105  regionalnych i bran\u017cowych organizacji przedsi\u0119biorc\u00f3w, ale tak\u017ce wielu ministerstw, kt\u00f3re w swoich opiniach jednoznacznie wskazuj\u0105 na wadliwo\u015b\u0107 proponowanych rozwi\u0105za\u0144. &#8211; Oczekujemy rozwi\u0105za\u0144, kt\u00f3re uwzgl\u0119dni\u0105 g\u0142os rozs\u0105dku oraz argumenty, jakie przedstawiamy od pocz\u0105tku tej burzliwej dyskusji z resortem pracy. Liczymy, \u017ce rz\u0105d uwzgl\u0119dni te g\u0142osy &#8211; komentuje w komunikacie Marek G\u00f3rski, prezydent Konfederacji Lewiatan.<\/p>\n","protected":false},"excerpt":{"rendered":"Zastrze\u017cenia budz\u0105 tak\u017ce poszczeg\u00f3lne elementy nowych uprawnie\u0144 PIP oraz projektowanych procedur &#8211; wyja\u015bnia Marek G\u00f3rski, prezydent Konfederacaji Lewiatan,&hellip;\n","protected":false},"author":2,"featured_media":125606,"comment_status":"","ping_status":"","sticky":false,"template":"","format":"standard","meta":{"footnotes":""},"categories":[12],"tags":[32,33,36,37,27,26766,26767,34,35,28,31,25,42,38,40,39,41,29,30,26765,26],"class_list":{"0":"post-125605","1":"post","2":"type-post","3":"status-publish","4":"format-standard","5":"has-post-thumbnail","7":"category-polska","8":"tag-breaking-news","9":"tag-breakingnews","10":"tag-featured-news","11":"tag-featurednews","12":"tag-headlines","13":"tag-inspekcja-pracy","14":"tag-konfederacja-lewiatan","15":"tag-latest-news","16":"tag-latestnews","17":"tag-naglowki","18":"tag-najwazniejsze-artykuly","19":"tag-news","20":"tag-pl","21":"tag-poland","22":"tag-polish","23":"tag-polska","24":"tag-polski","25":"tag-top-stories","26":"tag-topstories","27":"tag-umowa-b2b","28":"tag-wiadomosci"},"share_on_mastodon":{"url":"https:\/\/pubeurope.com\/@pl\/115638514918617522","error":""},"_links":{"self":[{"href":"https:\/\/www.europesays.com\/pl\/wp-json\/wp\/v2\/posts\/125605","targetHints":{"allow":["GET"]}}],"collection":[{"href":"https:\/\/www.europesays.com\/pl\/wp-json\/wp\/v2\/posts"}],"about":[{"href":"https:\/\/www.europesays.com\/pl\/wp-json\/wp\/v2\/types\/post"}],"author":[{"embeddable":true,"href":"https:\/\/www.europesays.com\/pl\/wp-json\/wp\/v2\/users\/2"}],"replies":[{"embeddable":true,"href":"https:\/\/www.europesays.com\/pl\/wp-json\/wp\/v2\/comments?post=125605"}],"version-history":[{"count":0,"href":"https:\/\/www.europesays.com\/pl\/wp-json\/wp\/v2\/posts\/125605\/revisions"}],"wp:featuredmedia":[{"embeddable":true,"href":"https:\/\/www.europesays.com\/pl\/wp-json\/wp\/v2\/media\/125606"}],"wp:attachment":[{"href":"https:\/\/www.europesays.com\/pl\/wp-json\/wp\/v2\/media?parent=125605"}],"wp:term":[{"taxonomy":"category","embeddable":true,"href":"https:\/\/www.europesays.com\/pl\/wp-json\/wp\/v2\/categories?post=125605"},{"taxonomy":"post_tag","embeddable":true,"href":"https:\/\/www.europesays.com\/pl\/wp-json\/wp\/v2\/tags?post=125605"}],"curies":[{"name":"wp","href":"https:\/\/api.w.org\/{rel}","templated":true}]}}