{"id":125688,"date":"2025-11-30T12:55:08","date_gmt":"2025-11-30T12:55:08","guid":{"rendered":"https:\/\/www.europesays.com\/pl\/125688\/"},"modified":"2025-11-30T12:55:08","modified_gmt":"2025-11-30T12:55:08","slug":"binjamin-netanjahu-domaga-sie-ulaskawienia-w-jego-obronie-stanal-trump","status":"publish","type":"post","link":"https:\/\/www.europesays.com\/pl\/125688\/","title":{"rendered":"Binjamin Netanjahu domaga si\u0119 u\u0142askawienia. W jego obronie stan\u0105\u0142 Trump"},"content":{"rendered":"<p class=\"ods-c-paragraph \">Wszystkie trzy sprawy zwi\u0105zane s\u0105 z relacjami mi\u0119dzy Netanjahu i jego rodzin\u0105 a wp\u0142ywowymi i bogatymi w\u0142a\u015bcicielami firm medialnych oraz oskar\u017ceniami o to, \u017ce premier wykorzystywa\u0142 te znajomo\u015bci dla osobistych i politycznych korzy\u015bci.<\/p>\n<p>Dalszy ci\u0105g artyku\u0142u pod materia\u0142em wideo<\/p>\n<p> Jakie oskar\u017cenia s\u0105 kierowane przeciwko Netanjahu? <\/p>\n<p> Kto wezwa\u0142 do u\u0142askawienia Netanjahu? <\/p>\n<p> Co prezydent Trump powiedzia\u0142 o procesie Netanjahu? <\/p>\n<p> Jakie s\u0105 mo\u017cliwo\u015bci u\u0142askawienia wed\u0142ug izraelskiego prawa? <\/p>\n<p class=\"ods-c-paragraph \">Netanjahu wielokrotnie odrzuca\u0142 wszystkie oskar\u017cenia, okre\u015blaj\u0105c proces jako polityczn\u0105 nagonk\u0119.<\/p>\n<p>Trump prosi\u0142 prezydenta Izraela, by u\u0142askawi\u0142 Netanjahu<\/p>\n<p class=\"ods-c-paragraph \">Wcze\u015bniej w czerwcu 2025 r. prezydent USA Donald Trump wezwa\u0142 do natychmiastowego wstrzymania procesu Netanjahu, kt\u00f3ry uzna\u0142 za &#8222;polowanie na czarownice&#8221;. P\u00f3\u017aniej, na pocz\u0105tku listopada, ameryka\u0144ski prezydent w izraelskim parlamencie wezwa\u0142 Hercoga do u\u0142askawienia premiera. <\/p>\n<p class=\"ods-c-paragraph \"><a href=\"https:\/\/wiadomosci.onet.pl\/politico\/cygara-i-szampan-kogo-to-obchodzi-apel-donalda-trumpa-wywoluje-poruszenie-w-izraelu\/k1p4jbm\" id=\"b9f4a0db-88b1-411e-bcc1-bc44cbe46840\" rel=\"nofollow noopener\" target=\"_blank\">\u2014 A cygara i szampan? Kogo to do cholery obchodzi <\/a>\u2014 powiedzia\u0142 ameryka\u0144ski prezydent, odnosz\u0105c si\u0119 do domniemanych korzy\u015bci maj\u0105tkowych, o przyjmowanie kt\u00f3rych oskar\u017cany jest Netanjahu.<\/p>\n<p class=\"ods-c-paragraph \">Prezydent ma prawo u\u0142askawi\u0107 osoby skazane przez izraelskimi s\u0105dami. W szczeg\u00f3lnych okoliczno\u015bciach mo\u017ce te\u017c u\u0142askawi\u0107 jeszcze nieskazan\u0105 osob\u0119. W historii kraju zapis ten zastosowano tylko raz. Wed\u0142ug krytycznego wobec premiera dziennika &#8222;Haarec&#8221; u\u0142askawienie Netanjahu jeszcze przed skazaniem wi\u0105za\u0142oby si\u0119 z szeregiem komplikacji politycznych i w\u0105tpliwo\u015bci prawnych.<\/p>\n","protected":false},"excerpt":{"rendered":"Wszystkie trzy sprawy zwi\u0105zane s\u0105 z relacjami mi\u0119dzy Netanjahu i jego rodzin\u0105 a wp\u0142ywowymi i bogatymi w\u0142a\u015bcicielami firm&hellip;\n","protected":false},"author":2,"featured_media":125689,"comment_status":"","ping_status":"","sticky":false,"template":"","format":"standard","meta":{"footnotes":""},"categories":[14],"tags":[343,32,33,44,27,91,34,35,28,31,48,25,46,40,41,47,80,29,30,8623,26,82,83,84],"class_list":{"0":"post-125688","1":"post","2":"type-post","3":"status-publish","4":"format-standard","5":"has-post-thumbnail","7":"category-swiat","8":"tag-binjamin_netanjahu","9":"tag-breaking-news","10":"tag-breakingnews","11":"tag-donald_trump","12":"tag-headlines","13":"tag-izrael","14":"tag-latest-news","15":"tag-latestnews","16":"tag-naglowki","17":"tag-najwazniejsze-artykuly","18":"tag-nat_styl","19":"tag-news","20":"tag-omp","21":"tag-polish","22":"tag-polski","23":"tag-screening_general","24":"tag-swiat","25":"tag-top-stories","26":"tag-topstories","27":"tag-ulaskawienie","28":"tag-wiadomosci","29":"tag-world","30":"tag-world-news","31":"tag-worldnews"},"share_on_mastodon":{"url":"https:\/\/pubeurope.com\/@pl\/115638758613890178","error":""},"_links":{"self":[{"href":"https:\/\/www.europesays.com\/pl\/wp-json\/wp\/v2\/posts\/125688","targetHints":{"allow":["GET"]}}],"collection":[{"href":"https:\/\/www.europesays.com\/pl\/wp-json\/wp\/v2\/posts"}],"about":[{"href":"https:\/\/www.europesays.com\/pl\/wp-json\/wp\/v2\/types\/post"}],"author":[{"embeddable":true,"href":"https:\/\/www.europesays.com\/pl\/wp-json\/wp\/v2\/users\/2"}],"replies":[{"embeddable":true,"href":"https:\/\/www.europesays.com\/pl\/wp-json\/wp\/v2\/comments?post=125688"}],"version-history":[{"count":0,"href":"https:\/\/www.europesays.com\/pl\/wp-json\/wp\/v2\/posts\/125688\/revisions"}],"wp:featuredmedia":[{"embeddable":true,"href":"https:\/\/www.europesays.com\/pl\/wp-json\/wp\/v2\/media\/125689"}],"wp:attachment":[{"href":"https:\/\/www.europesays.com\/pl\/wp-json\/wp\/v2\/media?parent=125688"}],"wp:term":[{"taxonomy":"category","embeddable":true,"href":"https:\/\/www.europesays.com\/pl\/wp-json\/wp\/v2\/categories?post=125688"},{"taxonomy":"post_tag","embeddable":true,"href":"https:\/\/www.europesays.com\/pl\/wp-json\/wp\/v2\/tags?post=125688"}],"curies":[{"name":"wp","href":"https:\/\/api.w.org\/{rel}","templated":true}]}}