{"id":125700,"date":"2025-11-30T13:02:07","date_gmt":"2025-11-30T13:02:07","guid":{"rendered":"https:\/\/www.europesays.com\/pl\/125700\/"},"modified":"2025-11-30T13:02:07","modified_gmt":"2025-11-30T13:02:07","slug":"donald-trump-uderza-w-dziennikarzy-bialy-dom-opublikowal-galerie-hanby-onet","status":"publish","type":"post","link":"https:\/\/www.europesays.com\/pl\/125700\/","title":{"rendered":"Donald Trump uderza w dziennikarzy. Bia\u0142y Dom opublikowa\u0142 &quot;galeri\u0119 ha\u0144by&quot; &#8211; Onet"},"content":{"rendered":"<ol>\n<li><a href=\"https:\/\/news.google.com\/rss\/articles\/CBMizgFBVV95cUxOc3RSWU84Y1N2NWo2d3V1Y19XUXpGaWFxb0xQUEV1ZWR5YzR5NU9lUm5nVEhLZDJja2VaQktsVFhnZTM4OWJ1WHZVa2lacGs0dnZscnA3bWZTMXhGY2MxTzVmay0wdGRxYkpQUmRTeDJxbFozdDRpLVNYakozT1JVUUpaRFlma2NqY0tsNTNDM0RRZzlJai11M2owUWtleXdNQVNRZHVHTDl0TDFPbkY3T0dBR1M4THpReENzRVh1RXpKNWhGbmY5VWxHU2lJdw?oc=5\" target=\"_blank\" rel=\"nofollow noopener\">Donald Trump uderza w dziennikarzy. Bia\u0142y Dom opublikowa\u0142 &#8222;galeri\u0119 ha\u0144by&#8221;<\/a>&nbsp;&nbsp;Onet<\/li>\n<li><a href=\"https:\/\/news.google.com\/rss\/articles\/CBMiowFBVV95cUxQSHV3MklXTWhwY2FlY25BUU1RWTh4TVpzc1NzTHhQcFFZVmQxZDN0NnltOTRvd1lyMVc3SDJVV0dRMFc4SUdqT0thdnNPb3VMU2tTTUI3Wl9oc25hRUFKcGNyRzcyMFh0Mm1GaEFja3I2cHY1WXBXNXlkSms2UWtuOW1pN0hWclZ1NmRvekprUXVIOU9lak10a2ZncVdkY1c3ZU9v?oc=5\" target=\"_blank\" rel=\"nofollow noopener\">Jakie media Donald Trump uwa\u017ca za stronnicze? Powsta\u0142a &#8222;galeria ha\u0144by&#8221;<\/a>&nbsp;&nbsp;Wyborcza.pl<\/li>\n<li><a href=\"https:\/\/news.google.com\/rss\/articles\/CBMijwFBVV95cUxQLU0wcmxEaU01YU9BaFZEblhIcHNHSkdERDVMTWdWQWtnM2tIVU5DTFhHT05jWElMMFhMN3JWdm5UZjJ1NGtPcVFER09VaXNISEFQRmlNcnJ1dUp0VVFqcWdSck1RSzBfQ3lvWDhUcjFOYUVyVWw4QlQzX1M2STNYVEdwZUJwQ3VVa3N0c1Fqcw?oc=5\" target=\"_blank\" rel=\"nofollow noopener\">&#8222;Stronnicze media&#8221;. Bia\u0142y Dom opublikowa\u0142 spis<\/a>&nbsp;&nbsp;WP Wiadomo\u015bci<\/li>\n<li><a href=\"https:\/\/news.google.com\/rss\/articles\/CBMi6gFBVV95cUxQWXJFUk5TZjhxZXc4YjVZc3VDdlpWWC1Wd0dYaVdRYjB0eWRSbEM2SGxPUFBnei1tR1dmbmF2eENRcEQ5SENwWXRMLVhKZnZzVmpLZDFDS01Cbnp2V3l1M0FfTHFsZ3BPTllDcVE3dHB2dDBYcjVIenJkTEMyMHltTno4XzM5M1BDNGV2OFRkWWJLM2Z6VzNIOWttSmF4V2p2U3FGbTdET0kyS0tQc0ZIVW1sTXdGcHRKTS05VFI3MFlDX05FYXlQUFgxSDM4WGlSYUNkOVlXSGhNaHlMazQxMWhlTHhZVVVHdlE?oc=5\" target=\"_blank\" rel=\"nofollow noopener\">Najpierw k\u0142\u00f3tnie, teraz \u201egaleria ha\u0144by\u201d. Trump idzie na wojn\u0119 z mediami<\/a>&nbsp;&nbsp;TVP Info<\/li>\n<li><a href=\"https:\/\/news.google.com\/rss\/articles\/CBMiswFBVV95cUxNandIZkFwNV9sVU1iNmdDQWNrNXNXdS13WTJham1WQVVZQllDRmZsVmEzU2hrdXJnZlBiV0xfRDlhQ1JtRy1DcXRVZ3BSUXBBSm05R2pEZ2RFR0p4WTl6S3liUGZfV1lFX0NzZEJwTEZXa2hrMzFfenFZX3FVNmpJMlE3Q2Q1Q3BucWxvMERKYk1yc2JQODdSSVgweWNqZTBOUzF2R0dvajhScEFqQnZnWDEwTQ?oc=5\" target=\"_blank\" rel=\"nofollow noopener\">Trump zrobi\u0142 czarn\u0105 list\u0119 medi\u00f3w! S\u0142awne stacje i gazety<\/a>&nbsp;&nbsp;Super Express<\/li>\n<\/ol>\n","protected":false},"excerpt":{"rendered":"Donald Trump uderza w dziennikarzy. Bia\u0142y Dom opublikowa\u0142 &#8222;galeri\u0119 ha\u0144by&#8221;&nbsp;&nbsp;Onet Jakie media Donald Trump uwa\u017ca za stronnicze? Powsta\u0142a&hellip;\n","protected":false},"author":2,"featured_media":125701,"comment_status":"","ping_status":"","sticky":false,"template":"","format":"standard","meta":{"footnotes":""},"categories":[14],"tags":[32,33,58,27,67,34,35,28,31,53,25,52,68,51,55,40,41,47,59,80,29,30,65,50,26,82,83,84],"class_list":{"0":"post-125700","1":"post","2":"type-post","3":"status-publish","4":"format-standard","5":"has-post-thumbnail","7":"category-swiat","8":"tag-breaking-news","9":"tag-breakingnews","10":"tag-donald_trump_prezydent_usa","11":"tag-headlines","12":"tag-intextvideo_splayer","13":"tag-latest-news","14":"tag-latestnews","15":"tag-naglowki","16":"tag-najwazniejsze-artykuly","17":"tag-new_header","18":"tag-news","19":"tag-onet3","20":"tag-onet3d","21":"tag-onet3d_2i","22":"tag-phx","23":"tag-polish","24":"tag-polski","25":"tag-screening_general","26":"tag-stany_zjednoczone_usa","27":"tag-swiat","28":"tag-top-stories","29":"tag-topstories","30":"tag-update_me","31":"tag-v2021","32":"tag-wiadomosci","33":"tag-world","34":"tag-world-news","35":"tag-worldnews"},"share_on_mastodon":{"url":"https:\/\/pubeurope.com\/@pl\/115638786022654699","error":""},"_links":{"self":[{"href":"https:\/\/www.europesays.com\/pl\/wp-json\/wp\/v2\/posts\/125700","targetHints":{"allow":["GET"]}}],"collection":[{"href":"https:\/\/www.europesays.com\/pl\/wp-json\/wp\/v2\/posts"}],"about":[{"href":"https:\/\/www.europesays.com\/pl\/wp-json\/wp\/v2\/types\/post"}],"author":[{"embeddable":true,"href":"https:\/\/www.europesays.com\/pl\/wp-json\/wp\/v2\/users\/2"}],"replies":[{"embeddable":true,"href":"https:\/\/www.europesays.com\/pl\/wp-json\/wp\/v2\/comments?post=125700"}],"version-history":[{"count":0,"href":"https:\/\/www.europesays.com\/pl\/wp-json\/wp\/v2\/posts\/125700\/revisions"}],"wp:featuredmedia":[{"embeddable":true,"href":"https:\/\/www.europesays.com\/pl\/wp-json\/wp\/v2\/media\/125701"}],"wp:attachment":[{"href":"https:\/\/www.europesays.com\/pl\/wp-json\/wp\/v2\/media?parent=125700"}],"wp:term":[{"taxonomy":"category","embeddable":true,"href":"https:\/\/www.europesays.com\/pl\/wp-json\/wp\/v2\/categories?post=125700"},{"taxonomy":"post_tag","embeddable":true,"href":"https:\/\/www.europesays.com\/pl\/wp-json\/wp\/v2\/tags?post=125700"}],"curies":[{"name":"wp","href":"https:\/\/api.w.org\/{rel}","templated":true}]}}