{"id":125788,"date":"2025-11-30T14:33:09","date_gmt":"2025-11-30T14:33:09","guid":{"rendered":"https:\/\/www.europesays.com\/pl\/125788\/"},"modified":"2025-11-30T14:33:09","modified_gmt":"2025-11-30T14:33:09","slug":"dymisja-jermaka-afera-korupcyjna-i-ataki-rosji-ukraina-w-punkcie-zwrotnym","status":"publish","type":"post","link":"https:\/\/www.europesays.com\/pl\/125788\/","title":{"rendered":"Dymisja Jermaka, afera korupcyjna i ataki Rosji. Ukraina w punkcie zwrotnym"},"content":{"rendered":"<p>Andrij Jermak, zaufany wsp\u00f3\u0142pracownik Ze\u0142enskiego, kontrowersyjny &#8222;prezydent w cieniu&#8221;, przeszed\u0142 do historii jako szef administracji prezydenckiej w Kijowie. By\u0142o to stanowisko, na kt\u00f3rym Jermak doskonale si\u0119 odnalaz\u0142. Stanowisko, kt\u00f3re cz\u0119\u015bciowo sam stworzy\u0142. Bez Jermaka praktycznie nic nie dzia\u0142a\u0142o w Kijowie. Jako szef biura Ze\u0142enskiego trzyma\u0142 w r\u0119ku prawie wszystkie sznurki, pe\u0142ni\u0105c de facto funkcj\u0119 ministra spraw zagranicznych.<\/p>\n<p>Jego rezygnacja jest zatem ogromnym prze\u0142omem dla Ukrainy. Poniewa\u017c krytyka Jermaka nie ustawa\u0142a od lata br. i stawa\u0142a si\u0119 coraz g\u0142o\u015bniejsza, dymisja by\u0142a w\u0142a\u015bciwie od dawna oczekiwana \u2014 a mimo to wywo\u0142a\u0142a niewielkie trz\u0119sienie ziemi. Wynika to przede wszystkim z okoliczno\u015bci oraz os\u00f3b, kt\u00f3re doprowadzi\u0142y do jego odej\u015bcia w\u0142a\u015bnie w tym momencie.<\/p>\n<p><img decoding=\"async\" src=\"https:\/\/www.europesays.com\/pl\/wp-content\/uploads\/2025\/11\/kqtk9lBaHR0cHM6Ly9vY2RuLmV1L3B1bHNjbXMvTURBXy80N2RjOWU3NTdjM2E0NTUzYjFhYzQ5NDUwMzQ4YWI0NS5qcGeRlQLNB.jpeg\" height=\"627\" width=\"940\" alt=\"By\u0142y szef sztabu prezydenta Ukrainy Andrij Jermak udaj\u0105cy si\u0119 na rozmowy na temat planu USA dotycz\u0105cego zako\u0144czenia wojny w Ukrainie, Genewa, Szwajcaria, 23 listopada 2025 r.\" loading=\"lazy\" class=\"ods-c-image__img ods-c-image__img--viewport-width\"\/><\/p>\n<p>By\u0142y szef sztabu prezydenta Ukrainy Andrij Jermak udaj\u0105cy si\u0119 na rozmowy na temat planu USA dotycz\u0105cego zako\u0144czenia wojny w Ukrainie, Genewa, Szwajcaria, 23 listopada 2025 r.ELODIE LE MAOU \/ AFP \/ AFP<\/p>\n<p class=\"ods-c-paragraph \">Retrospekcja: w lipcu Ze\u0142enski chcia\u0142 przej\u0105\u0107 bezpo\u015bredni\u0105 kontrol\u0119 nad Narodowym Biurem Antykorupcyjnym Ukrainy (NABU) oraz Specjalistyczn\u0105 Prokuratur\u0105 Antykorupcyjn\u0105 (SAP). W tym czasie wysz\u0142o r\u00f3wnie\u017c na jaw, \u017ce obie instytucje prowadzi\u0142y dochodzenia przeciwko wysokim rang\u0105 cz\u0142onkom rz\u0105du.<\/p>\n<p class=\"ods-c-paragraph \">Ustawa, kt\u00f3ra wed\u0142ug krytyk\u00f3w mia\u0142a pozbawi\u0107 NABU i SAP uprawnie\u0144, zosta\u0142a opracowana praktycznie z dnia na dzie\u0144, przesz\u0142a szybk\u0105 procedur\u0119 konsultacyjn\u0105 i zosta\u0142a przyj\u0119ta. NABU i SAP przez kr\u00f3tki czas by\u0142y w stanie \u015bmierci klinicznej, dop\u00f3ki <a href=\"https:\/\/www.onet.pl\/informacje\/nowaeuropawschodnia\/ukraincy-protestuja-wladza-waha-sie-po-raz-pierwszy\/93fg5q8,30bc1058\" id=\"1564ec64-3422-41fa-a230-8de43f28d2ca\" rel=\"nofollow noopener\" target=\"_blank\">szerokie protesty ukrai\u0144skiego spo\u0142ecze\u0144stwa obywatelskiego nie sk\u0142oni\u0142y Ze\u0142enskiego do wycofania ustawy<\/a>.<\/p>\n<p class=\"ods-c-paragraph \">Cztery miesi\u0105ce p\u00f3\u017aniej to w\u0142a\u015bnie NABU prowadzi przeszukanie w domu Jermaka. O\u0142eksij Tkaczuk, rzecznik Jermaka, powiedzia\u0142, \u017ce organy antykorupcyjne nie przekaza\u0142y mu \u017cadnego zawiadomienia, zgodnie z kt\u00f3rym zosta\u0142by uznany za podejrzanego w dochodzeniu. Jermak nie zosta\u0142 r\u00f3wnie\u017c poinformowany o przyczynach przeszukania.<\/p>\n<p class=\"ods-c-paragraph \">Przed z\u0142o\u017ceniem rezygnacji szef sztabu Ze\u0142enskiego potwierdzi\u0142 przeszukanie swojego mieszkania na terenie Kancelarii Prezydenta w centrum Kijowa. Napisa\u0142 na Telegramie, \u017ce nie stawia \u017cadnych przeszk\u00f3d \u015bledczym. Stwierdzi\u0142, \u017ce w pe\u0142ni wsp\u00f3\u0142pracuje, a jego prawnicy s\u0105 na miejscu.<\/p>\n<p class=\"ods-c-paragraph \">NABU i SAP prowadz\u0105 obecnie dochodzenie w sprawie wielkiego skandalu korupcyjnego w ukrai\u0144skim sektorze energetycznym. Nie jest jednak jasne, czy przeszukanie domu Jermaka ma z nim zwi\u0105zek. Rzecznik biura Anton Tatarnikow odm\u00f3wi\u0142 komentarza na ten temat, powo\u0142uj\u0105c si\u0119 na trwaj\u0105ce \u015bledztwo.<\/p>\n<p class=\"ods-c-paragraph \">Nawet je\u015bli dok\u0142adne okoliczno\u015bci s\u0105 nadal niejasne, to to, co obecnie dzieje si\u0119 w Kijowie, jest r\u00f3wnie\u017c sygna\u0142em dla zwolennik\u00f3w Ukrainy, kt\u00f3rzy uwa\u017cnie \u015bledz\u0105 wydarzenia. W\u0142adze dzia\u0142aj\u0105 niezale\u017cnie od wp\u0142yw\u00f3w politycznych, przedstawiciele polityczni s\u0105 zmuszeni do wyci\u0105gania konsekwencji, a wszystko to bez u\u017cycia przemocy.<\/p>\n<p class=\"ods-c-paragraph \">Przes\u0142anie jest nast\u0119puj\u0105ce: w Ukrainie \u017caden m\u0105\u017c stanu nie mo\u017ce rz\u0105dzi\u0107 wbrew woli narodu \u2014 nawet je\u015bli w najbli\u017cszej przysz\u0142o\u015bci nie b\u0119dzie musia\u0142 startowa\u0107 w wyborach z powodu wojny. Nie mo\u017cna lekcewa\u017cy\u0107 spo\u0142ecze\u0144stwa obywatelskiego i medi\u00f3w, a elita polityczna znajduje si\u0119 pod krytyczn\u0105 obserwacj\u0105.<\/p>\n<p>Dalszy ci\u0105g artyku\u0142u pod materia\u0142em wideo<br \/>\nNegocjacje na Florydzie: burzliwe rozmowy na najwy\u017cszym szczeblu<\/p>\n<p class=\"ods-c-paragraph \">Ukraina nie ma obecnie chwili wytchnienia na wielu p\u0142aszczyznach \u2014 ani w zakresie \u015bledztwa, ani polityki wewn\u0119trznej, ani spo\u0142ecznej, a nawet dyplomatycznej. Aktorzy to: prezydent Ze\u0142enski, jego sztab, ministrowie, ukrai\u0144skie spo\u0142ecze\u0144stwo, agencje NABU i SAP, Bia\u0142y Dom, Departament Stanu USA, europejscy partnerzy i oczywi\u015bcie <a href=\"https:\/\/wiadomosci.onet.pl\/swiat\/rosyjski-atak-na-kijow-w-stolicy-ukrainy-oglosili-alarm\/6scvce7\" id=\"d6cb8a82-fcbe-4b3a-b762-06da36faaa1e\" rel=\"nofollow noopener\" target=\"_blank\">Rosja, kt\u00f3ra w nocy z pi\u0105tku na sobot\u0119 ponownie zaatakowa\u0142a Ukrain\u0119.<\/a><\/p>\n<p class=\"ods-c-paragraph \">Ale po kolei: najpierw krajem wstrz\u0105sn\u0119\u0142a<a href=\"https:\/\/wiadomosci.onet.pl\/swiat\/ujawniono-czesc-nagran-z-afery-korupcyjnej-w-ukrainie-czarne-chmury-nad-zelenskim\/jv63125\" id=\"79971b95-7e77-432e-beed-d8b63b14cafe\" rel=\"nofollow noopener\" target=\"_blank\"> afera korupcyjna w ukrai\u0144skim sektorze energetycznym<\/a>, tydzie\u0144 p\u00f3\u017aniej zosta\u0142 upubliczniony <a href=\"https:\/\/wiadomosci.onet.pl\/swiat\/witold-jurasz-skandaliczny-plan-pokojowy-usa-i-rosji-amerykanie-zgodzili-sie-na\/k71rbzw\" id=\"7d739330-db5e-4188-926d-33af5038791e\" rel=\"nofollow noopener\" target=\"_blank\">28-punktowy plan, nosz\u0105cy wyra\u017ane pi\u0119tno Rosji<\/a>, kt\u00f3ry mia\u0142 utorowa\u0107 drog\u0119 do zako\u0144czenia wojny; nast\u0105pi\u0142y gor\u0105czkowe rozmowy telefoniczne i negocjacje na najwy\u017cszym szczeblu. A potem, tu\u017c przed wyjazdem Jermaka z delegacj\u0105 do USA, aby om\u00f3wi\u0107 ten plan, dosz\u0142o do przeszukania jego domu i jego rezygnacji.<\/p>\n<p class=\"ods-c-paragraph \">Osoby z otoczenia prezydenta Ukrainy wielokrotnie kategorycznie zaprzecza\u0142y, jakoby istnia\u0142 zwi\u0105zek czasowy mi\u0119dzy rozszerzaj\u0105cym si\u0119 skandalem korupcyjnym w Ukrainie a rosn\u0105c\u0105 presj\u0105 ze strony USA. \u2014 Nie wierz\u0119 w teorie spiskowe \u2014 powiedzia\u0142 kilka dni temu doradca Ze\u0142enskiego, Mychaj\u0142o Podolak, w wywiadzie dla Welta.<\/p>\n<p class=\"ods-c-paragraph \">W ka\u017cdym razie przeprowadzenie szeroko zakrojonej reorganizacji rz\u0105du oraz przebudowa prezydenckiej administracji [w Ukrainie] wydaj\u0105 si\u0119 nieuniknione. Ze\u0142enski og\u0142osi\u0142 w pi\u0105tek w nagraniu wideo, \u017ce dokona rekonstrukcji swojego biura. Jedn\u0105 z g\u0142\u00f3wnych r\u00f3l mo\u017ce odegra\u0107 ukrai\u0144ska premier i ekonomistka Julia Swyrydenko.<\/p>\n<p class=\"ods-c-paragraph \">W tym newralgicznym momencie Rosja czeka na b\u0142\u0119dy Ukrainy i nie mo\u017cna da\u0107 Kremlowi pretekstu do torpedowania negocjacji pokojowych \u2014 wyja\u015bni\u0142 prezydent Ukrainy w wiadomo\u015bci wideo. &#8222;Je\u015bli stracimy nasz\u0105 jedno\u015b\u0107, ryzykujemy utrat\u0119 wszystkiego \u2014 siebie samych, Ukrainy, naszej przysz\u0142o\u015bci&#8221; \u2014 powiedzia\u0142. &#8222;Musimy si\u0119 zjednoczy\u0107, musimy wytrwa\u0107. Nie mamy innego wyboru. Nie b\u0119dziemy mieli innej Ukrainy&#8221;.<\/p>\n<p class=\"ods-c-paragraph \">Ze\u0142enski doda\u0142 r\u00f3wnie\u017c: &#8222;Aby zachowa\u0107 nasz\u0105 wewn\u0119trzn\u0105 si\u0142\u0119, nie mo\u017ce by\u0107 \u017cadnego powodu, aby odwraca\u0107 uwag\u0119 od obrony Ukrainy&#8221;. Nie chce, aby ktokolwiek kwestionowa\u0142 sytuacj\u0119 Ukrainy. &#8222;I dlatego podj\u0119li\u015bmy dzisiejsze decyzje&#8221;.<\/p>\n<p class=\"ods-c-paragraph \">Najwa\u017cniejsze pytanie brzmi jednak: jak nowi decydenci poradz\u0105 sobie z presj\u0105 ze strony Stan\u00f3w Zjednoczonych i co stanie si\u0119 z tymi, kt\u00f3rzy teraz odchodz\u0105 \u2014 czy to z w\u0142asnej woli, czy pod presj\u0105 \u015bledztwa?<\/p>\n<p class=\"ods-c-paragraph \">W sobot\u0119 Ze\u0142enski o\u015bwiadczy\u0142 na platformie X, \u017ce zesp\u00f3\u0142 negocjacyjny Ukrainy jest obecnie w drodze do Stan\u00f3w Zjednoczonych, aby om\u00f3wi\u0107 plan zako\u0144czenia wojny z Rosj\u0105. Delegacji przewodniczy szef Rady Bezpiecze\u0144stwa Ukrainy Rustem Umerow.<\/p>\n<p class=\"ods-c-paragraph \">W najbli\u017cszych dniach w Kijowie spodziewany jest natomiast <a href=\"https:\/\/wiadomosci.onet.pl\/swiat\/donald-trump-wyslal-jasny-sygnal-ukrainie-to-mial-uslyszec-kijow\/n6mhyj3\" id=\"4e94b474-83e2-4f00-a7ba-99f80f7ee14e\" rel=\"nofollow noopener\" target=\"_blank\">sekretarz stanu ds. obrony USA Dan Driscoll, kt\u00f3ry om\u00f3wi plan zako\u0144czenia wojny w Ukrainie<\/a>. Specjalny wys\u0142annik prezydenta USA Donalda Trumpa, Steve Witkoff, ma spotka\u0107 si\u0119 w przysz\u0142ym tygodniu w Moskwie z szefem Kremla W\u0142adimirem Putinem. Najbli\u017csze dni mog\u0105 wi\u0119c mie\u0107 decyduj\u0105ce znaczenie dla Ukrainy.<\/p>\n","protected":false},"excerpt":{"rendered":"Andrij Jermak, zaufany wsp\u00f3\u0142pracownik Ze\u0142enskiego, kontrowersyjny &#8222;prezydent w cieniu&#8221;, przeszed\u0142 do historii jako szef administracji prezydenckiej w Kijowie.&hellip;\n","protected":false},"author":2,"featured_media":125789,"comment_status":"","ping_status":"","sticky":false,"template":"","format":"standard","meta":{"footnotes":""},"categories":[14],"tags":[13732,56,32,33,27,13689,34,35,22010,28,31,48,25,46,40,41,87,23647,47,80,29,30,415,26,309,82,83,84],"class_list":{"0":"post-125788","1":"post","2":"type-post","3":"status-publish","4":"format-standard","5":"has-post-thumbnail","7":"category-swiat","8":"tag-andrij_jermak","9":"tag-article_premium","10":"tag-breaking-news","11":"tag-breakingnews","12":"tag-headlines","13":"tag-julia_swyrydenko","14":"tag-latest-news","15":"tag-latestnews","16":"tag-nabu","17":"tag-naglowki","18":"tag-najwazniejsze-artykuly","19":"tag-nat_styl","20":"tag-news","21":"tag-omp","22":"tag-polish","23":"tag-polski","24":"tag-rosja","25":"tag-rustem_umerow","26":"tag-screening_general","27":"tag-swiat","28":"tag-top-stories","29":"tag-topstories","30":"tag-ukraina","31":"tag-wiadomosci","32":"tag-wolodymyr_zelenski","33":"tag-world","34":"tag-world-news","35":"tag-worldnews"},"share_on_mastodon":{"url":"https:\/\/pubeurope.com\/@pl\/115639144207996893","error":""},"_links":{"self":[{"href":"https:\/\/www.europesays.com\/pl\/wp-json\/wp\/v2\/posts\/125788","targetHints":{"allow":["GET"]}}],"collection":[{"href":"https:\/\/www.europesays.com\/pl\/wp-json\/wp\/v2\/posts"}],"about":[{"href":"https:\/\/www.europesays.com\/pl\/wp-json\/wp\/v2\/types\/post"}],"author":[{"embeddable":true,"href":"https:\/\/www.europesays.com\/pl\/wp-json\/wp\/v2\/users\/2"}],"replies":[{"embeddable":true,"href":"https:\/\/www.europesays.com\/pl\/wp-json\/wp\/v2\/comments?post=125788"}],"version-history":[{"count":0,"href":"https:\/\/www.europesays.com\/pl\/wp-json\/wp\/v2\/posts\/125788\/revisions"}],"wp:featuredmedia":[{"embeddable":true,"href":"https:\/\/www.europesays.com\/pl\/wp-json\/wp\/v2\/media\/125789"}],"wp:attachment":[{"href":"https:\/\/www.europesays.com\/pl\/wp-json\/wp\/v2\/media?parent=125788"}],"wp:term":[{"taxonomy":"category","embeddable":true,"href":"https:\/\/www.europesays.com\/pl\/wp-json\/wp\/v2\/categories?post=125788"},{"taxonomy":"post_tag","embeddable":true,"href":"https:\/\/www.europesays.com\/pl\/wp-json\/wp\/v2\/tags?post=125788"}],"curies":[{"name":"wp","href":"https:\/\/api.w.org\/{rel}","templated":true}]}}