{"id":125796,"date":"2025-11-30T14:38:12","date_gmt":"2025-11-30T14:38:12","guid":{"rendered":"https:\/\/www.europesays.com\/pl\/125796\/"},"modified":"2025-11-30T14:38:12","modified_gmt":"2025-11-30T14:38:12","slug":"realme-16-pro-ze-specyfikacja-co-zaoferuje-nowa-seria","status":"publish","type":"post","link":"https:\/\/www.europesays.com\/pl\/125796\/","title":{"rendered":"realme 16 Pro (+) ze specyfikacj\u0105. Co zaoferuje nowa seria?"},"content":{"rendered":"<p class=\"lead\">realme powraca z wa\u017cn\u0105 seri\u0105 realme 16 Pro (+). Wyciek\u0142y pierwsze grafiki \u015bredniaka, a poza tym ujawniono kilka kluczowych podzespo\u0142\u00f3w specyfikacji. Czy to b\u0119dzie obowi\u0105zkowa pozycja podczas wyboru smartfona przez Polaka?<\/p>\n<p>Seria <a href=\"https:\/\/www.gsmmaniak.pl\/1585841\/realme-15-pro-premiera-specyfikacja-wyglad-cena\/\" rel=\"nofollow noopener\" target=\"_blank\">realme 15<\/a> omin\u0119\u0142a wariant Pro+, co rozczarowa\u0142o wielu u\u017cytkownik\u00f3w. Teraz dzi\u0119ki najnowszemu przeciekowi wiemy, \u017ce realme 16 Pro+ powstaje i jest ju\u017c w fazie przygotowa\u0144. Urz\u0105dzenie ma numer modelu RMX5131 i zaoferuje kilka konfiguracji pami\u0119ci oraz nowe kolory.<\/p>\n<p>Konfiguracje, kolory i pierwsze informacje o wygl\u0105dzie<\/p>\n<p>Nowy realme 16 Pro+ trafi na rynek w kolorach: Master Grey, Master Gold oraz Camellia Pink. Smartfon b\u0119dzie dost\u0119pny w wersjach 8\/128 GB, 8\/256 GB, 12\/256 GB i 12\/512 GB. Producent nie pokaza\u0142 jeszcze oficjalnych zdj\u0119\u0107 urz\u0105dzenia. Jednak na pewno nie b\u0119dzie on mocno r\u00f3\u017cni\u0107 si\u0119 od wariantu Pro, kt\u00f3ry widzisz poni\u017cej.<\/p>\n<p><a href=\"https:\/\/www.gsmmaniak.pl\/wp-content\/uploads\/gsmmaniak\/2025\/11\/1-37.png\" rel=\"lightbox-post4 nofollow noopener\" target=\"_blank\"><img loading=\"lazy\" decoding=\"async\" aria-describedby=\"caption-attachment-1617227\" class=\"size-medium wp-image-1617227\" src=\"https:\/\/www.europesays.com\/pl\/wp-content\/uploads\/2025\/11\/1-37-medium.png\" alt=\"realme 16 Pro\" width=\"500\" height=\"284\"   itemprop=\"image\" \/><\/a><\/p>\n<p id=\"caption-attachment-1617227\" class=\"wp-caption-text\">realme 16 Pro uchwycony w TENAA \/ fot. via gizmochina.com<\/p>\n<p>Ciut s\u0142abszy (przynajmniej w teorii) realme 16 Pro pojawi\u0142 si\u0119 bowiem w chi\u0144skiej bazie TENAA. Pocz\u0105tkowo widnia\u0142y tam wy\u0142\u0105cznie informacje na temat cz\u0119\u015bci specyfikacji, ale p\u00f3\u017aniej wpis zaktualizowano o grafiki. Potwierdzaj\u0105 one p\u0142aski ekran oraz kwadratow\u0105 wysp\u0119 aparat\u00f3w z zaokr\u0105glonymi rogami. Wida\u0107 na niej trzy oczka sensor\u00f3w.<\/p>\n<p>Smartfon mierzy 162.6 \u00d7 77.6 \u00d7 7.75 mm i wa\u017cy 192 g. Otrzyma te\u017c ekran OLED z przek\u0105tn\u0105 6,78\u2033 rozdzielczo\u015bci 1.5K. Przecieki wskaza\u0142y jeszcze od\u015bwie\u017canie nawet 144 Hz. Z kolei ty\u0142 przyozdobi aparat g\u0142\u00f3wny z matryc\u0105 200 MP i drugi obiektyw 8 MP (brak informacji o trzecim aparacie sugeruje atrap\u0119). Prz\u00f3d doposa\u017cy kamerka selfie 50 MP.<\/p>\n<p>Specyfikacja i przewidywane funkcje realme 16 Pro<\/p>\n<p>Wariant realme 16 Pro na start otrzyma Androida 16 z realme UI 7.0. Nap\u0119dzi go procesor 2,5 GHz, kt\u00f3rego nazwy jeszcze nie ujawniono. W zale\u017cno\u015bci od rynku telefon otrzyma od 8 do 16 GB RAM i od 128 GB do 1 TB pami\u0119ci. Za czas pracy b\u0119dzie odpowiada\u0107 bateria oko\u0142o 7000 mAh.<\/p>\n<p>Smartfon zaoferuje ponadto ultrad\u017awi\u0119kowy czytnik linii papilarnych w ekranie. Na wyposa\u017ceniu znajdzie si\u0119 tak\u017ce port podczerwieni, a \u0142adowanie przewodowe osi\u0105gnie moc 80 W. Wi\u0119cej informacji wkr\u00f3tce, wi\u0119c sprawd\u017a poni\u017cszy wpis.<\/p>\n<blockquote class=\"wp-embedded-content\" data-secret=\"nqEFusXS3v\">\n<p><a href=\"https:\/\/www.gsmmaniak.pl\/1585841\/realme-15-pro-premiera-specyfikacja-wyglad-cena\/\" rel=\"nofollow noopener\" target=\"_blank\">Premiera realme 15 (Pro). Bateria 7000 mAh z 80 W \u0142adowaniem i nowe aparaty, kiedy w Polsce?<\/a><\/p>\n<\/blockquote>\n<p>\u0179r\u00f3d\u0142o: <a href=\"https:\/\/www.gizmochina.com\/2025\/11\/28\/realme-16-pro-plus-surfaces-with-ram-storage-colors-realme-16-pro-images-leak\/\" rel=\"nofollow noopener\" target=\"_blank\">gizmochina<\/a><\/p>\n<p>Na stronie mog\u0105 wyst\u0119powa\u0107 linki afiliacyjne lub reklamowe.<\/p>\n","protected":false},"excerpt":{"rendered":"realme powraca z wa\u017cn\u0105 seri\u0105 realme 16 Pro (+). Wyciek\u0142y pierwsze grafiki \u015bredniaka, a poza tym ujawniono kilka&hellip;\n","protected":false},"author":2,"featured_media":125797,"comment_status":"","ping_status":"","sticky":false,"template":"","format":"standard","meta":{"footnotes":""},"categories":[20],"tags":[120,118,119,18019,42,38,40,39,41,26777,26780,26779,26778,26782,116,114,115,26781,121,117],"class_list":{"0":"post-125796","1":"post","2":"type-post","3":"status-publish","4":"format-standard","5":"has-post-thumbnail","7":"category-nauka-i-technika","8":"tag-nauka","9":"tag-nauka-i-technika","10":"tag-naukatechnika","11":"tag-nowy-realme","12":"tag-pl","13":"tag-poland","14":"tag-polish","15":"tag-polska","16":"tag-polski","17":"tag-realme-16-pro","18":"tag-realme-16-pro-aparat","19":"tag-realme-16-pro-design","20":"tag-realme-16-pro-specyfikacja","21":"tag-realme-16-pro-zapowiedz","22":"tag-science","23":"tag-science-and-technology","24":"tag-sciencetechnology","25":"tag-sredniak-realme","26":"tag-technika","27":"tag-technology"},"share_on_mastodon":{"url":"https:\/\/pubeurope.com\/@pl\/115639163667018143","error":""},"_links":{"self":[{"href":"https:\/\/www.europesays.com\/pl\/wp-json\/wp\/v2\/posts\/125796","targetHints":{"allow":["GET"]}}],"collection":[{"href":"https:\/\/www.europesays.com\/pl\/wp-json\/wp\/v2\/posts"}],"about":[{"href":"https:\/\/www.europesays.com\/pl\/wp-json\/wp\/v2\/types\/post"}],"author":[{"embeddable":true,"href":"https:\/\/www.europesays.com\/pl\/wp-json\/wp\/v2\/users\/2"}],"replies":[{"embeddable":true,"href":"https:\/\/www.europesays.com\/pl\/wp-json\/wp\/v2\/comments?post=125796"}],"version-history":[{"count":0,"href":"https:\/\/www.europesays.com\/pl\/wp-json\/wp\/v2\/posts\/125796\/revisions"}],"wp:featuredmedia":[{"embeddable":true,"href":"https:\/\/www.europesays.com\/pl\/wp-json\/wp\/v2\/media\/125797"}],"wp:attachment":[{"href":"https:\/\/www.europesays.com\/pl\/wp-json\/wp\/v2\/media?parent=125796"}],"wp:term":[{"taxonomy":"category","embeddable":true,"href":"https:\/\/www.europesays.com\/pl\/wp-json\/wp\/v2\/categories?post=125796"},{"taxonomy":"post_tag","embeddable":true,"href":"https:\/\/www.europesays.com\/pl\/wp-json\/wp\/v2\/tags?post=125796"}],"curies":[{"name":"wp","href":"https:\/\/api.w.org\/{rel}","templated":true}]}}