{"id":125806,"date":"2025-11-30T14:45:17","date_gmt":"2025-11-30T14:45:17","guid":{"rendered":"https:\/\/www.europesays.com\/pl\/125806\/"},"modified":"2025-11-30T14:45:17","modified_gmt":"2025-11-30T14:45:17","slug":"iphone-17-pro-256-gb-z-wieksza-bateria-tanszy-o-700-zl-okazja-allegro-black-friday-weekend","status":"publish","type":"post","link":"https:\/\/www.europesays.com\/pl\/125806\/","title":{"rendered":"iPhone 17 Pro, 256 GB (z wi\u0119ksz\u0105 bateri\u0105!) ta\u0144szy o 700 z\u0142 &#8211; OKAZJA Allegro Black Friday Weekend"},"content":{"rendered":"<p><a href=\"https:\/\/clk.tradedoubler.com\/click?p=288386&amp;a=3021109&amp;url=https%3A%2F%2Fallegro.pl%2Foferta%2Fsmartfon-apple-iphone-17-pro-256gb-deep-blue-17943662904\" rel=\"nofollow noopener\" target=\"_blank\"><img loading=\"lazy\" decoding=\"async\" class=\"aligncenter wp-image-111792\" src=\"https:\/\/www.europesays.com\/pl\/wp-content\/uploads\/2025\/11\/IMG_2562.jpg\" alt=\"\" width=\"650\" height=\"656\"   \/><\/a><\/p>\n<p>Promocje Black Friday 2025 si\u0119 jeszcze nie sko\u0144czy\u0142y \u2013 trwa Black Weekend. Na Allegro pojawia\u0142 si\u0119 iPhone 17 Pro (256 GB, g\u0142\u0119binowy b\u0142\u0119kit) <a href=\"https:\/\/clk.tradedoubler.com\/click?p=288386&amp;a=3021109&amp;url=https%3A%2F%2Fallegro.pl%2Foferta%2Fsmartfon-apple-iphone-17-pro-256gb-deep-blue-17943662904\" rel=\"nofollow noopener\" target=\"_blank\">ta\u0144szy o 700 z\u0142<\/a> (5799 z\u0142 -&gt; 5099 z\u0142!)<\/p>\n<p>W dodatku jest to model eSIM-only, z wi\u0119ksz\u0105 bateri\u0105 (szczeg\u00f3\u0142y poni\u017cej).<\/p>\n<p><a href=\"https:\/\/clk.tradedoubler.com\/click?p=288386&amp;a=3021109&amp;url=https%3A%2F%2Fallegro.pl%2Foferta%2Fsmartfon-apple-iphone-17-pro-256gb-deep-blue-17943662904\" rel=\"nofollow noopener\" target=\"_blank\">Kup iPhone\u2019a 17 Pro za 5099 z\u0142<\/a><\/p>\n<p>iPhone 17 Pro (256 GB) \u2013 promocja<\/p>\n<p>W promocji jest wi\u0119cej modeli z wi\u0119ksz\u0105 bateri\u0105!<\/p>\n<p>iPhone\u2019y z tej oferty pochodz\u0105 z oficjalnej dystrybucji ameryka\u0144skiej i japo\u0144skiej \u2013 s\u0105 to modele eSIM-only, przez co maj\u0105 wi\u0119ksz\u0105 bateri\u0119 ni\u017c wersje z tack\u0105 na fizyczn\u0105 tack\u0119 SIM, sprzedawane m.in. w Polsce.<\/p>\n<p>Por\u00f3wnanie pojemno\u015bci baterii:<\/p>\n<ul>\n<li>iPhone 17 Pro\n<ul>\n<li>SIM: 3988 mAh<\/li>\n<li>eSIM-only: 4252 mAh<\/li>\n<\/ul>\n<\/li>\n<li>iPhone 17 Pr0 Max\n<ul>\n<li>SIM:\u00a04823 mAh<\/li>\n<li>eSIM-only: 5088 mAh<\/li>\n<\/ul>\n<\/li>\n<\/ul>\n<p>Inne modele iPhone 17 Pro i 17 Pro Max eSIM-only w promocji:<\/p>\n<p>iPhone 17 Pro Max, 256 GB<\/p>\n<ul>\n<li>g\u0142\u0119binowy b\u0142\u0119kit: 6299 z\u0142 -&gt; 5838 z\u0142 (<a href=\"https:\/\/clk.tradedoubler.com\/click?p=288386&amp;a=3021109&amp;url=https%3A%2F%2Fallegro.pl%2Foferta%2Fsmartfon-apple-iphone-17-pro-max-256gb-deep-blue-18013739096\" rel=\"nofollow noopener\" target=\"_blank\">kup tutaj<\/a>)<\/li>\n<li>kosmiczny pomara\u0144cz: 6299 z\u0142 -&gt; 5999 z\u0142 (<a href=\"https:\/\/clk.tradedoubler.com\/click?p=288386&amp;a=3021109&amp;url=https%3A%2F%2Fallegro.pl%2Foferta%2Fsmartfon-apple-iphone-17-pro-max-256gb-cosmic-orange-18013739318\" rel=\"nofollow noopener\" target=\"_blank\">kup tutaj<\/a>)<\/li>\n<li>srebrny: 6299 z\u0142 -&gt; 5999 z\u0142 (<a href=\"https:\/\/allegro.pl\/oferta\/smartfon-apple-iphone-17-pro-max-256gb-silver-18013739203\" rel=\"nofollow noopener\" target=\"_blank\">kup tutaj<\/a>)<\/li>\n<\/ul>\n<p><a href=\"https:\/\/clk.tradedoubler.com\/click?p=288386&amp;a=3021109&amp;url=https%3A%2F%2Fallegro.pl%2Foferta%2Fsmartfon-apple-iphone-17-pro-max-256gb-cosmic-orange-18013739318\" rel=\"nofollow noopener\" target=\"_blank\"><img loading=\"lazy\" decoding=\"async\" class=\"aligncenter wp-image-112834\" src=\"https:\/\/www.europesays.com\/pl\/wp-content\/uploads\/2025\/11\/Smartfon-Apple-iPhone-17-Pro-Max-256GB-Cosmic-Orange-Marka-Apple.jpeg\" alt=\"\" width=\"650\" height=\"650\"   \/><\/a><\/p>\n<p>iPhone 17 Pro, 512 GB<\/p>\n<ul>\n<li>g\u0142\u0119binowy b\u0142\u0119kit: 6799 z\u0142 -&gt; 6495 z\u0142 (<a href=\"https:\/\/clk.tradedoubler.com\/click?p=288386&amp;a=3021109&amp;url=https%3A%2F%2Fallegro.pl%2Foferta%2Fsmartfon-apple-iphone-17-pro-512gb-deep-blue-18043282268\" rel=\"nofollow noopener\" target=\"_blank\">kup tutaj<\/a>)<\/li>\n<li>srebrny: 6799 z\u0142 -&gt; 6545 z\u0142 (<a href=\"https:\/\/clk.tradedoubler.com\/click?p=288386&amp;a=3021109&amp;url=https%3A%2F%2Fallegro.pl%2Foferta%2Fsmartfon-apple-iphone-17-pro-512gb-silver-18013738992\" rel=\"nofollow noopener\" target=\"_blank\">kup tutaj<\/a><\/li>\n<\/ul>\n<p>Sprzedaj\u0105cy na Allegro \u2013 \u201caguri_pl\u201d (firma Aguri) \u2013 oferuje iPhone\u2019y eSIM-only (z wieksz\u0105 bateri\u0105) pochodz\u0105ce z oficjalnej dystrybucji USA i japo\u0144skiej. S\u0105 nowe, oryginalnie zapakowane, obj\u0119te pe\u0142n\u0105 gwarancj\u0105 \u2013 takie zapewnienie przedstawiciel firmy przekaza\u0142 nam w rozmowie telefonicznej.<\/p>\n<p>U\u017cytkownik ma 99,2% pozytywnych komentarzy, w tym wszystkie pozytywne od klient\u00f3w, kt\u00f3rzy kupili od niego sprz\u0119t Apple (mo\u017cna to sprawdzi\u0107 <a href=\"https:\/\/clk.tradedoubler.com\/click?p=288386&amp;a=3021109&amp;url=https%3A%2F%2Fallegro.pl%2Fuzytkownik%2Faguri_pl%2Foceny\" rel=\"nofollow noopener\" target=\"_blank\">tutaj<\/a>). Wystawia faktury VAT.<\/p>\n<p>Inne promocje na iPhone\u2019a 17 Pro i 17 Pro Max na Allegro:<\/p>\n<p>Wi\u0119cej promocji na iPhone\u2019y 17 i 17 Pro Max (r\u00f3wnie\u017c u innych sprzedawc\u00f3w) znajdziecie <a href=\"https:\/\/thinkapple.pl\/2025\/11\/29\/iphone-17-pro-i-17-pro-max-gdzie-kupic-taniej\/\" rel=\"nofollow noopener\" target=\"_blank\">tutaj<\/a>.<\/p>\n<p>***<\/p>\n<p>Wpis zawiera linki afiliacyjne.<\/p>\n<p><a href=\"https:\/\/lantre.pl\/apple-black-friday-139?utm_source=thinkapple&amp;utm_medium=banner&amp;utm_campaign=ID0239202511\" target=\"_blank\" rel=\"nofollow noopener\"><\/p>\n<p>BLACK FRIDAY w Lantre &#8211; setki MEGAPROMOCJI NA APPLE! <\/p>\n<p><\/a><a class=\"size-desktop\" href=\"https:\/\/lantre.pl\/apple-black-friday-139?utm_source=thinkapple&amp;utm_medium=banner&amp;utm_campaign=ID0239202511\" target=\"_blank\" rel=\"nofollow noopener\"><img decoding=\"async\" src=\"https:\/\/www.europesays.com\/pl\/wp-content\/uploads\/2025\/11\/1764436552_911_800x400-thinkapple-Lantre-Black-Friday-Weekend-26-10-2025.jpg\" \/><\/a><\/p>\n<p>iPhone 17 Pro, 256 GB (z wi\u0119ksz\u0105 bateri\u0105!) ta\u0144szy o 700 z\u0142 \u2013 OKAZJA Allegro Black Friday Weekend was last modified:  listopad 29th, 2025 by Redakcja<\/p>\n","protected":false},"excerpt":{"rendered":"Promocje Black Friday 2025 si\u0119 jeszcze nie sko\u0144czy\u0142y \u2013 trwa Black Weekend. Na Allegro pojawia\u0142 si\u0119 iPhone 17&hellip;\n","protected":false},"author":2,"featured_media":125807,"comment_status":"","ping_status":"","sticky":false,"template":"","format":"standard","meta":{"footnotes":""},"categories":[20],"tags":[25262,21141,21142,25118,23930,25119,21152,24111,25120,25121,21155,2311,3664,25122,3668,8830,3670,22092,22093,22094,3671,3672,26783,22095,22096,3676,3678,26784,26785,120,118,119,42,38,40,39,41,116,114,115,121,117],"class_list":{"0":"post-125806","1":"post","2":"type-post","3":"status-publish","4":"format-standard","5":"has-post-thumbnail","7":"category-nauka-i-technika","8":"tag-allegro-black-friday-najlepsze-promocje","9":"tag-black-friday","10":"tag-black-friday-2025","11":"tag-black-friday-2025-iphone-17-pro-max","12":"tag-black-friday-iphone","13":"tag-black-friday-iphone-17","14":"tag-black-friday-iphone-17-pro-max","15":"tag-black-friday-kiedy","16":"tag-black-friday-promocja-iphone","17":"tag-black-friday-promocja-iphone-17-pro-max","18":"tag-black-weeks","19":"tag-iphone-17","20":"tag-iphone-17-gdzie-kupic","21":"tag-iphone-17-pro-black-friday","22":"tag-iphone-17-pro-max","23":"tag-iphone-17-pro-max-256-gb","24":"tag-iphone-17-pro-max-gdzie-kupic","25":"tag-iphone-17-pro-max-gdzie-kupic-taniej","26":"tag-iphone-17-pro-max-obnizka-ceny","27":"tag-iphone-17-pro-max-promocja","28":"tag-iphone-17-pro-max-raty-0","29":"tag-iphone-17-pro-max-sprzedaz","30":"tag-iphone-17-pro-max-z-wieksza-bateria","31":"tag-iphone-17-pro-promocja","32":"tag-iphone-17-promocja","33":"tag-iphone-17-raty-0","34":"tag-iphone-17-sprzedaz","35":"tag-iphone-sim-only-w-polsce","36":"tag-iphone-z-wieksza-bateria","37":"tag-nauka","38":"tag-nauka-i-technika","39":"tag-naukatechnika","40":"tag-pl","41":"tag-poland","42":"tag-polish","43":"tag-polska","44":"tag-polski","45":"tag-science","46":"tag-science-and-technology","47":"tag-sciencetechnology","48":"tag-technika","49":"tag-technology"},"share_on_mastodon":{"url":"","error":"Validation failed: Text character limit of 500 exceeded"},"_links":{"self":[{"href":"https:\/\/www.europesays.com\/pl\/wp-json\/wp\/v2\/posts\/125806","targetHints":{"allow":["GET"]}}],"collection":[{"href":"https:\/\/www.europesays.com\/pl\/wp-json\/wp\/v2\/posts"}],"about":[{"href":"https:\/\/www.europesays.com\/pl\/wp-json\/wp\/v2\/types\/post"}],"author":[{"embeddable":true,"href":"https:\/\/www.europesays.com\/pl\/wp-json\/wp\/v2\/users\/2"}],"replies":[{"embeddable":true,"href":"https:\/\/www.europesays.com\/pl\/wp-json\/wp\/v2\/comments?post=125806"}],"version-history":[{"count":0,"href":"https:\/\/www.europesays.com\/pl\/wp-json\/wp\/v2\/posts\/125806\/revisions"}],"wp:featuredmedia":[{"embeddable":true,"href":"https:\/\/www.europesays.com\/pl\/wp-json\/wp\/v2\/media\/125807"}],"wp:attachment":[{"href":"https:\/\/www.europesays.com\/pl\/wp-json\/wp\/v2\/media?parent=125806"}],"wp:term":[{"taxonomy":"category","embeddable":true,"href":"https:\/\/www.europesays.com\/pl\/wp-json\/wp\/v2\/categories?post=125806"},{"taxonomy":"post_tag","embeddable":true,"href":"https:\/\/www.europesays.com\/pl\/wp-json\/wp\/v2\/tags?post=125806"}],"curies":[{"name":"wp","href":"https:\/\/api.w.org\/{rel}","templated":true}]}}