{"id":125862,"date":"2025-11-30T15:23:09","date_gmt":"2025-11-30T15:23:09","guid":{"rendered":"https:\/\/www.europesays.com\/pl\/125862\/"},"modified":"2025-11-30T15:23:09","modified_gmt":"2025-11-30T15:23:09","slug":"spiecie-miedzy-poslanka-lewicy-a-politykiem-konfederacji-teraz-to-juz-pani-przegiela-2","status":"publish","type":"post","link":"https:\/\/www.europesays.com\/pl\/125862\/","title":{"rendered":"Spi\u0119cie mi\u0119dzy pos\u0142ank\u0105 Lewicy a politykiem Konfederacji. &#8222;Teraz to ju\u017c pani przegi\u0119\u0142a&#8221;"},"content":{"rendered":"<p class=\"ods-c-paragraph \">We wtorek Trybuna\u0142 Sprawiedliwo\u015bci Unii Europejskiej orzek\u0142, na kanwie sprawy z Polski, \u017ce <a href=\"https:\/\/wiadomosci.onet.pl\/swiat\/przelomowy-wyrok-tsue-w-sprawie-malzenstw-jednoplciowych-sprawa-dotyczy-polakow\/3e6f8k7\" id=\"76de4c3d-ab5c-443e-930a-3c006d8d56b7\" rel=\"nofollow noopener\" target=\"_blank\">pa\u0144stwo cz\u0142onkowskie ma obowi\u0105zek uzna\u0107 ma\u0142\u017ce\u0144stwo pary tej samej p\u0142ci zawarte legalnie w innym kraju UE<\/a>, nawet je\u015bli prawo tego pa\u0144stwa nie uznaje tego typu zwi\u0105zk\u00f3w.<\/p>\n<p>Dalszy ci\u0105g artyku\u0142u pod materia\u0142em wideo<\/p>\n<p> Co zasugerowa\u0142a pos\u0142anka Lewicy Anita Kucharska-Dziedzic? <\/p>\n<p> Jak zareagowa\u0142 Krzysztof Bosak na wypowiedzi Kucharskiej-Dziedzic? <\/p>\n<p> Czego dotyczy\u0142o orzeczenie Trybuna\u0142u Sprawiedliwo\u015bci UE? <\/p>\n<p> Jakie jest stanowisko Piotra Zgorzelskiego w tej sprawie? <\/p>\n<p class=\"ods-c-paragraph \">Spraw\u0119 komentowali w studiu Polsat News politycy. Przedstawicielka lewicy Anita Kucharska-Dziedzic przekonywa\u0142a, \u017ce wyrok dotyczy nie tylko ma\u0142\u017ce\u0144stw jednop\u0142ciowych zawieranych na terenie UE, ale tak\u017ce w USA. Odwo\u0142a\u0142a si\u0119 do przyk\u0142adu sekretarza skarbu USA Scotta Bessenta, kt\u00f3ry jest w zwi\u0105zku ma\u0142\u017ce\u0144skim z m\u0119\u017cczyzn\u0105 i jest ojcem dw\u00f3jki dzieci, kt\u00f3re urodzi\u0142y si\u0119 dzi\u0119ki matce zast\u0119pczej.<\/p>\n<p class=\"ods-c-paragraph \">Anita Kucharska-Dziedzic oceni\u0142a, \u017ce taki status doprowadzi\u0142by do tego, \u017ce Bessent m\u00f3g\u0142by w Polsce zosta\u0107 zatrzymany przez policj\u0119, je\u015bli zatrzyma\u0142by si\u0119 w hotelu razem ze swoim m\u0119\u017cem i dzie\u0107mi.<\/p>\n<p class=\"ods-c-paragraph \">Jej s\u0142owa wywo\u0142a\u0142y oburzenie w\u015br\u00f3d pozosta\u0142ych uczestnik\u00f3w programu &#8222;\u015aniadanie Rymanowskiego&#8221;. \u2014 Bzdury pani gada. Plecie pani bzdury w tym programie od pocz\u0105tku, ale teraz to ju\u017c pani przegi\u0119\u0142a \u2014 powiedzia\u0142 polityk Konfederacji Krzysztof Bosak.<\/p>\n<p class=\"ods-c-paragraph \">Z kolei pose\u0142 PSL Piotr Zgorzelski zwr\u00f3ci\u0142 si\u0119 z pro\u015bb\u0105, aby &#8222;nie robi\u0107 sobie \u017cart\u00f3w&#8221;. Przypomnia\u0142, \u017ce wed\u0142ug hierarchii prawa w Polsce najwy\u017cej jest Konstytucja, a nast\u0119pnie traktaty unijne i ustawy. \u2014 Skoro tak, to wyrok TSUE w \u017caden spos\u00f3b nie wp\u0142ywa, ani nie koresponduje z artyku\u0142em 18. konstytucji, kt\u00f3ry jest autorstwa ludowc\u00f3w i wiem, jaka by\u0142a ich intencja. On stanowi, \u017ce ma\u0142\u017ce\u0144stwo to zwi\u0105zek kobiety i m\u0119\u017cczyzny \u2014 powiedzia\u0142 polityk.<\/p>\n<p class=\"ods-c-paragraph \">\u2014 Je\u015bli TSUE wyda sobie jakikolwiek wyrok, kt\u00f3ry reguluje kwestie, kt\u00f3rych nie ratyfikowali\u015bmy, to nie mamy \u017cadnego obowi\u0105zku go wykonywa\u0107. Dziesi\u0105tki wyrok\u00f3w TSUE w Europie nie s\u0105 wykonywane: przez Francj\u0119, W\u0142ochy, Niemcy, jest ca\u0142a lista tych pa\u0144stw \u2014 m\u00f3wi\u0142 z kolei Pawe\u0142 Jab\u0142o\u0144ski z PiS.<\/p>\n<p class=\"ods-c-paragraph \">Zbigniew Konwi\u0144ski z KO przypomnia\u0142 z kolei, \u017ce premier Donald Tusk zleci\u0142 ju\u017c analiz\u0119 konsekwencji orzeczenia TSUE.<\/p>\n","protected":false},"excerpt":{"rendered":"We wtorek Trybuna\u0142 Sprawiedliwo\u015bci Unii Europejskiej orzek\u0142, na kanwie sprawy z Polski, \u017ce pa\u0144stwo cz\u0142onkowskie ma obowi\u0105zek uzna\u0107&hellip;\n","protected":false},"author":2,"featured_media":125863,"comment_status":"","ping_status":"","sticky":false,"template":"","format":"standard","meta":{"footnotes":""},"categories":[12],"tags":[26789,32,33,36,37,27,49,1007,34,35,6330,28,31,48,25,46,16389,42,38,40,39,41,47,29,30,8652,26],"class_list":{"0":"post-125862","1":"post","2":"type-post","3":"status-publish","4":"format-standard","5":"has-post-thumbnail","7":"category-polska","8":"tag-anita_kucharska_dziedzic","9":"tag-breaking-news","10":"tag-breakingnews","11":"tag-featured-news","12":"tag-featurednews","13":"tag-headlines","14":"tag-kraj","15":"tag-krzysztof_bosak","16":"tag-latest-news","17":"tag-latestnews","18":"tag-lgbt","19":"tag-naglowki","20":"tag-najwazniejsze-artykuly","21":"tag-nat_styl","22":"tag-news","23":"tag-omp","24":"tag-piotr_zgorzelski","25":"tag-pl","26":"tag-poland","27":"tag-polish","28":"tag-polska","29":"tag-polski","30":"tag-screening_general","31":"tag-top-stories","32":"tag-topstories","33":"tag-tsue","34":"tag-wiadomosci"},"share_on_mastodon":{"url":"https:\/\/pubeurope.com\/@pl\/115639340593384144","error":""},"_links":{"self":[{"href":"https:\/\/www.europesays.com\/pl\/wp-json\/wp\/v2\/posts\/125862","targetHints":{"allow":["GET"]}}],"collection":[{"href":"https:\/\/www.europesays.com\/pl\/wp-json\/wp\/v2\/posts"}],"about":[{"href":"https:\/\/www.europesays.com\/pl\/wp-json\/wp\/v2\/types\/post"}],"author":[{"embeddable":true,"href":"https:\/\/www.europesays.com\/pl\/wp-json\/wp\/v2\/users\/2"}],"replies":[{"embeddable":true,"href":"https:\/\/www.europesays.com\/pl\/wp-json\/wp\/v2\/comments?post=125862"}],"version-history":[{"count":0,"href":"https:\/\/www.europesays.com\/pl\/wp-json\/wp\/v2\/posts\/125862\/revisions"}],"wp:featuredmedia":[{"embeddable":true,"href":"https:\/\/www.europesays.com\/pl\/wp-json\/wp\/v2\/media\/125863"}],"wp:attachment":[{"href":"https:\/\/www.europesays.com\/pl\/wp-json\/wp\/v2\/media?parent=125862"}],"wp:term":[{"taxonomy":"category","embeddable":true,"href":"https:\/\/www.europesays.com\/pl\/wp-json\/wp\/v2\/categories?post=125862"},{"taxonomy":"post_tag","embeddable":true,"href":"https:\/\/www.europesays.com\/pl\/wp-json\/wp\/v2\/tags?post=125862"}],"curies":[{"name":"wp","href":"https:\/\/api.w.org\/{rel}","templated":true}]}}