{"id":125951,"date":"2025-11-30T16:28:03","date_gmt":"2025-11-30T16:28:03","guid":{"rendered":"https:\/\/www.europesays.com\/pl\/125951\/"},"modified":"2025-11-30T16:28:03","modified_gmt":"2025-11-30T16:28:03","slug":"tusk-zabral-glos-ws-relacji-z-prezydentem-tak-jest-lepiej-dla-polski","status":"publish","type":"post","link":"https:\/\/www.europesays.com\/pl\/125951\/","title":{"rendered":"Tusk zabra\u0142 g\u0142os ws. relacji z prezydentem. &#8222;Tak jest lepiej dla Polski&#8221;"},"content":{"rendered":"\n<p>&#13;<br \/>\nPremier Donald Tusk zamie\u015bci\u0142 wpis na\u00a0platformie X, w\u00a0kt\u00f3rym stwierdzi\u0142, \u017ce\u00a0\u201ezgodnie z\u00a0Konstytucj\u0105 rz\u0105d prowadzi polityk\u0119 zagraniczn\u0105\u201d. \u201ePrezydent jest zobowi\u0105zany do\u00a0wsp\u00f3\u0142dzia\u0142ania z\u00a0rz\u0105dem i\u00a0godnego reprezentowania Polski\u201d \u2013 napisa\u0142. &#13;\n<\/p>\n<p>&#13;<br \/>\ntwitter &#13;\n<\/p>\n<p>&#13;<br \/>\nSzef rz\u0105du zaapelowa\u0142: \u201eTrzymajmy si\u0119 wszyscy i\u00a0zawsze tej zasady\u201d. \u201eTak jest lepiej dla\u00a0Polski\u201d \u2013\u00a0doda\u0142. &#13;\n<\/p>\n<p>Nawrocki zmienia plany. Nie\u00a0spotka si\u0119 z\u00a0Orbanem<\/p>\n<p>&#13;<br \/>\nPremier W\u0119gier Viktor Orban spotka\u0142 si\u0119 w\u00a0pi\u0105tek w\u00a0Moskwie z\u00a0W\u0142adimirem Putinem. &#13;\n<\/p>\n<p>&#13;<br \/>\nW niedziel\u0119 Marcin Przydacz, szef prezydenckiego Biura Polityki Mi\u0119dzynarodowej, poinformowa\u0142, \u017ce\u00a0\u201eprezydent Karol Nawrocki konsekwentnie opowiada si\u0119 za\u00a0szukaniem realnych sposob\u00f3w zako\u0144czenia wojny na\u00a0Ukrainie wywo\u0142anej przez Federacj\u0119 Rosyjsk\u0105\u201d. &#13;\n<\/p>\n<p>&#13;<br \/>\nMarcin Przydacz zauwa\u017cy\u0142, \u017ce\u00a0Karol Nawrocki \u201eodwo\u0142uj\u0105c si\u0119 w\u00a0swej polityce do\u00a0dziedzictwa prezydenta Lecha Kaczy\u0144skiego, kt\u00f3ry podkre\u015bla\u0142, \u017ce\u00a0bezpiecze\u0144stwo Europy zale\u017cy od\u00a0solidarnego dzia\u0142ania, tak\u017ce w\u00a0dziedzinie energii, w\u00a0zwi\u0105zku ze\u00a0zrealizowan\u0105 przez premiera Viktora Orbana wizyt\u0105 w\u00a0Moskwie i\u00a0jej kontekstem, prezydent Karol Nawrocki <a href=\"https:\/\/dorzeczy.pl\/kraj\/813102\/prezydent-nagle-zmienia-plany-chodzi-o-spotkanie-z-orbanem.html\" rel=\"nofollow noopener\" target=\"_blank\">zdecydowa\u0142 si\u0119 ograniczy\u0107 program swojej wizyty na\u00a0W\u0119grzech<\/a> wy\u0142\u0105cznie do\u00a0szczytu prezydent\u00f3w Grupy Wyszehradzkiej w\u00a0Ostrzyhomiu\u201d. &#13;\n<\/p>\n<p>&#13;<br \/>\nPrezydent Karol Nawrocki mia\u0142 by\u0107 na\u00a0W\u0119grzech dwa dni. W\u00a0\u015brod\u0119 w\u00a0Ostrzyhomiu na\u00a0szczycie prezydent\u00f3w Grupy Wyszehradzkiej oraz\u00a0w\u00a0czwartek w\u00a0Budapeszcie z\u00a0oficjaln\u0105 wizyt\u0105, podczas kt\u00f3rej mia\u0142 spotka\u0107 si\u0119 z\u00a0w\u0119gierskim prezydentem TamasemSulyokiem oraz\u00a0premierem Viktorem Orbanem. &#13;\n<\/p>\n<p>Konsultacje rz\u0105d\u00f3w Polski i\u00a0Niemiec<\/p>\n<p>&#13;<br \/>\nW poniedzia\u0142ek w\u00a0Berlinie premier Donald Tusk oraz\u00a0cz\u0142onkowie jego rz\u0105du, <a href=\"https:\/\/dorzeczy.pl\/obserwator-mediow\/813201\/niemcy-zwroca-polsce-zrabowane-dziela-kultury-szykuje-sie-zwrot.html\" rel=\"nofollow noopener\" target=\"_blank\">wezm\u0105 udzia\u0142 w\u00a0konsultacjach z\u00a0rz\u0105dem Niemiec.<\/a> Centrum Informacyjnego Rz\u0105du przekaza\u0142o, \u017ce\u00a0w\u00a0polskiej delegacji uczestniczy\u0107 b\u0119d\u0105, poza szefem rz\u0105du ministrowie odpowiedzialni za: sprawy zagraniczne, obron\u0119, sprawy wewn\u0119trzne, infrastruktur\u0119, finanse, energi\u0119 i\u00a0kultur\u0119. &#13;\n<\/p>\n<p>&#13;<br \/>\nCzytaj te\u017c:<br \/><a href=\"https:\/\/dorzeczy.pl\/opinie\/813168\/nawrocki-nie-spotka-sie-z-orbanem-bosak-skrytykowal-prezydenta.html\" rel=\"follow nofollow noopener\" data-schema=\"DORZECZY\" data-image=\"https:\/\/img.dorzeczy.pl\/_thumb\/a7\/60\/b238ecb0d1407490e300d769e1b8.jpeg\" target=\"_blank\">Bosak skrytykowa\u0142 decyzj\u0119 Nawrockiego. &#8222;Jest wr\u0119cz b\u0142\u0119dem&#8221;<\/a>Czytaj te\u017c:<br \/><a href=\"https:\/\/dorzeczy.pl\/opinie\/813234\/nawrocki-odwolal-spotkanie-z-orbanem-mentzen-nie-rozumiem-tego.html\" rel=\"follow nofollow noopener\" data-schema=\"DORZECZY\" data-image=\"https:\/\/img.dorzeczy.pl\/_thumb\/f5\/48\/e1b273f8eb60782241c351a4d892.jpeg\" target=\"_blank\">Burza po\u00a0decyzji Nawrockiego. Mentzen zabra\u0142 g\u0142os<\/a> &#13;<\/p>\n","protected":false},"excerpt":{"rendered":"&#13; Premier Donald Tusk zamie\u015bci\u0142 wpis na\u00a0platformie X, w\u00a0kt\u00f3rym stwierdzi\u0142, \u017ce\u00a0\u201ezgodnie z\u00a0Konstytucj\u0105 rz\u0105d prowadzi polityk\u0119 zagraniczn\u0105\u201d. \u201ePrezydent jest&hellip;\n","protected":false},"author":2,"featured_media":125952,"comment_status":"","ping_status":"","sticky":false,"template":"","format":"standard","meta":{"footnotes":""},"categories":[12],"tags":[32,33,1345,98,36,37,27,690,6332,49,34,35,8136,28,31,25,102,42,38,40,4362,39,41,29,30,26],"class_list":{"0":"post-125951","1":"post","2":"type-post","3":"status-publish","4":"format-standard","5":"has-post-thumbnail","7":"category-polska","8":"tag-breaking-news","9":"tag-breakingnews","10":"tag-donald-tusk","11":"tag-dorzeczy","12":"tag-featured-news","13":"tag-featurednews","14":"tag-headlines","15":"tag-karol-nawrocki","16":"tag-konstytucja","17":"tag-kraj","18":"tag-latest-news","19":"tag-latestnews","20":"tag-lidia-lemaniak","21":"tag-naglowki","22":"tag-najwazniejsze-artykuly","23":"tag-news","24":"tag-opinie","25":"tag-pl","26":"tag-poland","27":"tag-polish","28":"tag-polityka-zagraniczna","29":"tag-polska","30":"tag-polski","31":"tag-top-stories","32":"tag-topstories","33":"tag-wiadomosci"},"share_on_mastodon":{"url":"https:\/\/pubeurope.com\/@pl\/115639596129211779","error":""},"_links":{"self":[{"href":"https:\/\/www.europesays.com\/pl\/wp-json\/wp\/v2\/posts\/125951","targetHints":{"allow":["GET"]}}],"collection":[{"href":"https:\/\/www.europesays.com\/pl\/wp-json\/wp\/v2\/posts"}],"about":[{"href":"https:\/\/www.europesays.com\/pl\/wp-json\/wp\/v2\/types\/post"}],"author":[{"embeddable":true,"href":"https:\/\/www.europesays.com\/pl\/wp-json\/wp\/v2\/users\/2"}],"replies":[{"embeddable":true,"href":"https:\/\/www.europesays.com\/pl\/wp-json\/wp\/v2\/comments?post=125951"}],"version-history":[{"count":0,"href":"https:\/\/www.europesays.com\/pl\/wp-json\/wp\/v2\/posts\/125951\/revisions"}],"wp:featuredmedia":[{"embeddable":true,"href":"https:\/\/www.europesays.com\/pl\/wp-json\/wp\/v2\/media\/125952"}],"wp:attachment":[{"href":"https:\/\/www.europesays.com\/pl\/wp-json\/wp\/v2\/media?parent=125951"}],"wp:term":[{"taxonomy":"category","embeddable":true,"href":"https:\/\/www.europesays.com\/pl\/wp-json\/wp\/v2\/categories?post=125951"},{"taxonomy":"post_tag","embeddable":true,"href":"https:\/\/www.europesays.com\/pl\/wp-json\/wp\/v2\/tags?post=125951"}],"curies":[{"name":"wp","href":"https:\/\/api.w.org\/{rel}","templated":true}]}}