{"id":125967,"date":"2025-11-30T16:38:10","date_gmt":"2025-11-30T16:38:10","guid":{"rendered":"https:\/\/www.europesays.com\/pl\/125967\/"},"modified":"2025-11-30T16:38:10","modified_gmt":"2025-11-30T16:38:10","slug":"zenek-martyniuk-mocno-sie-przestraszyl-na-scenie-wygladal-jak-rutkowski","status":"publish","type":"post","link":"https:\/\/www.europesays.com\/pl\/125967\/","title":{"rendered":"Zenek Martyniuk mocno si\u0119 przestraszy\u0142 na scenie. &#8222;Wygl\u0105da\u0142 jak Rutkowski&#8221;"},"content":{"rendered":"<p class=\"ods-c-paragraph \">To mia\u0142 by\u0107 kolejny, energetyczny koncert w ramach Polskiego Festivalu w Holandii, gdzie 29 listopada <a href=\"https:\/\/plejada.pl\/zenon-martyniuk\" id=\"b660b04f-3159-4dfd-8c05-dc2a8e23a91c\" rel=\"nofollow noopener\" target=\"_blank\">Zenek Martyniuk<\/a> wyst\u0105pi\u0142 u boku <a href=\"https:\/\/plejada.pl\/newsy\/skolim-przebil-wszystkich-nawiazal-do-glosnej-obietnicy-donalda-tuska\/yd9jtym\" id=\"2007d5a8-8d37-4990-a208-311e358a97cc\" rel=\"nofollow noopener\" target=\"_blank\">Skolima<\/a> i C-boola. W wype\u0142nionej po brzegi hali Vibes w Eindhoven lider Akcentu jak zawsze chodzi\u0142 po scenie, rozkr\u0119caj\u0105c publiczno\u015b\u0107 i zach\u0119caj\u0105c do wsp\u00f3lnego \u015bpiewania. Nikt nie spodziewa\u0142 si\u0119 jednak, \u017ce jeden krok za blisko urz\u0105dzenia scenicznego zapewni mu najbardziej wiralowy moment ca\u0142ego wieczoru.<\/p>\n<p>Dalszy ci\u0105g artyku\u0142u pod materia\u0142em wideo<\/p>\n<p> Co si\u0119 wydarzy\u0142o podczas koncertu Zenka Martyniuka? <\/p>\n<p> Jak zareagowa\u0142 Zenek Martyniuk na niespodziewany wystrza\u0142? <\/p>\n<p> Czy Zenek przerwa\u0142 wyst\u0119p po wystrzale? <\/p>\n<p> Co komentowali internauci na temat tej sytuacji? <\/p>\n<p>  Zenek Martyniuk mocno si\u0119 przestraszy\u0142 na scenie. Zabawna wpadka &#8222;kr\u00f3la disco polo&#8221;<\/p>\n<p class=\"ods-c-paragraph \">Podczas jednej z piosenek Zenek Martyniuk podszed\u0142 zbyt blisko tuby ze spr\u0119\u017conym powietrzem. Sekund\u0119 p\u00f3\u017aniej maszyna hukn\u0119\u0142a, wyrzucaj\u0105c z impetem fontann\u0119 konfetti tu\u017c obok jego g\u0142owy. Na nagraniu wida\u0107, jak artysta gwa\u0142townie si\u0119 pochyla, po czym szybko odsuwa w bezpieczn\u0105 odleg\u0142o\u015b\u0107, wci\u0105\u017c \u015bpiewaj\u0105c. W\u0142osy, kt\u00f3re nagle zosta\u0142y rozdmuchane przez wybuch, musia\u0142 uk\u0142ada\u0107 w biegu i to bez przerywania wyst\u0119pu.<\/p>\n<p> Internauci \u015bmiej\u0105 si\u0119 z wpadki Martyniuka. &#8222;Przez chwil\u0119 wygl\u0105da\u0142 jak Krzysztof Rutkowski&#8221;   <\/p>\n<p class=\"ods-c-paragraph \">Cho\u0107 sytuacja wygl\u0105da\u0142a gro\u017anie, sko\u0144czy\u0142o si\u0119 ostatecznie jedynie spor\u0105 dawk\u0105 humoru. Internauci nie zawiedli i b\u0142yskawicznie zacz\u0119li komentowa\u0107 zabawn\u0105 sytuacj\u0119. W komentarzach pod wiralowym nagraniem zaroi\u0142o si\u0119 od \u017cart\u00f3w:<\/p>\n<p class=\"ods-c-paragraph \">&#8222;Przez chwil\u0119 wygl\u0105da\u0142 jak Krzysztof Rutkowski&#8221;, &#8222;A\u017c mu w\u0142osy stan\u0119\u0142y d\u0119ba&#8221;, &#8222;Zenek rozbuja\u0142 t\u0119 bud\u0119&#8221;, &#8222;To by\u0142 nieudany atak na polskiego gwiazdora&#8221;, &#8222;To si\u0119 nazywa b\u0142yskawiczna zmiana fryzury&#8221;, &#8222;Strza\u0142 by\u0142 mocny, a on lecia\u0142 z tekstem, jak gdyby nigdy nic. Nawet na chwil\u0119 nie przesta\u0142&#8221;, &#8222;By\u0142 opanowany jak zawsze&#8221;. <\/p>\n<p class=\"ods-c-paragraph \">Fani zgodnie przyznali, \u017ce sytuacja \u2013 cho\u0107 zaskakuj\u0105ca \u2013 pokaza\u0142a pe\u0142en profesjonalizm Zenka, kt\u00f3ry nawet po niespodziewanym &#8222;wybuchu&#8221; nie straci\u0142 rytmu.<\/p>\n<p><img decoding=\"async\" src=\"https:\/\/www.europesays.com\/pl\/wp-content\/uploads\/2025\/11\/6Tak9lBaHR0cHM6Ly9vY2RuLmV1L3B1bHNjbXMvTURBXy81NjZlNDQ1MzcwYjRkNGQ4ZjRiNDU4NDNkNTQ0ODBiOC5qcGeRlQLNB.jpeg\" height=\"628\" width=\"940\" alt=\"Zenek Martyniuk\" loading=\"lazy\" class=\"ods-c-image__img ods-c-image__img--viewport-width\"\/><\/p>\n<p>Zenek MartyniukPiotr Andrzejczak \/ MW Media<\/p>\n<p class=\"ods-c-paragraph \">Dzi\u0119kujemy, \u017ce przeczyta\u0142a\u015b\/e\u015b nasz artyku\u0142 do ko\u0144ca. W serwisie Plejada.pl ka\u017cdego dnia piszemy o najwa\u017cniejszych wydarzeniach show-biznesowych. B\u0105d\u017a na bie\u017c\u0105co! <a rel=\"nofollow noopener\" href=\"https:\/\/profile.google.com\/cp\/Cg0vZy8xMWJ6X19wdHBx\" id=\"44e46b52-f3a6-438d-8e24-0fb90573ec94\" target=\"_blank\">Obserwuj<\/a> Plejad\u0119 w Google. Odwied\u017a nas tak\u017ce na <a rel=\"nofollow noopener\" href=\"https:\/\/www.facebook.com\/plejadapl\" id=\"6b1735bc-4823-4609-91a3-da3d192005cf\" target=\"_blank\">Facebooku<\/a>, <a rel=\"nofollow noopener\" href=\"https:\/\/www.instagram.com\/plejadapl\/\" id=\"55de713b-6d9b-4029-81df-c78fe84f0b8f\" target=\"_blank\">Instagramie<\/a>, <a rel=\"nofollow noopener\" href=\"https:\/\/www.youtube.com\/c\/plejada\" id=\"2ec3aa09-f7b2-417a-add6-d249d9792796\" target=\"_blank\">YouTubie<\/a> oraz <a rel=\"nofollow noopener\" href=\"https:\/\/www.tiktok.com\/@plejada_pl\" id=\"f8feceab-647b-4dd0-8e80-837f45935979\" target=\"_blank\">TikToku<\/a>.<\/p>\n<p class=\"ods-c-paragraph \">Chcesz podzieli\u0107 si\u0119 ciekawym newsem lub zaproponowa\u0107 temat? Skontaktuj si\u0119 z nami, pisz\u0105c maila na adres: <a rel=\"nofollow noopener\" href=\"https:\/\/plejada.pl\/newsy\/zenek-martyniuk-mocno-sie-przestraszyl-na-scenie-wygladal-jak-rutkowski\/mailto:plejada@redakcjaonet.pl\" id=\"4f4fadb1-e181-4a27-a516-d85d3f0b7e3c\" target=\"_blank\">plejada@redakcjaon<\/a><a href=\"https:\/\/et.pl\" id=\"69505103-86bd-488e-9563-c26ad6da0b2e\" rel=\"nofollow noopener\" target=\"_blank\">et.pl<\/a>.<\/p>\n<p><script async src=\"\/\/www.instagram.com\/embed.js\"><\/script><script async src=\"\/\/www.tiktok.com\/embed.js\"><\/script><\/p>\n","protected":false},"excerpt":{"rendered":"To mia\u0142 by\u0107 kolejny, energetyczny koncert w ramach Polskiego Festivalu w Holandii, gdzie 29 listopada Zenek Martyniuk wyst\u0105pi\u0142&hellip;\n","protected":false},"author":2,"featured_media":125968,"comment_status":"","ping_status":"","sticky":false,"template":"","format":"standard","meta":{"footnotes":""},"categories":[22],"tags":[16641,122,1786,48,125,46,42,38,40,39,41,123,47,6566,16031],"class_list":{"0":"post-125967","1":"post","2":"type-post","3":"status-publish","4":"format-standard","5":"has-post-thumbnail","7":"category-rozrywka","8":"tag-disco_polo","9":"tag-entertainment","10":"tag-holandia","11":"tag-nat_styl","12":"tag-newsy","13":"tag-omp","14":"tag-pl","15":"tag-poland","16":"tag-polish","17":"tag-polska","18":"tag-polski","19":"tag-rozrywka","20":"tag-screening_general","21":"tag-skolim","22":"tag-zenon_martyniuk"},"share_on_mastodon":{"url":"https:\/\/pubeurope.com\/@pl\/115639635480156504","error":""},"_links":{"self":[{"href":"https:\/\/www.europesays.com\/pl\/wp-json\/wp\/v2\/posts\/125967","targetHints":{"allow":["GET"]}}],"collection":[{"href":"https:\/\/www.europesays.com\/pl\/wp-json\/wp\/v2\/posts"}],"about":[{"href":"https:\/\/www.europesays.com\/pl\/wp-json\/wp\/v2\/types\/post"}],"author":[{"embeddable":true,"href":"https:\/\/www.europesays.com\/pl\/wp-json\/wp\/v2\/users\/2"}],"replies":[{"embeddable":true,"href":"https:\/\/www.europesays.com\/pl\/wp-json\/wp\/v2\/comments?post=125967"}],"version-history":[{"count":0,"href":"https:\/\/www.europesays.com\/pl\/wp-json\/wp\/v2\/posts\/125967\/revisions"}],"wp:featuredmedia":[{"embeddable":true,"href":"https:\/\/www.europesays.com\/pl\/wp-json\/wp\/v2\/media\/125968"}],"wp:attachment":[{"href":"https:\/\/www.europesays.com\/pl\/wp-json\/wp\/v2\/media?parent=125967"}],"wp:term":[{"taxonomy":"category","embeddable":true,"href":"https:\/\/www.europesays.com\/pl\/wp-json\/wp\/v2\/categories?post=125967"},{"taxonomy":"post_tag","embeddable":true,"href":"https:\/\/www.europesays.com\/pl\/wp-json\/wp\/v2\/tags?post=125967"}],"curies":[{"name":"wp","href":"https:\/\/api.w.org\/{rel}","templated":true}]}}