{"id":125971,"date":"2025-11-30T16:41:14","date_gmt":"2025-11-30T16:41:14","guid":{"rendered":"https:\/\/www.europesays.com\/pl\/125971\/"},"modified":"2025-11-30T16:41:14","modified_gmt":"2025-11-30T16:41:14","slug":"prezydent-nawrocki-zmienia-plany-chodzi-o-spotkanie-z-viktorem-orbanem","status":"publish","type":"post","link":"https:\/\/www.europesays.com\/pl\/125971\/","title":{"rendered":"Prezydent Nawrocki zmienia plany. Chodzi o spotkanie z Viktorem Orbanem"},"content":{"rendered":"<ul class=\"list-summary__items summary\">\n<li>Po co polski prezydent jedzie z wizyt\u0105 na W\u0119gry<\/li>\n<li>Dlaczego Karol Nawrocki zdecydowa\u0142 si\u0119 na zmian\u0119 w programie w\u0119gierskiej wizyty<\/li>\n<\/ul>\n<p>Wizyta prezydenta na W\u0119grzech rozpocznie si\u0119 3 grudnia. Zgodnie z pierwotnym\u00a0 planem, Karol Nawrocki mia\u0142 wzi\u0105\u0107 udzia\u0142\u00a0w szczycie przyw\u00f3dc\u00f3w pa\u0144stw Grupy Wyszehradzkiej\u00a0w\u00a0Ostrzyhomiu oraz &#8211; p\u00f3\u017aniej &#8211; mia\u0142 spotka\u0107 si\u0119 z prezydentem\u00a0Tamasem Sulyokiem i premierem W\u0119gier Viktorem Orbanem.<\/p>\n<p>W niedziele poinformowano o zmianie plan\u00f3w. Prezydencki minister Marcin Przydacz napisa\u0142 na platformie X: &#8222;Odwo\u0142uj\u0105c si\u0119 w swej polityce do dziedzictwa prezydenta Lecha Kaczy\u0144skiego, kt\u00f3ry podkre\u015blal, \u017ce bezpiecze\u0144stwo Europy zale\u017cy od solidarnego dzia\u0142ania, tak\u017ce w dziedzinie energii, w zwi\u0105zku ze zrealizowan\u0105 przez Premiera Viktora Orbana wizyt\u0105 w Moskwie i jej kontekstem, Prezydent K. Nawrocki zdecydowa\u0142 si\u0119 ograniczy\u0107 program swojej wizyty na W\u0119grzech wy\u0142\u0105cznie do szczytu prezydent\u00f3w Grupy Wyszehradzkiej&#8221;.\u00a0<\/p>\n<p>Przydacz podkre\u015bli\u0142, \u017ce Karol Nawrocki &#8222;konsekwentnie opowiada si\u0119 za szukaniem realnych sposob\u00f3w zako\u0144czenia wojny na Ukrainie wywo\u0142anej przez Federacj\u0119 Rosyjsk\u0105&#8221;.<\/p>\n<p>Przypomnijmy, \u017ce do kolejnej ju\u017c wizyty premiera W\u0119gier Viktora Orbana dosz\u0142o w miniony pi\u0105tek.<\/p>\n<p>\u0179r\u00f3d\u0142o: X, PAP\u00a0<\/p>\n<p>Zdj\u0119cie:\u00a0Adam Burakowski\/East News<\/p>\n","protected":false},"excerpt":{"rendered":"Po co polski prezydent jedzie z wizyt\u0105 na W\u0119gry Dlaczego Karol Nawrocki zdecydowa\u0142 si\u0119 na zmian\u0119 w programie&hellip;\n","protected":false},"author":2,"featured_media":125972,"comment_status":"","ping_status":"","sticky":false,"template":"","format":"standard","meta":{"footnotes":""},"categories":[14],"tags":[32,33,27,690,34,35,13466,28,31,25,40,907,41,1005,80,29,30,6676,2670,26,82,83,84],"class_list":{"0":"post-125971","1":"post","2":"type-post","3":"status-publish","4":"format-standard","5":"has-post-thumbnail","7":"category-swiat","8":"tag-breaking-news","9":"tag-breakingnews","10":"tag-headlines","11":"tag-karol-nawrocki","12":"tag-latest-news","13":"tag-latestnews","14":"tag-marcin-przydacz","15":"tag-naglowki","16":"tag-najwazniejsze-artykuly","17":"tag-news","18":"tag-polish","19":"tag-polityka","20":"tag-polski","21":"tag-prezydent","22":"tag-swiat","23":"tag-top-stories","24":"tag-topstories","25":"tag-viktor-orban","26":"tag-wegry","27":"tag-wiadomosci","28":"tag-world","29":"tag-world-news","30":"tag-worldnews"},"share_on_mastodon":{"url":"https:\/\/pubeurope.com\/@pl\/115639647242991587","error":""},"_links":{"self":[{"href":"https:\/\/www.europesays.com\/pl\/wp-json\/wp\/v2\/posts\/125971","targetHints":{"allow":["GET"]}}],"collection":[{"href":"https:\/\/www.europesays.com\/pl\/wp-json\/wp\/v2\/posts"}],"about":[{"href":"https:\/\/www.europesays.com\/pl\/wp-json\/wp\/v2\/types\/post"}],"author":[{"embeddable":true,"href":"https:\/\/www.europesays.com\/pl\/wp-json\/wp\/v2\/users\/2"}],"replies":[{"embeddable":true,"href":"https:\/\/www.europesays.com\/pl\/wp-json\/wp\/v2\/comments?post=125971"}],"version-history":[{"count":0,"href":"https:\/\/www.europesays.com\/pl\/wp-json\/wp\/v2\/posts\/125971\/revisions"}],"wp:featuredmedia":[{"embeddable":true,"href":"https:\/\/www.europesays.com\/pl\/wp-json\/wp\/v2\/media\/125972"}],"wp:attachment":[{"href":"https:\/\/www.europesays.com\/pl\/wp-json\/wp\/v2\/media?parent=125971"}],"wp:term":[{"taxonomy":"category","embeddable":true,"href":"https:\/\/www.europesays.com\/pl\/wp-json\/wp\/v2\/categories?post=125971"},{"taxonomy":"post_tag","embeddable":true,"href":"https:\/\/www.europesays.com\/pl\/wp-json\/wp\/v2\/tags?post=125971"}],"curies":[{"name":"wp","href":"https:\/\/api.w.org\/{rel}","templated":true}]}}