{"id":126056,"date":"2025-11-30T17:32:22","date_gmt":"2025-11-30T17:32:22","guid":{"rendered":"https:\/\/www.europesays.com\/pl\/126056\/"},"modified":"2025-11-30T17:32:22","modified_gmt":"2025-11-30T17:32:22","slug":"pogoda-dzis-w-nocy-moze-sparalizowac-polske-imgw-wydal-zolte-ostrzezenia","status":"publish","type":"post","link":"https:\/\/www.europesays.com\/pl\/126056\/","title":{"rendered":"Pogoda dzi\u015b w nocy mo\u017ce sparali\u017cowa\u0107 Polsk\u0119. IMGW wyda\u0142 \u017c\u00f3\u0142te ostrze\u017cenia"},"content":{"rendered":"<p class=\"Paragraph_desktopParagraph__U31Gm\">Cho\u0107 mamy popo\u0142udnie, nadal w wielu regionach, zw\u0142aszcza po\u0142udniowej i \u015brodkowej <a href=\"https:\/\/wiadomosci.onet.pl\/polska\" id=\"dfd6f1ef-0684-48da-b548-ca15764842ea\" rel=\"nofollow noopener\" target=\"_blank\">Polski<\/a>, utrzymuj\u0105 si\u0119 mg\u0142y z niskimi chmurami. Niekt\u00f3re s\u0105 marzn\u0105ce oraz powoduj\u0105, \u017ce drogi i chodniki sta\u0142y si\u0119 bardzo \u015bliskie. Co prawda teraz bardzo powoli s\u0142abn\u0105, ale ju\u017c po zachodzie s\u0142o\u0144ca ponownie szybko si\u0119 nasil\u0105.<\/p>\n<p>Niemal ca\u0142a Polska zagro\u017cona bardzo silnymi mg\u0142ami. S\u0105 alerty IMGW w 14 wojew\u00f3dztwach <\/p>\n<p class=\"Paragraph_desktopParagraph__U31Gm\">W nocy mg\u0142y spowij\u0105 niemal ca\u0142y kraj, a <a href=\"https:\/\/wiadomosci.onet.pl\/imgw\" id=\"a08d51ac-9cd6-42ac-b03e-8ef6b133c398\" rel=\"nofollow noopener\" target=\"_blank\">IMGW<\/a> wyda\u0142 ostrze\u017cenia prawie dla ca\u0142ej Polski, opr\u00f3cz woj. lubuskiego i zachodniopomorskiego. Alertami nie zosta\u0142a obj\u0119ta te\u017c zachodnia Wielkopolska i cz\u0119\u015b\u0107 woj. pomorskiego (p\u00f3\u0142nocne i \u015brodkowe powiaty). Obowi\u0105zywa\u0107 maj\u0105 one od godz. 17 do poniedzia\u0142ku do godz. 9. Nie mo\u017cna jednak wykluczy\u0107, \u017ce p\u00f3\u017aniej sytuacja nie wsz\u0119dzie si\u0119 poprawi i tak jak dzisiaj, lokalnie mglisto b\u0119dzie przez ca\u0142y dzie\u0144.<\/p>\n<p><img decoding=\"async\" class=\"Image_image__0tuHp Image_autoHeight__f2n87 \" height=\"587\" width=\"590\" src=\"https:\/\/www.europesays.com\/pl\/wp-content\/uploads\/2025\/11\/2N7k9kpTURBXy83NTBmN2NjNzNkYTdhNTZiNTg5MTQxZGM5MWM1Y2YxZi5wbmeSlQLNA6wAwsOVAgDNAkvCw94AA6EwAaExAaEzw.jpeg\" alt=\"Ostrze\u017cenia IMGW przed mg\u0142ami obowi\u0105zuj\u0105 w wi\u0119kszo\u015bci Polski\" loading=\"lazy\" \/>IMGW-PIB METEO POLSKA<\/p>\n<p>Ostrze\u017cenia IMGW przed mg\u0142ami obowi\u0105zuj\u0105 w wi\u0119kszo\u015bci Polski<\/p>\n<p class=\"Paragraph_desktopParagraph__U31Gm\">&#8222;Prognozuje si\u0119 g\u0119ste mg\u0142y, w zasi\u0119gu kt\u00f3rych widzialno\u015b\u0107 mo\u017ce miejscami wynosi\u0107 poni\u017cej 200 m. Mg\u0142y lokalnie b\u0119d\u0105 osadza\u0107 szad\u017a, powoduj\u0105c \u015blisko\u015b\u0107 nawierzchni dr\u00f3g i chodnik\u00f3w&#8221; \u2014 czytamy w tre\u015bci <a href=\"https:\/\/wiadomosci.onet.pl\/ostrzezenia\" id=\"486749f0-2b81-47be-a1d9-b51d14c89420\" rel=\"nofollow noopener\" target=\"_blank\">ostrze\u017ce\u0144<\/a>. Synoptycy oszacowali prawdopodobie\u0144stwo wyst\u0105pienia zjawiska na 75 proc.<\/p>\n<p class=\"VideoPlayerText_videoPlayerText__iDwyz\">Dalszy ci\u0105g materia\u0142u pod wideo<\/p>\n<p class=\"Paragraph_desktopParagraph__U31Gm\">Istnieje ryzyko, \u017ce g\u0119ste mg\u0142y wieczorem, w nocy i w poniedzia\u0142ek rano spowoduj\u0105 utrudnienia komunikacyjne. Szczeg\u00f3lnie dotyczy to lotnisk. Cz\u0119\u015b\u0107 port\u00f3w mo\u017ce przekierowywa\u0107 samoloty, a w skrajnych przypadkach niekt\u00f3re loty zostan\u0105 nawet wstrzymane. Do\u015bwiadczy\u0142 ju\u017c tego w ostatnich godzinach m.in. Krak\u00f3w.<\/p>\n<ul class=\"OchatFollowUps_wrapper__1ry7X\">\n<li class=\"OchatFollowUps_item__Dhyly OchatFollowUps_itemDesktop__R6aBv\">Jakie wojew\u00f3dztwa nie s\u0105 obj\u0119te alertami IMGW?<\/li>\n<li class=\"OchatFollowUps_item__Dhyly OchatFollowUps_itemDesktop__R6aBv\">Jak d\u0142ugo b\u0119d\u0105 obowi\u0105zywa\u0107 alerty IMGW?<\/li>\n<li class=\"OchatFollowUps_item__Dhyly OchatFollowUps_itemDesktop__R6aBv\">Jakie s\u0105 prognozy na nadchodz\u0105cy tydzie\u0144?<\/li>\n<li class=\"OchatFollowUps_item__Dhyly OchatFollowUps_itemDesktop__R6aBv\">Gdzie mog\u0105 wyst\u0105pi\u0107 utrudnienia komunikacyjne?<\/li>\n<\/ul>\n<p class=\"Paragraph_desktopParagraph__U31Gm\">Prognozy na kolejne dni nie s\u0105 optymistyczne. Prawdopodobnie przez ca\u0142y nadchodz\u0105cy tydzie\u0144 utrzyma si\u0119 podobna sytuacja pogodowa (blisko\u015b\u0107 zgni\u0142ego wy\u017cu), co oznacza, \u017ce mgie\u0142 nie zabraknie i to na przewa\u017caj\u0105cym obszarze kraju, zar\u00f3wno nocami, jak i w dzie\u0144. Miejscami nie b\u0119dzie nic wida\u0107 w promieniu zaledwie kilkudziesi\u0119ciu metr\u00f3w, a IMGW zapewne wystosuje kolejne ostrze\u017cenia.<\/p>\n<p><img decoding=\"async\" class=\"Image_image__0tuHp Image_autoHeight__f2n87 \" height=\"503\" width=\"940\" src=\"https:\/\/www.europesays.com\/pl\/wp-content\/uploads\/2025\/11\/Jojk9kpTURBXy9kZTUzNmMzZjIxOTMyODA0OTdkYzNmMWRhMzY4YWMwNi5wbmeSlQLNA6wAwsOVAgDNAkvCw94AA6EwAaExAaEzw.jpeg\" alt=\"G\u0119ste mg\u0142y b\u0119d\u0105 spowija\u0107 Polsk\u0119 tak\u017ce w kolejnych dniach\" loading=\"lazy\" \/>IMGW-PIB METEO POLSKA<\/p>\n<p>G\u0119ste mg\u0142y b\u0119d\u0105 spowija\u0107 Polsk\u0119 tak\u017ce w kolejnych dniach<\/p>\n","protected":false},"excerpt":{"rendered":"Cho\u0107 mamy popo\u0142udnie, nadal w wielu regionach, zw\u0142aszcza po\u0142udniowej i \u015brodkowej Polski, utrzymuj\u0105 si\u0119 mg\u0142y z niskimi chmurami.&hellip;\n","protected":false},"author":2,"featured_media":126057,"comment_status":"","ping_status":"","sticky":false,"template":"","format":"standard","meta":{"footnotes":""},"categories":[5],"tags":[32,33,36,37,27,67,34,35,10372,28,31,53,25,52,68,51,16382,55,42,78,38,40,39,41,25177,47,29,30,65,50,26],"class_list":{"0":"post-126056","1":"post","2":"type-post","3":"status-publish","4":"format-standard","5":"has-post-thumbnail","7":"category-naglowki","8":"tag-breaking-news","9":"tag-breakingnews","10":"tag-featured-news","11":"tag-featurednews","12":"tag-headlines","13":"tag-intextvideo_splayer","14":"tag-latest-news","15":"tag-latestnews","16":"tag-mgla","17":"tag-naglowki","18":"tag-najwazniejsze-artykuly","19":"tag-new_header","20":"tag-news","21":"tag-onet3","22":"tag-onet3d","23":"tag-onet3d_2i","24":"tag-ostrzezenia_imgw","25":"tag-phx","26":"tag-pl","27":"tag-pogoda","28":"tag-poland","29":"tag-polish","30":"tag-polska","31":"tag-polski","32":"tag-regwall_tst0","33":"tag-screening_general","34":"tag-top-stories","35":"tag-topstories","36":"tag-update_me","37":"tag-v2021","38":"tag-wiadomosci"},"share_on_mastodon":{"url":"https:\/\/pubeurope.com\/@pl\/115639848006937759","error":""},"_links":{"self":[{"href":"https:\/\/www.europesays.com\/pl\/wp-json\/wp\/v2\/posts\/126056","targetHints":{"allow":["GET"]}}],"collection":[{"href":"https:\/\/www.europesays.com\/pl\/wp-json\/wp\/v2\/posts"}],"about":[{"href":"https:\/\/www.europesays.com\/pl\/wp-json\/wp\/v2\/types\/post"}],"author":[{"embeddable":true,"href":"https:\/\/www.europesays.com\/pl\/wp-json\/wp\/v2\/users\/2"}],"replies":[{"embeddable":true,"href":"https:\/\/www.europesays.com\/pl\/wp-json\/wp\/v2\/comments?post=126056"}],"version-history":[{"count":0,"href":"https:\/\/www.europesays.com\/pl\/wp-json\/wp\/v2\/posts\/126056\/revisions"}],"wp:featuredmedia":[{"embeddable":true,"href":"https:\/\/www.europesays.com\/pl\/wp-json\/wp\/v2\/media\/126057"}],"wp:attachment":[{"href":"https:\/\/www.europesays.com\/pl\/wp-json\/wp\/v2\/media?parent=126056"}],"wp:term":[{"taxonomy":"category","embeddable":true,"href":"https:\/\/www.europesays.com\/pl\/wp-json\/wp\/v2\/categories?post=126056"},{"taxonomy":"post_tag","embeddable":true,"href":"https:\/\/www.europesays.com\/pl\/wp-json\/wp\/v2\/tags?post=126056"}],"curies":[{"name":"wp","href":"https:\/\/api.w.org\/{rel}","templated":true}]}}