{"id":126169,"date":"2025-11-30T18:49:15","date_gmt":"2025-11-30T18:49:15","guid":{"rendered":"https:\/\/www.europesays.com\/pl\/126169\/"},"modified":"2025-11-30T18:49:15","modified_gmt":"2025-11-30T18:49:15","slug":"park-swietokrzyski-w-warszawie-pod-kontrola-mlodziezy-policja-interweniuje-2","status":"publish","type":"post","link":"https:\/\/www.europesays.com\/pl\/126169\/","title":{"rendered":"Park \u015awi\u0119tokrzyski w Warszawie pod kontrol\u0105 m\u0142odzie\u017cy. Policja interweniuje"},"content":{"rendered":"<p class=\"ods-c-paragraph \">Z reporta\u017cu &#8222;Wyborczej&#8221; wynika, \u017ce Park \u015awi\u0119tokrzyski w centrum Warszawy sta\u0142 si\u0119 miejscem spotka\u0144 du\u017cych grup m\u0142odzie\u017cy a jednocze\u015bnie jednym z najbardziej problematycznych punkt\u00f3w na mapie interwencji policji. Tylko w 2025 r. funkcjonariusze byli tam wzywani 946 razy, co oznacza kilka interwencji dziennie.<\/p>\n<p> Co si\u0119 dzieje w Parku \u015awi\u0119tokrzyskim? <\/p>\n<p> Ile razy policja interweniowa\u0142a w parku w 2025 roku? <\/p>\n<p> Jak m\u0142odzie\u017c t\u0142umaczy b\u00f3jki i agresywne zabawy? <\/p>\n<p> Jakie dzia\u0142ania planuj\u0105 radni w zwi\u0105zku z sytuacj\u0105 w parku? <\/p>\n<p class=\"ods-c-paragraph \">Policjanci przyznaj\u0105, \u017ce park \u2014 po\u0142o\u017cony obok Pa\u0142acu Kultury, przy w\u0119\u017ale dw\u00f3ch linii metra \u2014 jest szczeg\u00f3lnie atrakcyjny dla m\u0142odzie\u017cy szukaj\u0105cej imprezowej atmosfery i ryzyka. Okre\u015blaj\u0105 go wr\u0119cz &#8222;najgorszym miejscem w Warszawie&#8221;.<\/p>\n<p class=\"ods-c-paragraph \">Dziennikarz dotar\u0142 do ukrai\u0144skich grup na Telegramie, kt\u00f3re \u2014 jak opisuje \u2014 s\u0105 &#8222;zalane&#8221; filmami z wybryk\u00f3w m\u0142odych ludzi. Wida\u0107 na nich b\u00f3jki, agresywne zabawy, upijanie si\u0119 do nieprzytomno\u015bci i pokazywanie broni traumatycznej.<\/p>\n<p class=\"ods-c-paragraph \">Na jednym z nagra\u0144 dwie nastolatki bij\u0105 si\u0119 w skateparku, a wok\u00f3\u0142 nich dopinguje t\u0142um. Wed\u0142ug m\u0142odych Ukrai\u0144c\u00f3w to &#8222;tylko sparingi&#8221;, a policja &#8222;niepotrzebnie panikuje&#8221;.<\/p>\n<p>   Rozmowy z nastolatkami: &#8222;My lubimy si\u0119 bi\u0107&#8221;<\/p>\n<p class=\"ods-c-paragraph \">Reporter porozmawia\u0142 na miejscu z grup\u0105 ch\u0142opak\u00f3w i dziewczyn, kt\u00f3rzy regularnie spotykaj\u0105 si\u0119 w parku.<\/p>\n<p class=\"ods-c-paragraph \">17-letni Maks z Dniepru m\u00f3wi reporterowi &#8222;Wyborczej&#8221; wprost: to tylko sparing, zwyk\u0142y sport. &#8222;My lubimy si\u0119 bi\u0107&#8221;.<\/p>\n<p class=\"ods-c-paragraph \">Twierdzi te\u017c, \u017ce m\u0142odzie\u017c czuje si\u0119 tam bezpiecznie, bo jest &#8222;u siebie&#8221; i mo\u017ce spotka\u0107 ludzi m\u00f3wi\u0105cych tym samym j\u0119zykiem. M\u0142odzi podkre\u015blaj\u0105, \u017ce do konflikt\u00f3w z Polakami dochodzi wtedy, gdy kto\u015b zaczyna ich obra\u017ca\u0107 albo wygania\u0107 &#8222;na wojn\u0119&#8221;.<\/p>\n<p class=\"ods-c-paragraph \">W reporta\u017cu wypowiada si\u0119 r\u00f3wnie\u017c 18-letnia Olga, kt\u00f3ra m\u00f3wi, \u017ce po pierwszych miesi\u0105cach \u017cyczliwo\u015bci ze strony Polak\u00f3w teraz coraz cz\u0119\u015bciej czuje si\u0119 w Warszawie niechciana.<\/p>\n<p class=\"ods-c-paragraph \">Podkre\u015bla, \u017ce pracuje, nie dostaje \u015bwiadcze\u0144, a mimo to bywa wyzywana za m\u00f3wienie po ukrai\u0144sku w miejscach publicznych.<\/p>\n<p class=\"ods-c-paragraph \">&#8222;Wyborcza&#8221; przytacza dane Komendy G\u0142\u00f3wnej Policji, z kt\u00f3rych wynika, \u017ce od stycznia do lipca 2025 r. odnotowano 543 przest\u0119pstwa motywowane uprzedzeniami wobec Ukrai\u0144c\u00f3w \u2014 znacznie wi\u0119cej ni\u017c rok wcze\u015bniej.<\/p>\n<p>Mieszanka m\u0142odzie\u017cy i os\u00f3b w kryzysie bezdomno\u015bci<\/p>\n<p class=\"ods-c-paragraph \">Reporter opisuje, \u017ce w parku cz\u0119sto przebywaj\u0105 tak\u017ce osoby bezdomne, cz\u0119\u015b\u0107 zwi\u0105zana z poblisk\u0105 fundacj\u0105 Daj Herbat\u0119. Niekt\u00f3rzy z nich wyst\u0119puj\u0105 na nagraniach m\u0142odzie\u017cy, czasem za drobne pieni\u0105dze wykonuj\u0105c ryzykowne &#8222;wyzwania&#8221;, jak picie alkoholu na czas.<\/p>\n<p class=\"ods-c-paragraph \">Radni \u015ar\u00f3dmie\u015bcia potwierdzaj\u0105, \u017ce sytuacja wymkn\u0119\u0142a si\u0119 spod kontroli. M\u00f3wi\u0105 o ciemnych zakamarkach parku, poczuciu anonimowo\u015bci i problemach, kt\u00f3re nasilaj\u0105 si\u0119 wieczorami. Zapowiadaj\u0105 dzia\u0142ania porz\u0105dkowe i postawienie sprawy na komisji bezpiecze\u0144stwa dzielnicy.<\/p>\n","protected":false},"excerpt":{"rendered":"Z reporta\u017cu &#8222;Wyborczej&#8221; wynika, \u017ce Park \u015awi\u0119tokrzyski w centrum Warszawy sta\u0142 si\u0119 miejscem spotka\u0144 du\u017cych grup m\u0142odzie\u017cy a&hellip;\n","protected":false},"author":2,"featured_media":126170,"comment_status":"","ping_status":"","sticky":false,"template":"","format":"standard","meta":{"footnotes":""},"categories":[5],"tags":[32,33,36,37,27,34,35,5822,28,31,48,25,46,42,38,40,39,41,47,29,30,435,26],"class_list":{"0":"post-126169","1":"post","2":"type-post","3":"status-publish","4":"format-standard","5":"has-post-thumbnail","7":"category-naglowki","8":"tag-breaking-news","9":"tag-breakingnews","10":"tag-featured-news","11":"tag-featurednews","12":"tag-headlines","13":"tag-latest-news","14":"tag-latestnews","15":"tag-mlodziez","16":"tag-naglowki","17":"tag-najwazniejsze-artykuly","18":"tag-nat_styl","19":"tag-news","20":"tag-omp","21":"tag-pl","22":"tag-poland","23":"tag-polish","24":"tag-polska","25":"tag-polski","26":"tag-screening_general","27":"tag-top-stories","28":"tag-topstories","29":"tag-warszawa","30":"tag-wiadomosci"},"share_on_mastodon":{"url":"https:\/\/pubeurope.com\/@pl\/115640150644057784","error":""},"_links":{"self":[{"href":"https:\/\/www.europesays.com\/pl\/wp-json\/wp\/v2\/posts\/126169","targetHints":{"allow":["GET"]}}],"collection":[{"href":"https:\/\/www.europesays.com\/pl\/wp-json\/wp\/v2\/posts"}],"about":[{"href":"https:\/\/www.europesays.com\/pl\/wp-json\/wp\/v2\/types\/post"}],"author":[{"embeddable":true,"href":"https:\/\/www.europesays.com\/pl\/wp-json\/wp\/v2\/users\/2"}],"replies":[{"embeddable":true,"href":"https:\/\/www.europesays.com\/pl\/wp-json\/wp\/v2\/comments?post=126169"}],"version-history":[{"count":0,"href":"https:\/\/www.europesays.com\/pl\/wp-json\/wp\/v2\/posts\/126169\/revisions"}],"wp:featuredmedia":[{"embeddable":true,"href":"https:\/\/www.europesays.com\/pl\/wp-json\/wp\/v2\/media\/126170"}],"wp:attachment":[{"href":"https:\/\/www.europesays.com\/pl\/wp-json\/wp\/v2\/media?parent=126169"}],"wp:term":[{"taxonomy":"category","embeddable":true,"href":"https:\/\/www.europesays.com\/pl\/wp-json\/wp\/v2\/categories?post=126169"},{"taxonomy":"post_tag","embeddable":true,"href":"https:\/\/www.europesays.com\/pl\/wp-json\/wp\/v2\/tags?post=126169"}],"curies":[{"name":"wp","href":"https:\/\/api.w.org\/{rel}","templated":true}]}}