{"id":126188,"date":"2025-11-30T19:11:11","date_gmt":"2025-11-30T19:11:11","guid":{"rendered":"https:\/\/www.europesays.com\/pl\/126188\/"},"modified":"2025-11-30T19:11:11","modified_gmt":"2025-11-30T19:11:11","slug":"oto-kto-pogratulowal-julii-szeremecie-po-zdobyciu-zlota-i-to-zdjecie-przeglad-sportowy-onet","status":"publish","type":"post","link":"https:\/\/www.europesays.com\/pl\/126188\/","title":{"rendered":"Oto kto pogratulowa\u0142 Julii Szeremecie po zdobyciu z\u0142ota. I to zdj\u0119cie! &#8211; Przegl\u0105d Sportowy Onet"},"content":{"rendered":"<ol>\n<li><a href=\"https:\/\/news.google.com\/rss\/articles\/CBMitAFBVV95cUxQa0g2eVFmTHpJV1RuXzJWb3QyOTdKakdVYzRBZ2MzVV9GT2lpZHBfOEhxM1ppU3hGVThNMVQzblVjSTVpdWhKTWhYQmg2eXlTaVRzUmNUR21xajhZMVVHc2stc3RYNVc4ZHlidTI5ZVpwajNvUV8ydEY3TEJleDlESGxkUVU0T09ZbUpPMy1ZeXZHUmZUcFBheFI2LWhzMTFEZTRRT3AyVm1RQ1JGbmlwYy10UUI?oc=5\" target=\"_blank\" rel=\"nofollow noopener\">Oto kto pogratulowa\u0142 Julii Szeremecie po zdobyciu z\u0142ota. I to zdj\u0119cie!<\/a>&nbsp;&nbsp;Przegl\u0105d Sportowy Onet<\/li>\n<li><a href=\"https:\/\/news.google.com\/rss\/articles\/CBMikwFBVV95cUxNWjVTQURvVV92RXdkSjNfcDMySVk3WktHZWRSNFZGRFRkdmxUeHdiRjF6eTZ1QVpiUl9GWmlFN210LV9yNUpGRVdaMkNWM2luSUxWVk5EcU1yZ3lvWGdla2RCdVZvX3BISFdIZG5adjFIYlQtMHVKNk5fRVVFTGVENmNUbXBVbnV1Wk5uMTBvbVZUODg?oc=5\" target=\"_blank\" rel=\"nofollow noopener\">Co tam si\u0119 dzieje? Czwarte z\u0142oto dla Polski<\/a>&nbsp;&nbsp;SportoweFakty<\/li>\n<li><a href=\"https:\/\/news.google.com\/rss\/articles\/CBMiqwFBVV95cUxPTURkYTN5WEtrT2xyQnhxdWRfUWZ6ai1LTlJSaDZ5em01Y3VQVFd6RlpIVmZkNS0xMVR0TlJDVGZVcGltV2lraEVxaHJKVE96ZzVYZEw2UWtHV0tRUkc1TXM5Wjl2d2s4SVFvME8wVDl1WUVZS21WQ09raVN5TnQ3a1Y0S2NJc0JncFYtVk9SQUFqeGFfdVlTSWlqMGtYdWFwQlVlSnpIMzNHOWc?oc=5\" target=\"_blank\" rel=\"nofollow noopener\">By\u0142o 5:0, s\u0119dzia przerwa\u0142 walk\u0119. Krew na twarzy Polki. Ruszy\u0142a, jednog\u0142o\u015bna decyzja<\/a>&nbsp;&nbsp;Sport w INTERIA.PL<\/li>\n<li><a href=\"https:\/\/news.google.com\/rss\/articles\/CBMi1wFBVV95cUxOM296VmZMbnlhX0hDWmFCZ3J2UFRGczZOVHMtUzdkQmQ0cHJwWkJvR2Rtb19HZW04WEdKS25MLUJXc2ZNNU9WZGM5S0VfS3lKT1B1Tm1TY2swWjh0ZWNYRmlmdWplRDdaSU0xQ29ETU95V1RUbGNnVFpVazQxSEF3Q2hXRVZxekJmUjR6Sk5zd1lXMHhHV2h0c2MteC1oWUJQTHh4YzJTQ0oxZHlucWFSemh0dlR3aDMwanpxZlhoLS1CZVVRTlhRU0Z3WmUya05sZk80cV9DOA?oc=5\" target=\"_blank\" rel=\"nofollow noopener\">Polki zachwycaj\u0105 w Budapeszcie. Szeremeta i Kuczewska mistrzyniami Europy<\/a>&nbsp;&nbsp;Eurosport Polska<\/li>\n<li><a href=\"https:\/\/news.google.com\/rss\/articles\/CBMiiAFBVV95cUxNRzl3amhiTzd2TWJzMGlsOVJkdjE2VmNzLWRRY2hjMmo2X1NVZTdNMnFZa2pzRFhCek9HTUZWMmNnRk4zOUJjYUhBbGotaTE4RVNkZFJIVmJ5V0tBaFJGU2FmeWlLRDFBMTUtVUhycnk1ZnJsbE5aNW1fZ09QZXZxY2NaNHV6VDcw?oc=5\" target=\"_blank\" rel=\"nofollow noopener\">Cztery z\u0142ote medale Polek na MME<\/a>&nbsp;&nbsp;www.polsatsport.pl<\/li>\n<\/ol>\n","protected":false},"excerpt":{"rendered":"Oto kto pogratulowa\u0142 Julii Szeremecie po zdobyciu z\u0142ota. I to zdj\u0119cie!&nbsp;&nbsp;Przegl\u0105d Sportowy Onet Co tam si\u0119 dzieje? Czwarte&hellip;\n","protected":false},"author":2,"featured_media":126189,"comment_status":"","ping_status":"","sticky":false,"template":"","format":"standard","meta":{"footnotes":""},"categories":[24],"tags":[2514,26818,67,16417,42,38,40,39,41,136,128,47,127,135,126,130],"class_list":{"0":"post-126188","1":"post","2":"type-post","3":"status-publish","4":"format-standard","5":"has-post-thumbnail","7":"category-sport","8":"tag-boks","9":"tag-dariusz_michalczewski","10":"tag-intextvideo_splayer","11":"tag-julia_szeremeta","12":"tag-pl","13":"tag-poland","14":"tag-polish","15":"tag-polska","16":"tag-polski","17":"tag-ps_detal_new","18":"tag-psv2","19":"tag-screening_general","20":"tag-sport","21":"tag-sport_sport","22":"tag-sports","23":"tag-wiadomosci_sportowe"},"share_on_mastodon":{"url":"https:\/\/pubeurope.com\/@pl\/115640236957131896","error":""},"_links":{"self":[{"href":"https:\/\/www.europesays.com\/pl\/wp-json\/wp\/v2\/posts\/126188","targetHints":{"allow":["GET"]}}],"collection":[{"href":"https:\/\/www.europesays.com\/pl\/wp-json\/wp\/v2\/posts"}],"about":[{"href":"https:\/\/www.europesays.com\/pl\/wp-json\/wp\/v2\/types\/post"}],"author":[{"embeddable":true,"href":"https:\/\/www.europesays.com\/pl\/wp-json\/wp\/v2\/users\/2"}],"replies":[{"embeddable":true,"href":"https:\/\/www.europesays.com\/pl\/wp-json\/wp\/v2\/comments?post=126188"}],"version-history":[{"count":0,"href":"https:\/\/www.europesays.com\/pl\/wp-json\/wp\/v2\/posts\/126188\/revisions"}],"wp:featuredmedia":[{"embeddable":true,"href":"https:\/\/www.europesays.com\/pl\/wp-json\/wp\/v2\/media\/126189"}],"wp:attachment":[{"href":"https:\/\/www.europesays.com\/pl\/wp-json\/wp\/v2\/media?parent=126188"}],"wp:term":[{"taxonomy":"category","embeddable":true,"href":"https:\/\/www.europesays.com\/pl\/wp-json\/wp\/v2\/categories?post=126188"},{"taxonomy":"post_tag","embeddable":true,"href":"https:\/\/www.europesays.com\/pl\/wp-json\/wp\/v2\/tags?post=126188"}],"curies":[{"name":"wp","href":"https:\/\/api.w.org\/{rel}","templated":true}]}}