{"id":126214,"date":"2025-11-30T19:31:12","date_gmt":"2025-11-30T19:31:12","guid":{"rendered":"https:\/\/www.europesays.com\/pl\/126214\/"},"modified":"2025-11-30T19:31:12","modified_gmt":"2025-11-30T19:31:12","slug":"czy-ruka-jest-taka-brzydka-jak-ja-maluja-ostatnio-tak-zle-na-ps-w-skokach-bylo-az-10-lat-temu-sport-tvp-pl","status":"publish","type":"post","link":"https:\/\/www.europesays.com\/pl\/126214\/","title":{"rendered":"Czy Ruka jest taka brzydka, jak j\u0105 maluj\u0105? Ostatnio tak \u017ale na P\u015a w skokach by\u0142o a\u017c 10 lat temu &#8211; sport.tvp.pl"},"content":{"rendered":"<ol>\n<li><a href=\"https:\/\/news.google.com\/rss\/articles\/CBMipAFBVV95cUxPQUh4d3MtM0pVUlFWWFJEQVZiMG1FNE05MHBZdlVqREg2T3VVVUdxSUpFUXNweFVCNFpOYmgtQmU3NjVpTTRNVTVCaDVsUWpfQVVfaXR4OWNDbTVkQ2RiTG9ZcDVXdzZmZnNNUGN6c2IybkNkSEQxazRxRW9CRXZqUXNxOHJKUWVjT29YSUFVQVlENFowdHZZN3lOSkZxY3Ntd2trVNIBqgFBVV95cUxOUms1c19vam5XY1hSTFBYWEJRVmxSblRrUm5WQUR1bVJSUW1MM3N6NGM4WXNfMVJpbWhpQnhEVkVLX3VwckpZdWF4R1p3MDNHUEwxRnBhSS1UZm5BUVJOenBJSlV3QkJLVXBjZTRrdFZMZWdWRkpWdkJqV0hpdGpMQWpxTjdqVTRfTG1iWVI3OXpjRGpiTjA0N3l5RVkxZFRQNEM4ZE5GeUs1QQ?oc=5\" target=\"_blank\" rel=\"nofollow noopener\">Czy Ruka jest taka brzydka, jak j\u0105 maluj\u0105? Ostatnio tak \u017ale na P\u015a w skokach by\u0142o a\u017c 10 lat temu<\/a>&nbsp;&nbsp;sport.tvp.pl<\/li>\n<li><a href=\"https:\/\/news.google.com\/rss\/articles\/CBMizwFBVV95cUxPVzk5aEZnVWJOTlF1ZzRFdkdKOW9OdDdTekJyUUd0QnZSWDBESFVBZWNRQjJXd0lPRUZuUWpjNXg3MXJwX19POVVOeHdsRjhFT0J6a3BFOE1rYXh5N1N1TlBFbHF3MkFRdVhHZHlvWFV2SEEwdWkwNExEZEVxb1VHQkN0UklhS3NoMmJuOWRTYk03bkh2Q3pnNFdUWFZYd0lNWlJqSzg4bVBsSnZFVWdnREpoRXROSlJCX3Q4V19zaTVrd056eW9VTUQ3QzJMcGM?oc=5\" target=\"_blank\" rel=\"nofollow noopener\">Nie da si\u0119 skaka\u0107! Radykalny ruch i zmiana plan\u00f3w na P\u015a w Ruce<\/a>&nbsp;&nbsp;Przegl\u0105d Sportowy Onet<\/li>\n<li><a href=\"https:\/\/news.google.com\/rss\/articles\/CBMinwFBVV95cUxQemJDZll2Z1BPS3hwTUtjcFRlc2FyNHB1X1J0b2o5M1MtalNZb0o4Wkc3V3Z0NGpKclpwX3VMblNzQU9OT1FNb0FqbHp4Y0FNVlNhMXJYOEo1MkZJS2c0QWs4RG0wR05CSzJFN1ZMeW5oTXdzOVNlZ1ZleW5tQ3FLLTdjLUJoRTZObmI1RUNEc285WC02ZVd6QWJuand5LVU?oc=5\" target=\"_blank\" rel=\"nofollow noopener\">Jest decyzja ws. niedzielnego konkursu w Ruce!<\/a>&nbsp;&nbsp;SportoweFakty<\/li>\n<li><a href=\"https:\/\/news.google.com\/rss\/articles\/CBMiugFBVV95cUxPbzdsVHozVmY0LTdsZC1BUGdIVW52N2liZVdvOExCX2haUExuQkd1Q1ZvUmQyYVJlZWZiOXlFS1hFc2xCZzFxNGNHeTRFSHNLWXRUS2YtYVB0azZ4aGZrWHZNYnBuQV9LN0NEOEhFRkREMzF5Yzd3bDhxMHQ3VVJDaG45d1RxQ3lpcW8zNjkzR2xuaXBRMU9xN0laWkFnWEZ6dEFGRy1fb29pZy1sNHMxSkJaTzJHRk5UWHfSAb8BQVVfeXFMTXFhU0RMYkNaZGJLUmVRWG1tUkRQajlTTk16MDJoRF8tTDJ5b01kSWEzY0ZKZ0J6TGlMTDBZQThUVDdMeklwTU0wSnduMkxlcnB0Vmc4NFp1T19UZGxRNDlVTjhVWkp0cEhKTjFtWmtNcXhjdG42MzNJZ2tPV085ZmU2Zkphb2ZzRG42YVZmcHlISHpOUlFzX3dtM1FBdmQyRk5QaUJLTG12M1BGSHRBR3UtUE9rc212WjliVkFUMlU?oc=5\" target=\"_blank\" rel=\"nofollow noopener\">P\u015a w Ruce: Kwalifikacje odwo\u0142ane, konkurs przesuni\u0119ty na 15:30 (lista startowa)<\/a>&nbsp;&nbsp;Skijumping<\/li>\n<li><a href=\"https:\/\/news.google.com\/rss\/articles\/CBMi8wFBVV95cUxONElBcmNJem5tcDJIZWN6TTZaWi1GdXp4M2FKYzlMTDZPR2lMMlhIdUxVR2pOaGJJaHY2dlZ2YmxKcUtyT2hEV2UzMGdmWEpXdUFjRmtpUTFka2tlRVZGelE0R3lLcmxqTlJCTDQycTFneTZlQW55SXJxZm03YV9Xb250UmMwcUtWS2RlNmpTbVRpQzV6MHp4TFVUc0gtS2dqcTFYeVZUQk9RNWlMd0t5WnEwRjRDNUpkQ2FZOHhlUkZ5TFk5Zm5OY2o1Tzl1QWo0R2JWMDktcjhYLUJCWlNMTzZ6N3B4d1FUdVJkcmF5R0VPSXc?oc=5\" target=\"_blank\" rel=\"nofollow noopener\">Skoki narciarskie Ruka 2025. Niedzielny konkurs na \u017cywo: wyniki i relacja live<\/a>&nbsp;&nbsp;Eurosport Polska<\/li>\n<\/ol>\n","protected":false},"excerpt":{"rendered":"Czy Ruka jest taka brzydka, jak j\u0105 maluj\u0105? Ostatnio tak \u017ale na P\u015a w skokach by\u0142o a\u017c 10&hellip;\n","protected":false},"author":2,"featured_media":126215,"comment_status":"","ping_status":"","sticky":false,"template":"","format":"standard","meta":{"footnotes":""},"categories":[5],"tags":[32,33,36,37,27,26579,34,35,28,31,25,42,38,40,39,41,24598,17495,15285,1538,334,29,30,26],"class_list":{"0":"post-126214","1":"post","2":"type-post","3":"status-publish","4":"format-standard","5":"has-post-thumbnail","7":"category-naglowki","8":"tag-breaking-news","9":"tag-breakingnews","10":"tag-featured-news","11":"tag-featurednews","12":"tag-headlines","13":"tag-kuusamo","14":"tag-latest-news","15":"tag-latestnews","16":"tag-naglowki","17":"tag-najwazniejsze-artykuly","18":"tag-news","19":"tag-pl","20":"tag-poland","21":"tag-polish","22":"tag-polska","23":"tag-polski","24":"tag-ps-2025-2026","25":"tag-puchar-swiata-w-skokach-narciarskich","26":"tag-ruka","27":"tag-skoki-narciarskie","28":"tag-sport-tvp-pl","29":"tag-top-stories","30":"tag-topstories","31":"tag-wiadomosci"},"share_on_mastodon":{"url":"https:\/\/pubeurope.com\/@pl\/115640315700361599","error":""},"_links":{"self":[{"href":"https:\/\/www.europesays.com\/pl\/wp-json\/wp\/v2\/posts\/126214","targetHints":{"allow":["GET"]}}],"collection":[{"href":"https:\/\/www.europesays.com\/pl\/wp-json\/wp\/v2\/posts"}],"about":[{"href":"https:\/\/www.europesays.com\/pl\/wp-json\/wp\/v2\/types\/post"}],"author":[{"embeddable":true,"href":"https:\/\/www.europesays.com\/pl\/wp-json\/wp\/v2\/users\/2"}],"replies":[{"embeddable":true,"href":"https:\/\/www.europesays.com\/pl\/wp-json\/wp\/v2\/comments?post=126214"}],"version-history":[{"count":0,"href":"https:\/\/www.europesays.com\/pl\/wp-json\/wp\/v2\/posts\/126214\/revisions"}],"wp:featuredmedia":[{"embeddable":true,"href":"https:\/\/www.europesays.com\/pl\/wp-json\/wp\/v2\/media\/126215"}],"wp:attachment":[{"href":"https:\/\/www.europesays.com\/pl\/wp-json\/wp\/v2\/media?parent=126214"}],"wp:term":[{"taxonomy":"category","embeddable":true,"href":"https:\/\/www.europesays.com\/pl\/wp-json\/wp\/v2\/categories?post=126214"},{"taxonomy":"post_tag","embeddable":true,"href":"https:\/\/www.europesays.com\/pl\/wp-json\/wp\/v2\/tags?post=126214"}],"curies":[{"name":"wp","href":"https:\/\/api.w.org\/{rel}","templated":true}]}}