{"id":126275,"date":"2025-11-30T20:19:07","date_gmt":"2025-11-30T20:19:07","guid":{"rendered":"https:\/\/www.europesays.com\/pl\/126275\/"},"modified":"2025-11-30T20:19:07","modified_gmt":"2025-11-30T20:19:07","slug":"patryk-jaki-o-sprawie-zbigniewa-ziobry-mowil-o-interwencji-usa","status":"publish","type":"post","link":"https:\/\/www.europesays.com\/pl\/126275\/","title":{"rendered":"Patryk Jaki o sprawie Zbigniewa Ziobry. M\u00f3wi\u0142 o &#8222;interwencji USA&#8221;"},"content":{"rendered":"<p> Dlaczego o tym piszemy? <\/p>\n<p class=\"ods-c-paragraph \">By\u0142y minister sprawiedliwo\u015bci Zbigniew Ziobro przebywa obecnie na W\u0119grzech, gdzie ukrywa si\u0119 przed wymiarem sprawiedliwo\u015bci. W przestrzeni medialnej pojawiaj\u0105 si\u0119 spekulacje dotycz\u0105ce mo\u017cliwo\u015bci uzyskania azylu politycznego przez polityka PiS. Azyl polityczny na W\u0119grzech otrzyma\u0142 ju\u017c inny polityk PiS Marcin Romanowski.<\/p>\n<p>  Patryk Jaki o Zbigniewie Ziobrze. Dlaczego jest na W\u0119grzech? <\/p>\n<p class=\"ods-c-paragraph \">Patryk Jaki oceni\u0142, \u017ce Zbigniew Ziobro przebywa na W\u0119grzech, poniewa\u017c w Polsce &#8222;nie mo\u017ce liczy\u0107 na uczciwy proces&#8221;. \u2014 Je\u017celi my chcemy, \u017ceby opozycja by\u0142a po prostu g\u0142upia i dawa\u0142a si\u0119 wpu\u015bci\u0107 w pu\u0142apk\u0119, kt\u00f3ra jest oczywi\u015bcie zastawiona. Ustawione s\u0105dy, zlikwidowanie losowania s\u0119dzi\u00f3w. [&#8230;]. On nie ma \u017cadnych szans. By\u0107 mo\u017ce ma sko\u0144czy\u0107 tak, jak Barbara Skrzypek. Ta sama grupa za to odpowiada \u2014 powiedzia\u0142 na antenie Polsat News.<\/p>\n<p>     Azyl polityczny dla Ziobry. Co powiedzia\u0142 europose\u0142 PiS? <\/p>\n<p class=\"ods-c-paragraph \">Prowadz\u0105cy zapyta\u0142 Jakiego, czy Ziobro otrzyma\u0142 ju\u017c azyl na W\u0119grzech lub, czy ma w planach podr\u00f3\u017c do USA.<\/p>\n<p class=\"ods-c-paragraph \">\u2014 Wcale bym si\u0119 nie zdziwi\u0142, gdyby Stany Zjednoczone i inne pa\u0144stwa zabra\u0142y w tej sprawie g\u0142os [&#8230;]. Spraw\u0119 rozliczaj\u0105 ludzie, kt\u00f3rzy jako jedyni prawa nie przestrzegaj\u0105. Dlatego, \u017ce stoi za nimi wojsko i policja. W tym wypadku przyznanie azylu by\u0142oby uzasadnione [&#8230;]. Sprawa jest oczywista z punktu widzenia prawa \u2014 powiedzia\u0142 Jaki.<\/p>\n<p> Dlaczego Zbigniew Ziobro przebywa na W\u0119grzech? <\/p>\n<p> Jakie s\u0105 spekulacje dotycz\u0105ce azylu politycznego Ziobry? <\/p>\n<p> Co powiedzia\u0142 Patryk Jaki o mo\u017cliwej interwencji USA? <\/p>\n<p> Czy Zbigniew Ziobro ma szans\u0119 na uczciwy proces w Polsce? <\/p>\n<p class=\"ods-c-paragraph \">Czytaj wi\u0119cej:<\/p>\n","protected":false},"excerpt":{"rendered":"Dlaczego o tym piszemy? By\u0142y minister sprawiedliwo\u015bci Zbigniew Ziobro przebywa obecnie na W\u0119grzech, gdzie ukrywa si\u0119 przed wymiarem&hellip;\n","protected":false},"author":2,"featured_media":126276,"comment_status":"","ping_status":"","sticky":false,"template":"","format":"standard","meta":{"footnotes":""},"categories":[12],"tags":[32,33,36,37,27,49,34,35,28,31,48,25,46,26831,42,38,40,39,41,47,29,30,71,70,26,2037],"class_list":{"0":"post-126275","1":"post","2":"type-post","3":"status-publish","4":"format-standard","5":"has-post-thumbnail","7":"category-polska","8":"tag-breaking-news","9":"tag-breakingnews","10":"tag-featured-news","11":"tag-featurednews","12":"tag-headlines","13":"tag-kraj","14":"tag-latest-news","15":"tag-latestnews","16":"tag-naglowki","17":"tag-najwazniejsze-artykuly","18":"tag-nat_styl","19":"tag-news","20":"tag-omp","21":"tag-patryk_jaki","22":"tag-pl","23":"tag-poland","24":"tag-polish","25":"tag-polska","26":"tag-polski","27":"tag-screening_general","28":"tag-top-stories","29":"tag-topstories","30":"tag-usa","31":"tag-w_skrocie","32":"tag-wiadomosci","33":"tag-zbigniew_ziobro"},"share_on_mastodon":{"url":"https:\/\/pubeurope.com\/@pl\/115640504508226224","error":""},"_links":{"self":[{"href":"https:\/\/www.europesays.com\/pl\/wp-json\/wp\/v2\/posts\/126275","targetHints":{"allow":["GET"]}}],"collection":[{"href":"https:\/\/www.europesays.com\/pl\/wp-json\/wp\/v2\/posts"}],"about":[{"href":"https:\/\/www.europesays.com\/pl\/wp-json\/wp\/v2\/types\/post"}],"author":[{"embeddable":true,"href":"https:\/\/www.europesays.com\/pl\/wp-json\/wp\/v2\/users\/2"}],"replies":[{"embeddable":true,"href":"https:\/\/www.europesays.com\/pl\/wp-json\/wp\/v2\/comments?post=126275"}],"version-history":[{"count":0,"href":"https:\/\/www.europesays.com\/pl\/wp-json\/wp\/v2\/posts\/126275\/revisions"}],"wp:featuredmedia":[{"embeddable":true,"href":"https:\/\/www.europesays.com\/pl\/wp-json\/wp\/v2\/media\/126276"}],"wp:attachment":[{"href":"https:\/\/www.europesays.com\/pl\/wp-json\/wp\/v2\/media?parent=126275"}],"wp:term":[{"taxonomy":"category","embeddable":true,"href":"https:\/\/www.europesays.com\/pl\/wp-json\/wp\/v2\/categories?post=126275"},{"taxonomy":"post_tag","embeddable":true,"href":"https:\/\/www.europesays.com\/pl\/wp-json\/wp\/v2\/tags?post=126275"}],"curies":[{"name":"wp","href":"https:\/\/api.w.org\/{rel}","templated":true}]}}