{"id":126354,"date":"2025-11-30T21:30:36","date_gmt":"2025-11-30T21:30:36","guid":{"rendered":"https:\/\/www.europesays.com\/pl\/126354\/"},"modified":"2025-11-30T21:30:36","modified_gmt":"2025-11-30T21:30:36","slug":"smierc-na-polowaniu-nie-zyje-61-latek-radio-poznan","status":"publish","type":"post","link":"https:\/\/www.europesays.com\/pl\/126354\/","title":{"rendered":"\u015amier\u0107 na polowaniu. Nie \u017cyje 61-latek &#8211; Radio Pozna\u0144"},"content":{"rendered":"<ol>\n<li><a href=\"https:\/\/news.google.com\/rss\/articles\/CBMiiAFBVV95cUxPUlVWMUFxbUdabXRzRENMN2VNV3FYY2p2OE5rNkgtcDE3YV9pLWd1SkNqeDFqaUU5UU5teWVaWlNFOVlmZTA2X0FnVXg4S3JwOHdXVFVEMTBZMDRTR0lYTUZWd19KaENOUlFUTkQ3TVFjMU53a0dGY1VldTY0Q0JKUldVNWFOSzRw?oc=5\" target=\"_blank\" rel=\"nofollow noopener\">\u015amier\u0107 na polowaniu. Nie \u017cyje 61-latek<\/a>&nbsp;&nbsp;Radio Pozna\u0144<\/li>\n<li><a href=\"https:\/\/news.google.com\/rss\/articles\/CBMiogFBVV95cUxNLTBJMUVtWW8xVHJzLW9pejFzdXExOTE0LWhXWkhqRUo1MnZIMXkzVE5ISWRLZUJQZ2Z2bUlTSjBnN1VLWWk5OWl0ek1hWDZhd1Z6RmZKemNtRzU0STlnbXJ2Y2tOUWJpdnduMlA1RnRZWHlJWDRTY21QOHZUM2FUWmZ4UzdpenNRb3Q3QWYybFllRzh4LXpmTEU3U0t6VkdPdVE?oc=5\" target=\"_blank\" rel=\"nofollow noopener\">Ataki na kierowc\u00f3w autobus\u00f3w miejskich. Sprawca zatrzymany<\/a>&nbsp;&nbsp;Onet Wiadomo\u015bci<\/li>\n<li><a href=\"https:\/\/news.google.com\/rss\/articles\/CBMi3gFBVV95cUxNVXVCRkNLNVp1LVo1Qi04NmlSOW5QYkswUnY3NGVFTmpWdzVKMzI3cGpZNkxZcXduaFVZaFl6V3g3dmYyNWJNdndtM3haN1NnNXhRd3pWWlVBYTFoYnU2WURaZThlM3B3a2VXVFI2b1lrUm0wWTE4M1ZZUzVoYTl4cnhfU0lQQ3RCdUx6ei0tRWhRcWtSTTJET0s5YmRFeExQTEYxNnFIUXd5MGF4M1UwOHR4M0ZwM3laOW5KdWwzMEFhb0dkZEFvT3pxbDJtenlaQTNzdTBWSGI0WmdqN3c?oc=5\" target=\"_blank\" rel=\"nofollow noopener\">Sprawca atak\u00f3w na kierowc\u00f3w MPK zatrzymany przez kryminalnych z Komisariatu Policji Wroc\u0142aw-Krzyki<\/a>&nbsp;&nbsp;Komenda Miejska Policji we Wroc\u0142awiu<\/li>\n<li><a href=\"https:\/\/news.google.com\/rss\/articles\/CBMitAFBVV95cUxNYm1ORHV4aWlmT1M0VmVGcWpTWWJUZUp1VWJaVGVpSTRpOFc4THVMSGtEZXRmTTJlamZ2cVhzT3JsaTlJTHpuU1hWVGxrQ05UUVhHYjc1RWMtZ29FWlRnZHpfS09iZDZ6Q1YzYWo5dThxQ0tQQ25LTGNPbmtoclE2ejQ0MjNNZEFob3dYQUV0RFBXZU0ydjAxSklSS3U4NktQclNFWVpzUGhRbEhKeVotQ1h4dGM?oc=5\" target=\"_blank\" rel=\"nofollow noopener\">Szokuj\u0105ce ataki na kierowc\u00f3w autobus\u00f3w. Koniec poszukiwa\u0144 napastnika<\/a>&nbsp;&nbsp;RMF24<\/li>\n<li><a href=\"https:\/\/news.google.com\/rss\/articles\/CBMirAFBVV95cUxONUJyb0o3SXBadGQ5Tzhsd29BcG9YenRyeF9rV0JmdS1BSHJfRW11cWdreDBhVzRwWFNlUFFZckZOZ2Z3R3VSTUdGbHVEMjRfZ0w4TmRoSF9obTlQZ1BzN1ZmdXBBRnpWV0hwMld2eU5uT1lXZ2lsYUhWSE1lNkE1enpkQ1FJMGo2ZzZ2bHlPdDN0Rk9IM3RGUkF5ZUs0dXNMc2hWY2RGMzIteHlF?oc=5\" target=\"_blank\" rel=\"nofollow noopener\">Wroc\u0142aw. Kierowcy autobus\u00f3w MPK zaatakowani gazem pieprzowym [wideo]<\/a>&nbsp;&nbsp;Transport Publiczny<\/li>\n<\/ol>\n","protected":false},"excerpt":{"rendered":"\u015amier\u0107 na polowaniu. Nie \u017cyje 61-latek&nbsp;&nbsp;Radio Pozna\u0144 Ataki na kierowc\u00f3w autobus\u00f3w miejskich. Sprawca zatrzymany&nbsp;&nbsp;Onet Wiadomo\u015bci Sprawca atak\u00f3w na&hellip;\n","protected":false},"author":2,"featured_media":126355,"comment_status":"","ping_status":"","sticky":false,"template":"","format":"standard","meta":{"footnotes":""},"categories":[12],"tags":[32,33,36,37,27,34,35,26842,28,31,25,42,38,40,39,41,29,30,26],"class_list":{"0":"post-126354","1":"post","2":"type-post","3":"status-publish","4":"format-standard","5":"has-post-thumbnail","7":"category-polska","8":"tag-breaking-news","9":"tag-breakingnews","10":"tag-featured-news","11":"tag-featurednews","12":"tag-headlines","13":"tag-latest-news","14":"tag-latestnews","15":"tag-mysliwy-zmarl-polowaniu-gminie-zerkow-61-latek-zaslabl-trudno-dostepnym-terenie","16":"tag-naglowki","17":"tag-najwazniejsze-artykuly","18":"tag-news","19":"tag-pl","20":"tag-poland","21":"tag-polish","22":"tag-polska","23":"tag-polski","24":"tag-top-stories","25":"tag-topstories","26":"tag-wiadomosci"},"share_on_mastodon":{"url":"https:\/\/pubeurope.com\/@pl\/115640783665784534","error":""},"_links":{"self":[{"href":"https:\/\/www.europesays.com\/pl\/wp-json\/wp\/v2\/posts\/126354","targetHints":{"allow":["GET"]}}],"collection":[{"href":"https:\/\/www.europesays.com\/pl\/wp-json\/wp\/v2\/posts"}],"about":[{"href":"https:\/\/www.europesays.com\/pl\/wp-json\/wp\/v2\/types\/post"}],"author":[{"embeddable":true,"href":"https:\/\/www.europesays.com\/pl\/wp-json\/wp\/v2\/users\/2"}],"replies":[{"embeddable":true,"href":"https:\/\/www.europesays.com\/pl\/wp-json\/wp\/v2\/comments?post=126354"}],"version-history":[{"count":0,"href":"https:\/\/www.europesays.com\/pl\/wp-json\/wp\/v2\/posts\/126354\/revisions"}],"wp:featuredmedia":[{"embeddable":true,"href":"https:\/\/www.europesays.com\/pl\/wp-json\/wp\/v2\/media\/126355"}],"wp:attachment":[{"href":"https:\/\/www.europesays.com\/pl\/wp-json\/wp\/v2\/media?parent=126354"}],"wp:term":[{"taxonomy":"category","embeddable":true,"href":"https:\/\/www.europesays.com\/pl\/wp-json\/wp\/v2\/categories?post=126354"},{"taxonomy":"post_tag","embeddable":true,"href":"https:\/\/www.europesays.com\/pl\/wp-json\/wp\/v2\/tags?post=126354"}],"curies":[{"name":"wp","href":"https:\/\/api.w.org\/{rel}","templated":true}]}}