{"id":126383,"date":"2025-11-30T21:59:09","date_gmt":"2025-11-30T21:59:09","guid":{"rendered":"https:\/\/www.europesays.com\/pl\/126383\/"},"modified":"2025-11-30T21:59:09","modified_gmt":"2025-11-30T21:59:09","slug":"final-polska-miss-2025-w-krakowie-sa-juz-wyniki-konkursu-pierwsze-korony-rozdane-jedna-trafia-do-krakowa-zobaczcie-zdjecia-gazeta-krakowska","status":"publish","type":"post","link":"https:\/\/www.europesays.com\/pl\/126383\/","title":{"rendered":"Fina\u0142 Polska Miss 2025 w Krakowie. S\u0105 ju\u017c wyniki konkursu. Pierwsze korony rozdane. Jedna trafia do Krakowa. Zobaczcie zdj\u0119cia &#8211; Gazeta Krakowska"},"content":{"rendered":"<ol>\n<li><a href=\"https:\/\/news.google.com\/rss\/articles\/CBMi-gFBVV95cUxOVnk3MjVGZ1dkR3ZKcWpCQnd5YzN3N3RQRXVBUlRfazU5WHcxN3l1LUlUcTNjOXUtRGZDeFp2bThBYTJPUk9PYVpLT2swQ0hYV1MxOGl6S1U0SXhvbFlaUzFwdi1pUDlyZ0dhc1lyRFJaMFZxbWZieDJJdDh3dFVrM1pla0ZEdDZaa0J3MlVsNjF3clJYQ0NCMDRjM20xTW1VNHhsc1o5cm9xUlROQmNtWm5YV0VnLW5TZnNIY2FTV1ZORm1OSnV2emJWVm12cW5ITVctTTg0ZDZ6UnVFNUd5RjRxZDUxeVZ1Y1JnNTJhSW9fUDlqcnczWHB3?oc=5\" target=\"_blank\" rel=\"nofollow noopener\">Fina\u0142 Polska Miss 2025 w Krakowie. S\u0105 ju\u017c wyniki konkursu. Pierwsze korony rozdane. Jedna trafia do Krakowa. Zobaczcie zdj\u0119cia<\/a>&nbsp;&nbsp;Gazeta Krakowska<\/li>\n<li><a href=\"https:\/\/news.google.com\/rss\/articles\/CBMilAJBVV95cUxNSzNONDRjeUlsMEluRWdlcV9UZEM4b3Exb1AyaEZzNzZSeU45bHJicmZTbkR2VHRXYmFGRTljcnVKZDRiYVJKaTAxTmctcVlUeXY4ZWF5RzA0ak9IeGJyY2NaWjVyeWJPaVYzZzZ4UFYwaHF1MzJmdGhRQUotbFBQY0lDelk0c2dqS2RiVzhoa0xYMjRNZmlfVmRnVkJSMTJUZkJiTG9BbW5SRG8xcHJZc3pVWFhJa3J0WFlxdDFxclRVckVfaExSdHRWRzZFenAxT0tIeWdQZXBaWWpsYjBqYno4MElpRWFhVXBNX1RocHN2cXFJaGlJUnRMdzNTZGI4Y1c5VjVzY1Y2dGFHVXNFUmI0TUc?oc=5\" target=\"_blank\" rel=\"nofollow noopener\">CZERSK. Anna Sprenga z Czerska wzi\u0119\u0142a udzia\u0142 w gali fina\u0142owej Polska Miss Nastolatek<\/a>&nbsp;&nbsp;Wizjalokalna.pl<\/li>\n<li><a href=\"https:\/\/news.google.com\/rss\/articles\/CBMiwAFBVV95cUxQb0k2YWpUekt0Y0lVTGFCQzA0T0pFYjBwczZrT3FxWUF6ZXBKZGdBcG1KTTZ6QmYybTFKQkZXS1hiX0s1WVFHQldiU1BQLWtjQVdmZndDejJtSzRJWjU1c1BYVWVObzZDa1ItVmZZS1V0WjdtSVc2ZDRDcm81UTZtbGlZU28wSFdRMWxEZW8tcTloRnJqc1ZLdk83Y2F3T1NTX0lTdGJyS2xKQlJlci1JQUFwTHZvcE5HdVJXMmR6NF8?oc=5\" target=\"_blank\" rel=\"nofollow noopener\">Paula Starosielec z Krakowa zosta\u0142a Polsk\u0105 Miss +30 2025. Zdj\u0119cia<\/a>&nbsp;&nbsp;Aleksandr\u00f3w Kujawski Nasze Miasto<\/li>\n<li><a href=\"https:\/\/news.google.com\/rss\/articles\/CBMiwgFBVV95cUxOU1FhaVVzRkdjUjB4c19kQ2k1QUROaW9sTGNpdkM5bW42SnlLbG5McTFENGJ0dDExazQ5eTlzaEZEWHd1dWNHdVFtTHM0eml0WXBEVm1paXpWLUdRSEdDeU9xYXJCZXkyZ09tSGRfZFUyVkFJcDlMME1EQk51TnJRalBEYUVjVDY4MldGdkpac1FNQ1ZKV3FmZWJXNk1WX05nWjI3MHd0X1kxenQtd2cyN21uWVN4aThRTXFIak84Z2dYUQ?oc=5\" target=\"_blank\" rel=\"nofollow noopener\">Gorzowianka Oliwia Leszko z zaszczytnym tytu\u0142em w konkursie Polska Miss Nastolatek<\/a>&nbsp;&nbsp;Gazeta Lubuska<\/li>\n<li><a href=\"https:\/\/news.google.com\/rss\/articles\/CBMivwFBVV95cUxPQ2tDZlN4eHRSeVJtOHNFRkFLREdrWXF0MTNQSUdJeC1acm0xR21CSDhURHU4eGk5OVY1RkdvNTJ3VUNYMFZKNGM2OTVLbHUxaDgzVVNqNUpuRWtJUzdHaW5DTDJuUGNIdTJ5YTZiVVprS09OQnJBWDBUR3pfanY5eXl5aUdNMHgtUlZXMlg1N2Q3eW1LWkhoOC1MRmNpc1hIbXVlZU1lcTBZVU9WWEJDdTVCckcza2MzYTBTeEtQVQ?oc=5\" target=\"_blank\" rel=\"nofollow noopener\">W tym konkursie pi\u0119kno\u015bci rywalizuj\u0105 kobiety po trzydziestce. Oto finalistki Polska Miss 30+<\/a>&nbsp;&nbsp;Nowa Trybuna Opolska<\/li>\n<\/ol>\n","protected":false},"excerpt":{"rendered":"Fina\u0142 Polska Miss 2025 w Krakowie. S\u0105 ju\u017c wyniki konkursu. Pierwsze korony rozdane. Jedna trafia do Krakowa. Zobaczcie&hellip;\n","protected":false},"author":2,"featured_media":60432,"comment_status":"","ping_status":"","sticky":false,"template":"","format":"standard","meta":{"footnotes":""},"categories":[12],"tags":[32,33,36,37,27,34,35,28,31,25,42,38,40,39,41,29,30,26],"class_list":{"0":"post-126383","1":"post","2":"type-post","3":"status-publish","4":"format-standard","5":"has-post-thumbnail","7":"category-polska","8":"tag-breaking-news","9":"tag-breakingnews","10":"tag-featured-news","11":"tag-featurednews","12":"tag-headlines","13":"tag-latest-news","14":"tag-latestnews","15":"tag-naglowki","16":"tag-najwazniejsze-artykuly","17":"tag-news","18":"tag-pl","19":"tag-poland","20":"tag-polish","21":"tag-polska","22":"tag-polski","23":"tag-top-stories","24":"tag-topstories","25":"tag-wiadomosci"},"share_on_mastodon":{"url":"https:\/\/pubeurope.com\/@pl\/115640897791065369","error":""},"_links":{"self":[{"href":"https:\/\/www.europesays.com\/pl\/wp-json\/wp\/v2\/posts\/126383","targetHints":{"allow":["GET"]}}],"collection":[{"href":"https:\/\/www.europesays.com\/pl\/wp-json\/wp\/v2\/posts"}],"about":[{"href":"https:\/\/www.europesays.com\/pl\/wp-json\/wp\/v2\/types\/post"}],"author":[{"embeddable":true,"href":"https:\/\/www.europesays.com\/pl\/wp-json\/wp\/v2\/users\/2"}],"replies":[{"embeddable":true,"href":"https:\/\/www.europesays.com\/pl\/wp-json\/wp\/v2\/comments?post=126383"}],"version-history":[{"count":0,"href":"https:\/\/www.europesays.com\/pl\/wp-json\/wp\/v2\/posts\/126383\/revisions"}],"wp:featuredmedia":[{"embeddable":true,"href":"https:\/\/www.europesays.com\/pl\/wp-json\/wp\/v2\/media\/60432"}],"wp:attachment":[{"href":"https:\/\/www.europesays.com\/pl\/wp-json\/wp\/v2\/media?parent=126383"}],"wp:term":[{"taxonomy":"category","embeddable":true,"href":"https:\/\/www.europesays.com\/pl\/wp-json\/wp\/v2\/categories?post=126383"},{"taxonomy":"post_tag","embeddable":true,"href":"https:\/\/www.europesays.com\/pl\/wp-json\/wp\/v2\/tags?post=126383"}],"curies":[{"name":"wp","href":"https:\/\/api.w.org\/{rel}","templated":true}]}}