{"id":126406,"date":"2025-11-30T22:13:08","date_gmt":"2025-11-30T22:13:08","guid":{"rendered":"https:\/\/www.europesays.com\/pl\/126406\/"},"modified":"2025-11-30T22:13:08","modified_gmt":"2025-11-30T22:13:08","slug":"karambol-na-s2-pod-warszawa-zderzylo-sie-9-pojazdow-sa-ranni","status":"publish","type":"post","link":"https:\/\/www.europesays.com\/pl\/126406\/","title":{"rendered":"Karambol na S2 pod Warszaw\u0105. Zderzy\u0142o si\u0119 9 pojazd\u00f3w, s\u0105 ranni"},"content":{"rendered":"<p>Generalna Dyrekcja Dr\u00f3g Krajowych i\u00a0Autostrad poinformowa\u0142a o\u00a0powa\u017cnym wypadku na odcinku S2 Opacz &#8211;\u00a0Konotopa w\u00a0kierunku Poznania. Wed\u0142ug wst\u0119pnych danych uczestniczy\u0142o w\u00a0nim dziewi\u0119\u0107 pojazd\u00f3w. S\u0142u\u017cby drogowe ostrzegaj\u0105 przed utrudnieniami na trasie.<\/p>\n<p>Rzecznik Komendy Powiatowej PSP w\u00a0Powiecie Warszawskim Zachodnim, m\u0142. kpt. Damian Dolniak, przekaza\u0142, \u017ce w\u00a0pojazdach podr\u00f3\u017cowa\u0142y \u0142\u0105cznie 24 osoby. &#8211; Pi\u0119\u0107 os\u00f3b zosta\u0142o poszkodowanych, w\u00a0tym dzieci. Dwie osoby trafi\u0142y do szpitala, trzy opatrywane s\u0105 na miejscu. Przejezdny jest jeden pas &#8211;\u00a0powiedzia\u0142 oficer PSP. Sytuacja na jezdni powoduje zatory w\u00a0kierunku Poznania.<\/p>\n<p>Wed\u0142ug informacji reportera TVN24 cztery z\u00a0poszkodowanych os\u00f3b to dzieci w\u00a0wieku od trzech miesi\u0119cy do czterech lat.<\/p>\n<p>Na miejscu pracuj\u0105 zespo\u0142y ratownictwa medycznego, stra\u017c po\u017carna i\u00a0policja. S\u0142u\u017cbom uda\u0142o si\u0119 odblokowa\u0107 jeden pas trasy w\u00a0kierunku Poznania. Mimo to tworzy si\u0119 ogromny korek.<\/p>\n","protected":false},"excerpt":{"rendered":"Generalna Dyrekcja Dr\u00f3g Krajowych i\u00a0Autostrad poinformowa\u0142a o\u00a0powa\u017cnym wypadku na odcinku S2 Opacz &#8211;\u00a0Konotopa w\u00a0kierunku Poznania. Wed\u0142ug wst\u0119pnych danych&hellip;\n","protected":false},"author":2,"featured_media":126407,"comment_status":"","ping_status":"","sticky":false,"template":"","format":"standard","meta":{"footnotes":""},"categories":[12],"tags":[32,33,36,37,27,34,35,28,31,25,42,38,40,39,41,29,30,26],"class_list":{"0":"post-126406","1":"post","2":"type-post","3":"status-publish","4":"format-standard","5":"has-post-thumbnail","7":"category-polska","8":"tag-breaking-news","9":"tag-breakingnews","10":"tag-featured-news","11":"tag-featurednews","12":"tag-headlines","13":"tag-latest-news","14":"tag-latestnews","15":"tag-naglowki","16":"tag-najwazniejsze-artykuly","17":"tag-news","18":"tag-pl","19":"tag-poland","20":"tag-polish","21":"tag-polska","22":"tag-polski","23":"tag-top-stories","24":"tag-topstories","25":"tag-wiadomosci"},"share_on_mastodon":{"url":"https:\/\/pubeurope.com\/@pl\/115640952750459514","error":""},"_links":{"self":[{"href":"https:\/\/www.europesays.com\/pl\/wp-json\/wp\/v2\/posts\/126406","targetHints":{"allow":["GET"]}}],"collection":[{"href":"https:\/\/www.europesays.com\/pl\/wp-json\/wp\/v2\/posts"}],"about":[{"href":"https:\/\/www.europesays.com\/pl\/wp-json\/wp\/v2\/types\/post"}],"author":[{"embeddable":true,"href":"https:\/\/www.europesays.com\/pl\/wp-json\/wp\/v2\/users\/2"}],"replies":[{"embeddable":true,"href":"https:\/\/www.europesays.com\/pl\/wp-json\/wp\/v2\/comments?post=126406"}],"version-history":[{"count":0,"href":"https:\/\/www.europesays.com\/pl\/wp-json\/wp\/v2\/posts\/126406\/revisions"}],"wp:featuredmedia":[{"embeddable":true,"href":"https:\/\/www.europesays.com\/pl\/wp-json\/wp\/v2\/media\/126407"}],"wp:attachment":[{"href":"https:\/\/www.europesays.com\/pl\/wp-json\/wp\/v2\/media?parent=126406"}],"wp:term":[{"taxonomy":"category","embeddable":true,"href":"https:\/\/www.europesays.com\/pl\/wp-json\/wp\/v2\/categories?post=126406"},{"taxonomy":"post_tag","embeddable":true,"href":"https:\/\/www.europesays.com\/pl\/wp-json\/wp\/v2\/tags?post=126406"}],"curies":[{"name":"wp","href":"https:\/\/api.w.org\/{rel}","templated":true}]}}