{"id":126442,"date":"2025-11-30T22:37:10","date_gmt":"2025-11-30T22:37:10","guid":{"rendered":"https:\/\/www.europesays.com\/pl\/126442\/"},"modified":"2025-11-30T22:37:10","modified_gmt":"2025-11-30T22:37:10","slug":"malgorzata-rozenek-w-obcislej-kreacji-z-glebokim-dekoltem-cyka-sobie-fotki-z-radziem-w-windzie-zdjecia","status":"publish","type":"post","link":"https:\/\/www.europesays.com\/pl\/126442\/","title":{"rendered":"Ma\u0142gorzata Rozenek w obcis\u0142ej kreacji z g\u0142\u0119bokim dekoltem &#8222;cyka&#8221; sobie fotki z Radziem w windzie (ZDJ\u0118CIA)"},"content":{"rendered":"<p>Przegl\u0105daj\u0105c instagramowy kontent Ma\u0142gorzaty Rozenek, mo\u017cna odnie\u015b\u0107 wra\u017cenie, \u017ce celebrytka &#8222;wygra\u0142a \u017cycie&#8221;. Egzotyczne podr\u00f3\u017ce, pobyt w\u00a0najlepszych hotelach i\u00a0zakupy w\u00a0ekskluzywnych butikach to dla &#8222;Perfekcyjnej&#8221; chleb powszedni, a\u00a0gdy wakacje dobiegaj\u0105 ko\u0144ca i\u00a0globtroterka powraca do ojczyzny, na miejscu na gwiazd\u0119 czekaj\u0105 zaproszenia na liczne imprezy.<\/p>\n<p>Ostatnie tygodnie w\u00a0przypadku Goni obfitowa\u0142y w\u00a0liczne wyj\u015bcia. Opr\u00f3cz prapremiery ksi\u0105\u017cki Anny Pamu\u0142y &#8222;Partnerstwo&#8221; czy Balu Fundacji TVN &#8222;Nie jeste\u015b sam&#8221; 47-latka nawiedzi\u0142a te\u017c przedsi\u0119wzi\u0119cie magazynu &#8222;GQ&#8221;, kt\u00f3ry niebawem trafi na polski rynek.<\/p>\n<p>Irena Kami\u0144ska-Radomska szczerze o\u00a0relacjach z\u00a0Ma\u0142gorzat\u0105 Rozenek-Majdan: &#8222;Nie obserwuj\u0119. Relacji nie ma&#8230;&#8221; <\/p>\n<p>Okazuje si\u0119, \u017ce w\u00a0ten weekend celebrytka te\u017c si\u0119 nie oszcz\u0119dza\u0142a. G\u0142odna wra\u017ce\u0144 prominentka odhaczy\u0142a w\u00a0sobot\u0119 kolejne wyj\u015bcie, kt\u00f3re wymaga\u0142o od niej wystrojenia si\u0119 niczym str\u00f3\u017c w\u00a0Bo\u017ce Cia\u0142o. Rozenek zamie\u015bci\u0142a seri\u0119 fotek &#8222;cykni\u0119tych&#8221; w\u00a0windzie ekskluzywnego hotelu w\u00a0Gr\u00f3dku nad Dunajcem. <\/p>\n<p>Gonia odzia\u0142a si\u0119 w\u00a0efektown\u0105, czarn\u0105 sukni\u0119 z\u00a0g\u0142\u0119bokim dekoltem, kt\u00f3r\u0105 urozmaici\u0142a kosztown\u0105 bi\u017cuteri\u0105. Jej przed\u0142u\u017cone i\u00a0zag\u0119szczone w\u0142osy uczesane by\u0142y w\u00a0ciasny kucyk. Jak zwykle towarzyszy\u0142 jej nieod\u0142\u0105czny Rados\u0142aw Majdan.<\/p>\n<p>Wygl\u0105daj\u0105 jak milion dolar\u00f3w?<\/p>\n","protected":false},"excerpt":{"rendered":"Przegl\u0105daj\u0105c instagramowy kontent Ma\u0142gorzaty Rozenek, mo\u017cna odnie\u015b\u0107 wra\u017cenie, \u017ce celebrytka &#8222;wygra\u0142a \u017cycie&#8221;. Egzotyczne podr\u00f3\u017ce, pobyt w\u00a0najlepszych hotelach i\u00a0zakupy&hellip;\n","protected":false},"author":2,"featured_media":126443,"comment_status":"","ping_status":"","sticky":false,"template":"","format":"standard","meta":{"footnotes":""},"categories":[22],"tags":[122,42,38,40,39,41,123],"class_list":{"0":"post-126442","1":"post","2":"type-post","3":"status-publish","4":"format-standard","5":"has-post-thumbnail","7":"category-rozrywka","8":"tag-entertainment","9":"tag-pl","10":"tag-poland","11":"tag-polish","12":"tag-polska","13":"tag-polski","14":"tag-rozrywka"},"share_on_mastodon":{"url":"https:\/\/pubeurope.com\/@pl\/115641047129233703","error":""},"_links":{"self":[{"href":"https:\/\/www.europesays.com\/pl\/wp-json\/wp\/v2\/posts\/126442","targetHints":{"allow":["GET"]}}],"collection":[{"href":"https:\/\/www.europesays.com\/pl\/wp-json\/wp\/v2\/posts"}],"about":[{"href":"https:\/\/www.europesays.com\/pl\/wp-json\/wp\/v2\/types\/post"}],"author":[{"embeddable":true,"href":"https:\/\/www.europesays.com\/pl\/wp-json\/wp\/v2\/users\/2"}],"replies":[{"embeddable":true,"href":"https:\/\/www.europesays.com\/pl\/wp-json\/wp\/v2\/comments?post=126442"}],"version-history":[{"count":0,"href":"https:\/\/www.europesays.com\/pl\/wp-json\/wp\/v2\/posts\/126442\/revisions"}],"wp:featuredmedia":[{"embeddable":true,"href":"https:\/\/www.europesays.com\/pl\/wp-json\/wp\/v2\/media\/126443"}],"wp:attachment":[{"href":"https:\/\/www.europesays.com\/pl\/wp-json\/wp\/v2\/media?parent=126442"}],"wp:term":[{"taxonomy":"category","embeddable":true,"href":"https:\/\/www.europesays.com\/pl\/wp-json\/wp\/v2\/categories?post=126442"},{"taxonomy":"post_tag","embeddable":true,"href":"https:\/\/www.europesays.com\/pl\/wp-json\/wp\/v2\/tags?post=126442"}],"curies":[{"name":"wp","href":"https:\/\/api.w.org\/{rel}","templated":true}]}}