{"id":126488,"date":"2025-11-30T23:05:17","date_gmt":"2025-11-30T23:05:17","guid":{"rendered":"https:\/\/www.europesays.com\/pl\/126488\/"},"modified":"2025-11-30T23:05:17","modified_gmt":"2025-11-30T23:05:17","slug":"janicka-i-popiel-oficjalnie-oglosili-co-ich-laczy-nie-ma-juz-watpliwosci-rmf-fm","status":"publish","type":"post","link":"https:\/\/www.europesays.com\/pl\/126488\/","title":{"rendered":"Janicka i Popiel oficjalnie og\u0142osili, co ich \u0142\u0105czy. Nie ma ju\u017c w\u0105tpliwo\u015bci :: RMF FM"},"content":{"rendered":"<p>W ostatnich tygodniach a\u017c hucza\u0142o od doniesie\u0144 o Maurycym Popielu i Sarze Janickiej, finalistach jubileuszowej edycji \u201eDancing with the Stars. Ta\u0144ca z gwiazdami\u201d. Teraz taneczni partnerzy oficjalnie zabrali g\u0142os w temacie swojej relacji, nie zostawiaj\u0105c w\u0105tpliwo\u015bci, co ich \u0142\u0105czy. Wcze\u015bniej tancerka potwierdzi\u0142a rozw\u00f3d i zaprzeczy\u0142a zwi\u0105zkowi z Maciejem Zako\u015bcielnym.<\/p>\n<p><img decoding=\"async\" alt=\"\" src=\"https:\/\/www.europesays.com\/pl\/wp-content\/uploads\/2025\/11\/4a3e9c0f5635afe26852c4bf4f78d1f9.jpg\" class=\"w-100\"\/><\/p>\n<p>Co \u0142\u0105czy Sar\u0119 Janick\u0105 i Maurycego Popiela? fot. Pawe\u0142 Wrzecion\/AKPA<\/p>\n<p>&#13;<br \/>\n\t<a href=\"https:\/\/www.rmf.fm\/magazyn\/tag,Sara%20Janicka.html\" rel=\"nofollow noopener\" target=\"_blank\">Sara Janicka<\/a> oficjalnie potwierdzi\u0142a rozw\u00f3d<\/p>\n<p>&#13;<br \/>\n\tW ostatnim czasie nazwiska Maurycego Popiela i Sary Janickiej by\u0142y na ustach wszystkich. Aktor i tancerka podbili serca publiczno\u015bci swoimi tanecznymi popisami w jubileuszowej edycji \u201eTa\u0144ca z gwiazdami\u201d. Byli o w\u0142os od zwyci\u0119stwa \u2013 zaj\u0119li drugie miejsce, zaraz za Miko\u0142ajem \u201eBagim\u201d Bagi\u0144skim i Magdalen\u0105 Tarnowsk\u0105.<\/p>\n<p>&#13;<br \/>\n\tPo finale Janicka zdecydowa\u0142a si\u0119 rozwia\u0107 w\u0105tpliwo\u015bci w temacie swojego \u017cycia prywatnego, wyznaj\u0105c w rozmowie z Jastrz\u0105bPost: \u201eUkaza\u0142o si\u0119 kilka artyku\u0142\u00f3w na temat mojego m\u0119\u017ca. I to nie s\u0105 prawdziwe informacje, poniewa\u017c ja nie jestem ju\u017c m\u0119\u017catk\u0105\u201d. Jednocze\u015bnie zaprzeczy\u0142a doniesieniom o romansie z Maciejem Zako\u015bcielnym, z kt\u00f3rym ta\u0144czy\u0142a dwie edycje wcze\u015bniej:<\/p>\n<p>&#13;<br \/>\n\t\u201eNie jeste\u015bmy par\u0105. (\u2026) Je\u015bli chodzi o m\u00f3j rozw\u00f3d, to jest to dla mnie bardzo prywatna sprawa i nie chc\u0119 wchodzi\u0107 w szczeg\u00f3\u0142y. Mog\u0119 jednak powiedzie\u0107, \u017ce ta sprawa zako\u0144czy\u0142a si\u0119 kilka miesi\u0119cy temu. (\u2026) Z Ma\u0107kiem to bardzo dobra, kole\u017ce\u0144ska relacja\u201d.<\/p>\n<p>&#13;<br \/>\n\tCo \u0142\u0105czy Sar\u0119 Janick\u0105 i Maurycego Popiela?<\/p>\n<p>&#13;<br \/>\n\tJanicka nie unikn\u0119\u0142a \u0142\u0105czenia jej r\u00f3wnie\u017c z ostatnim tanecznym partnerem \u2013 Maurycym Popielem. Razem z aktorem, kt\u00f3ry tak\u017ce niedawno si\u0119 rozwi\u00f3d\u0142, pojawi\u0142a si\u0119 w ten weekend w \u201eHalo, tu Polsat\u201d. Tam zostali zapytani wprost o charakter \u0142\u0105cz\u0105cej ich relacji.<\/p>\n<blockquote><p>&#13;<\/p>\n<p>&#13;<br \/>\n\t\tNie, nie jeste\u015bmy razem \u2013 og\u0142osili wsp\u00f3lnie.<\/p>\n<p>&#13;\n<\/p><\/blockquote>\n<p>&#13;<br \/>\n\tTancerka doda\u0142a, \u017ce wcze\u015bniej nie dociera\u0142y do niej podobne pog\u0142oski. \u201eNie dociera\u0142y do mnie takie plotki, ale rzeczywi\u015bcie by\u0142o ich mn\u00f3stwo na temat ka\u017cdej pary\u201d \u2013 przyzna\u0142a. Jednocze\u015bnie z Popielem potwierdzili, \u017ce po programie pozostaj\u0105 w kontakcie.<\/p>\n","protected":false},"excerpt":{"rendered":"W ostatnich tygodniach a\u017c hucza\u0142o od doniesie\u0144 o Maurycym Popielu i Sarze Janickiej, finalistach jubileuszowej edycji \u201eDancing with&hellip;\n","protected":false},"author":2,"featured_media":126489,"comment_status":"","ping_status":"","sticky":false,"template":"","format":"standard","meta":{"footnotes":""},"categories":[22],"tags":[7315,122,17533,42,38,40,39,41,123,15353,4930,7314],"class_list":{"0":"post-126488","1":"post","2":"type-post","3":"status-publish","4":"format-standard","5":"has-post-thumbnail","7":"category-rozrywka","8":"tag-dancing-with-the-stars-taniec-z-gwiazdami","9":"tag-entertainment","10":"tag-maurycy-popiel","11":"tag-pl","12":"tag-poland","13":"tag-polish","14":"tag-polska","15":"tag-polski","16":"tag-rozrywka","17":"tag-sara-janicka","18":"tag-taniec-z-gwiazdami","19":"tag-taniec-z-gwiazdami-17"},"share_on_mastodon":{"url":"https:\/\/pubeurope.com\/@pl\/115641157465362658","error":""},"_links":{"self":[{"href":"https:\/\/www.europesays.com\/pl\/wp-json\/wp\/v2\/posts\/126488","targetHints":{"allow":["GET"]}}],"collection":[{"href":"https:\/\/www.europesays.com\/pl\/wp-json\/wp\/v2\/posts"}],"about":[{"href":"https:\/\/www.europesays.com\/pl\/wp-json\/wp\/v2\/types\/post"}],"author":[{"embeddable":true,"href":"https:\/\/www.europesays.com\/pl\/wp-json\/wp\/v2\/users\/2"}],"replies":[{"embeddable":true,"href":"https:\/\/www.europesays.com\/pl\/wp-json\/wp\/v2\/comments?post=126488"}],"version-history":[{"count":0,"href":"https:\/\/www.europesays.com\/pl\/wp-json\/wp\/v2\/posts\/126488\/revisions"}],"wp:featuredmedia":[{"embeddable":true,"href":"https:\/\/www.europesays.com\/pl\/wp-json\/wp\/v2\/media\/126489"}],"wp:attachment":[{"href":"https:\/\/www.europesays.com\/pl\/wp-json\/wp\/v2\/media?parent=126488"}],"wp:term":[{"taxonomy":"category","embeddable":true,"href":"https:\/\/www.europesays.com\/pl\/wp-json\/wp\/v2\/categories?post=126488"},{"taxonomy":"post_tag","embeddable":true,"href":"https:\/\/www.europesays.com\/pl\/wp-json\/wp\/v2\/tags?post=126488"}],"curies":[{"name":"wp","href":"https:\/\/api.w.org\/{rel}","templated":true}]}}