{"id":126564,"date":"2025-12-01T00:48:17","date_gmt":"2025-12-01T00:48:17","guid":{"rendered":"https:\/\/www.europesays.com\/pl\/126564\/"},"modified":"2025-12-01T00:48:17","modified_gmt":"2025-12-01T00:48:17","slug":"aleksander-kwasniewski-nie-ma-watpliwosci-w-sprawie-pokoju-zapomnijmy-o-tym-2","status":"publish","type":"post","link":"https:\/\/www.europesays.com\/pl\/126564\/","title":{"rendered":"Aleksander Kwa\u015bniewski nie ma w\u0105tpliwo\u015bci w sprawie pokoju. &#8222;Zapomnijmy o tym&#8221;"},"content":{"rendered":"<p class=\"ods-c-paragraph \">Zdaniem Aleksandra Kwa\u015bniewskiego tzw. reset w relacjach Zachodu z Rosj\u0105 za czas\u00f3w rz\u0105d\u00f3w Baracka Obamy w USA by\u0142 &#8222;naiwno\u015bci\u0105&#8221;. By\u0142y prezydent zastrzeg\u0142 jednak przy tym, \u017ce nie zarzuca politykom, \u017ce pr\u00f3bowali rozm\u00f3w oraz demokratyzowania proces\u00f3w zachodz\u0105cych w kraju rz\u0105dzonym przez W\u0142adimira Putina.<\/p>\n<p>Dalszy ci\u0105g artyku\u0142u pod materia\u0142em wideo<\/p>\n<p> Co m\u00f3wi Kwa\u015bniewski o pokoju w Ukrainie? <\/p>\n<p> Jakie zdanie Kwa\u015bniewski ma o Putinie? <\/p>\n<p> Dlaczego Kwa\u015bniewski uwa\u017ca wojn\u0119 za b\u0142\u0105d Putina? <\/p>\n<p> Jaki jest pogl\u0105d Kwa\u015bniewskiego na relacje Zachodu z Rosj\u0105? <\/p>\n<p class=\"ods-c-paragraph \">Wed\u0142ug Kwa\u015bniewskiego by\u0107 mo\u017ce takie wsparcie by\u0142o sp\u00f3\u017anione. Twierdzi on, \u017ce Zach\u00f3d m\u00f3g\u0142 zrobi\u0107 zdecydowanie wi\u0119cej w ko\u0144c\u00f3wce rz\u0105d\u00f3w Borysa Jelcyna.<\/p>\n<p>Kwa\u015bniewski wprost o pokoju mi\u0119dzy Rosj\u0105 i Ukrain\u0105. &#8222;Zapomnijmy o tym&#8221;   <\/p>\n<p class=\"ods-c-paragraph \">By\u0142y prezydent uwa\u017ca, \u017ce rozpocz\u0119cie wojny w Ukrainie przez Putina by\u0142o jego &#8222;historycznym b\u0142\u0119dem&#8221;. \u2014 Pokaza\u0142 prawd\u0119, wywo\u0142a\u0142 jedno\u015b\u0107 w Europie, kt\u00f3rej si\u0119 nie spodziewa\u0142. On ju\u017c w 2014 r., kiedy by\u0142a aneksja Krymu, nie wierzy\u0142, \u017ce ca\u0142a Europa wyst\u0105pi z sankcjami przeciwko Rosji. P\u00f3\u017aniej doda\u0142 do tego Stany Zjednoczone \u2014 powiedzia\u0142.<\/p>\n<p class=\"ods-c-paragraph \">Kwa\u015bniewski odni\u00f3s\u0142 si\u0119 r\u00f3wnie\u017c do tematu negocjacji w sprawie pokoju w Ukrainie. Jak stwierdzi\u0142, obie strony s\u0105 wyra\u017anie zainteresowane rozejmem. \u2014 Ukrai\u0144cy, bo ich zasoby ludzkie s\u0105 na wyczerpaniu, a Rosjanie chc\u0105 kupi\u0107 czas, przeorganizowa\u0107 si\u0119, wyprodukowa\u0107 wi\u0119cej amunicji, przeszkoli\u0107 Korea\u0144czyk\u00f3w z P\u00f3\u0142nocy. Natomiast trwa\u0142y i sprawiedliwy pok\u00f3j&#8230; Zapomnijmy o tym. Tak d\u0142ugo, jak Rosja b\u0119dzie prowadzi\u0107 swoj\u0105 imperialn\u0105 polityk\u0119, to Ukraina jest dla nich niezb\u0119dna jako cz\u0119\u015b\u0107 &#8222;wielkiej Rosji&#8221; \u2014 powiedzia\u0142 wprost.<\/p>\n<p class=\"ods-c-paragraph \">By\u0142y prezydent uwa\u017ca, \u017ce &#8222;rozejm b\u0119dzie epizodem&#8221;, a Rosjanie najprawdopodobniej b\u0119d\u0105 pr\u00f3bowali p\u00f3\u017aniej wp\u0142ywa\u0107 na wybory prezydenckie w Ukrainie. Zwr\u00f3ci\u0142 przy tym uwag\u0119, \u017ce Putin bardzo antyrosyjsko nastawi\u0142 m\u0142ode pokolenie w okupowanym kraju.<\/p>\n<p class=\"ods-c-paragraph \">Kwa\u015bniewski podkre\u015bli\u0142, \u017ce nawet po odej\u015bciu Putina od w\u0142adzy nie mo\u017cna liczy\u0107 na nag\u0142y zwrot w Rosji. \u2014 Szansa na to, \u017ce po Putinie b\u0119dziemy mieli jaki\u015b wielki zwrot w wewn\u0119trznej polityce rosyjskiej, jest bardzo niewielka, powiedzia\u0142bym: \u017cadna \u2014 stwierdzi\u0142 by\u0142y prezydent.<\/p>\n","protected":false},"excerpt":{"rendered":"Zdaniem Aleksandra Kwa\u015bniewskiego tzw. reset w relacjach Zachodu z Rosj\u0105 za czas\u00f3w rz\u0105d\u00f3w Baracka Obamy w USA by\u0142&hellip;\n","protected":false},"author":2,"featured_media":126565,"comment_status":"","ping_status":"","sticky":false,"template":"","format":"standard","meta":{"footnotes":""},"categories":[5],"tags":[13743,32,33,36,37,27,76,34,35,28,31,48,25,46,42,38,40,39,41,87,47,80,29,30,415,26,408],"class_list":{"0":"post-126564","1":"post","2":"type-post","3":"status-publish","4":"format-standard","5":"has-post-thumbnail","7":"category-naglowki","8":"tag-aleksander_kwasniewski","9":"tag-breaking-news","10":"tag-breakingnews","11":"tag-featured-news","12":"tag-featurednews","13":"tag-headlines","14":"tag-inwazja_rosji_na_ukraine","15":"tag-latest-news","16":"tag-latestnews","17":"tag-naglowki","18":"tag-najwazniejsze-artykuly","19":"tag-nat_styl","20":"tag-news","21":"tag-omp","22":"tag-pl","23":"tag-poland","24":"tag-polish","25":"tag-polska","26":"tag-polski","27":"tag-rosja","28":"tag-screening_general","29":"tag-swiat","30":"tag-top-stories","31":"tag-topstories","32":"tag-ukraina","33":"tag-wiadomosci","34":"tag-wladimir_putin"},"share_on_mastodon":{"url":"https:\/\/pubeurope.com\/@pl\/115641562201450084","error":""},"_links":{"self":[{"href":"https:\/\/www.europesays.com\/pl\/wp-json\/wp\/v2\/posts\/126564","targetHints":{"allow":["GET"]}}],"collection":[{"href":"https:\/\/www.europesays.com\/pl\/wp-json\/wp\/v2\/posts"}],"about":[{"href":"https:\/\/www.europesays.com\/pl\/wp-json\/wp\/v2\/types\/post"}],"author":[{"embeddable":true,"href":"https:\/\/www.europesays.com\/pl\/wp-json\/wp\/v2\/users\/2"}],"replies":[{"embeddable":true,"href":"https:\/\/www.europesays.com\/pl\/wp-json\/wp\/v2\/comments?post=126564"}],"version-history":[{"count":0,"href":"https:\/\/www.europesays.com\/pl\/wp-json\/wp\/v2\/posts\/126564\/revisions"}],"wp:featuredmedia":[{"embeddable":true,"href":"https:\/\/www.europesays.com\/pl\/wp-json\/wp\/v2\/media\/126565"}],"wp:attachment":[{"href":"https:\/\/www.europesays.com\/pl\/wp-json\/wp\/v2\/media?parent=126564"}],"wp:term":[{"taxonomy":"category","embeddable":true,"href":"https:\/\/www.europesays.com\/pl\/wp-json\/wp\/v2\/categories?post=126564"},{"taxonomy":"post_tag","embeddable":true,"href":"https:\/\/www.europesays.com\/pl\/wp-json\/wp\/v2\/tags?post=126564"}],"curies":[{"name":"wp","href":"https:\/\/api.w.org\/{rel}","templated":true}]}}