{"id":126584,"date":"2025-12-01T04:16:09","date_gmt":"2025-12-01T04:16:09","guid":{"rendered":"https:\/\/www.europesays.com\/pl\/126584\/"},"modified":"2025-12-01T04:16:09","modified_gmt":"2025-12-01T04:16:09","slug":"donald-trump-rozmawial-z-prezydentem-wenezueli-nie-chce-komentowac","status":"publish","type":"post","link":"https:\/\/www.europesays.com\/pl\/126584\/","title":{"rendered":"Donald Trump rozmawia\u0142 z prezydentem Wenezueli. &#8222;Nie chc\u0119 komentowa\u0107&#8221;"},"content":{"rendered":"<ul class=\"UnorderedList_container__nmfSl\">\n<li class=\"UnorderedList_listElement__Py7xi\" data-id=\"ai-summary-link\">Du\u017co czytania, a ma\u0142o czasu? Sprawd\u017a\u00a0skr\u00f3t\u00a0artyku\u0142u<\/li>\n<\/ul>\n<p class=\"Paragraph_desktopParagraph__U31Gm\">\u2014 Nie chc\u0119 tego komentowa\u0107, odpowied\u017a brzmi &#8222;tak&#8221; \u2014 powiedzia\u0142 dziennikarzom, pytany o doniesienia na temat tego, \u017ce rozmawia\u0142 z Maduro.<\/p>\n<p class=\"Paragraph_desktopParagraph__U31Gm\">W sobot\u0119 Trump zamie\u015bci\u0142 w swoim serwisie spo\u0142eczno\u015bciowym Truth Social wpis o nast\u0119puj\u0105cej tre\u015bci: &#8222;Do wszystkich linii lotniczych, pilot\u00f3w, handlarzy narkotyk\u00f3w i handlarzy lud\u017ami: prosz\u0119, <a href=\"https:\/\/www.onet.pl\/informacje\/onetwiadomosci\/donald-trump-z-nowa-decyzja-w-sprawie-wenezueli-dziekuje-za-uwage\/vbpjg7c,79cfc278\" id=\"e197c303-5b49-40cd-bc37-7fc446661b80\" rel=\"nofollow noopener\" target=\"_blank\">uznajcie przestrze\u0144 powietrzn\u0105 nad Wenezuel\u0105 i wok\u00f3\u0142 niej za zamkni\u0119t\u0105 w ca\u0142o\u015bci<\/a>. Dzi\u0119kuj\u0119 za uwag\u0119!&#8221;. Prezydent nie wyja\u015bni\u0142 powod\u00f3w swojego wpisu i nie poda\u0142 dalszych szczeg\u00f3\u0142\u00f3w.<\/p>\n<p class=\"VideoPlayerText_videoPlayerText__iDwyz\">Dalszy ci\u0105g materia\u0142u pod wideo<\/p>\n<ul class=\"OchatFollowUps_wrapper__1ry7X\">\n<li class=\"OchatFollowUps_item__Dhyly OchatFollowUps_itemDesktop__R6aBv\">Kto rozmawia\u0142 z Nicolasem Maduro?<\/li>\n<li class=\"OchatFollowUps_item__Dhyly OchatFollowUps_itemDesktop__R6aBv\">Jakie szczeg\u00f3\u0142y rozmowy ujawni\u0142 Donald Trump?<\/li>\n<li class=\"OchatFollowUps_item__Dhyly OchatFollowUps_itemDesktop__R6aBv\">Jakie ostrze\u017cenie wyda\u0142 Trump dotycz\u0105ce przestrzeni powietrznej nad Wenezuel\u0105?<\/li>\n<li class=\"OchatFollowUps_item__Dhyly OchatFollowUps_itemDesktop__R6aBv\">Czy podczas rozmowy omawiano spotkanie lider\u00f3w w USA?<\/li>\n<\/ul>\n<p>Napi\u0119cie na linii USA-Wenezuela <\/p>\n<p class=\"Paragraph_desktopParagraph__U31Gm\">Pytany w niedziel\u0119 przez dziennikarzy na pok\u0142adzie Air Force One o to, dlaczego nale\u017cy uznawa\u0107 przestrze\u0144 powietrzn\u0105 nad Wenezuel\u0105 za zamkni\u0119t\u0105, odpowiedzia\u0142: \u2014 Poniewa\u017c uwa\u017camy Wenezuel\u0119 za niezbyt przyjazne pa\u0144stwo. Dopytywany, czy wydane przez niego ostrze\u017cenie oznacza nadchodz\u0105cy atak powietrzny na Wenezuel\u0119, odpar\u0142, by &#8222;niczego si\u0119 w tym nie doszukiwa\u0107&#8221;.<\/p>\n<p class=\"Paragraph_desktopParagraph__U31Gm\">W pi\u0105tek dziennik &#8222;New York Times&#8221;, powo\u0142uj\u0105c si\u0119 na \u017ar\u00f3d\u0142a, napisa\u0142, \u017ce Trump w ubieg\u0142ym tygodniu odby\u0142 rozmow\u0119 telefoniczn\u0105 z przyw\u00f3dc\u0105 Wenezueli. Podczas rozmowy om\u00f3wiono potencjalne spotkanie lider\u00f3w w USA, lecz nie poczyniono \u017cadnych konkretnych plan\u00f3w \u2014 czytamy.<\/p>\n<p class=\"Paragraph_desktopParagraph__U31Gm\">Do rozmowy dosz\u0142o kilka dni przed wej\u015bciem w \u017cycie decyzji Departamentu Stanu USA o uznaniu wenezuelskiego Cartel de los Soles (Kartelu S\u0142o\u0144c) za organizacj\u0119 terrorystyczn\u0105. Wed\u0142ug w\u0142adz w Waszyngtonie jego cz\u0142onkami s\u0105 m.in. wysocy rang\u0105 urz\u0119dnicy wenezuelskich w\u0142adz, a na czele grupy ma sta\u0107 przyw\u00f3dca kraju Maduro. Caracas kategorycznie zaprzecza tym zarzutom i twierdzi, \u017ce oskar\u017cenia o udzia\u0142 w handlu narkotykami s\u0105 pretekstem do si\u0142owej zmiany w\u0142adzy w Wenezueli i przej\u0119cia kontroli nad wenezuelskimi z\u0142o\u017cami ropy naftowej.<\/p>\n<p class=\"Paragraph_desktopParagraph__U31Gm\">Jak poinformowa\u0142 &#8222;Wall Street Journal&#8221;, Trump powiedzia\u0142 podczas rozmowy z Maduro, \u017ce je\u015bli nie odda w\u0142adzy, USA rozwa\u017c\u0105 inne opcje, w tym u\u017cycie si\u0142y. Przyw\u00f3dcy mieli rozmawia\u0107 te\u017c o amnestii dla Maduro i jego wsp\u00f3\u0142pracownik\u00f3w.<\/p>\n","protected":false},"excerpt":{"rendered":"Du\u017co czytania, a ma\u0142o czasu? Sprawd\u017a\u00a0skr\u00f3t\u00a0artyku\u0142u \u2014 Nie chc\u0119 tego komentowa\u0107, odpowied\u017a brzmi &#8222;tak&#8221; \u2014 powiedzia\u0142 dziennikarzom, pytany&hellip;\n","protected":false},"author":2,"featured_media":124260,"comment_status":"","ping_status":"","sticky":false,"template":"","format":"standard","meta":{"footnotes":""},"categories":[14],"tags":[32,33,58,27,67,34,35,28,31,53,25,3157,52,68,51,55,40,41,47,59,80,29,30,50,3063,26,82,83,84],"class_list":{"0":"post-126584","1":"post","2":"type-post","3":"status-publish","4":"format-standard","5":"has-post-thumbnail","7":"category-swiat","8":"tag-breaking-news","9":"tag-breakingnews","10":"tag-donald_trump_prezydent_usa","11":"tag-headlines","12":"tag-intextvideo_splayer","13":"tag-latest-news","14":"tag-latestnews","15":"tag-naglowki","16":"tag-najwazniejsze-artykuly","17":"tag-new_header","18":"tag-news","19":"tag-nicolas_maduro","20":"tag-onet3","21":"tag-onet3d","22":"tag-onet3d_2i","23":"tag-phx","24":"tag-polish","25":"tag-polski","26":"tag-screening_general","27":"tag-stany_zjednoczone_usa","28":"tag-swiat","29":"tag-top-stories","30":"tag-topstories","31":"tag-v2021","32":"tag-wenezuela_kraj","33":"tag-wiadomosci","34":"tag-world","35":"tag-world-news","36":"tag-worldnews"},"share_on_mastodon":{"url":"https:\/\/pubeurope.com\/@pl\/115642379978289079","error":""},"_links":{"self":[{"href":"https:\/\/www.europesays.com\/pl\/wp-json\/wp\/v2\/posts\/126584","targetHints":{"allow":["GET"]}}],"collection":[{"href":"https:\/\/www.europesays.com\/pl\/wp-json\/wp\/v2\/posts"}],"about":[{"href":"https:\/\/www.europesays.com\/pl\/wp-json\/wp\/v2\/types\/post"}],"author":[{"embeddable":true,"href":"https:\/\/www.europesays.com\/pl\/wp-json\/wp\/v2\/users\/2"}],"replies":[{"embeddable":true,"href":"https:\/\/www.europesays.com\/pl\/wp-json\/wp\/v2\/comments?post=126584"}],"version-history":[{"count":0,"href":"https:\/\/www.europesays.com\/pl\/wp-json\/wp\/v2\/posts\/126584\/revisions"}],"wp:featuredmedia":[{"embeddable":true,"href":"https:\/\/www.europesays.com\/pl\/wp-json\/wp\/v2\/media\/124260"}],"wp:attachment":[{"href":"https:\/\/www.europesays.com\/pl\/wp-json\/wp\/v2\/media?parent=126584"}],"wp:term":[{"taxonomy":"category","embeddable":true,"href":"https:\/\/www.europesays.com\/pl\/wp-json\/wp\/v2\/categories?post=126584"},{"taxonomy":"post_tag","embeddable":true,"href":"https:\/\/www.europesays.com\/pl\/wp-json\/wp\/v2\/tags?post=126584"}],"curies":[{"name":"wp","href":"https:\/\/api.w.org\/{rel}","templated":true}]}}