{"id":126611,"date":"2025-12-01T05:07:14","date_gmt":"2025-12-01T05:07:14","guid":{"rendered":"https:\/\/www.europesays.com\/pl\/126611\/"},"modified":"2025-12-01T05:07:14","modified_gmt":"2025-12-01T05:07:14","slug":"nagranie-z-morskiego-oka-skrajna-nieodpowiedzialnosc","status":"publish","type":"post","link":"https:\/\/www.europesays.com\/pl\/126611\/","title":{"rendered":"Nagranie z Morskiego Oka. &#8222;Skrajna nieodpowiedzialno\u015b\u0107&#8221;"},"content":{"rendered":"<p>Nagranie opublikowa\u0142 &#8222;Tygodnik Podhala\u0144ski&#8221;. Sytuacja mia\u0142a miejsce w\u00a0niedziel\u0119, 30 listopada. Na lodow\u0105 tafl\u0119 zamarzni\u0119tego Morskiego Oka w\u00a0jednej chwili wesz\u0142o ponad 20 turyst\u00f3w. Ludzie chodzili po lodzie jak po brukowanym chodniku. <\/p>\n<p>&#8222;Skrajna nieodpowiedzialno\u015b\u0107 turyst\u00f3w nad Morskim Okiem! Wiele os\u00f3b wesz\u0142o dzi\u015b na bardzo cienk\u0105 warstw\u0119 lodu, niekt\u00f3rzy naprawd\u0119 daleko&#8221; &#8211;\u00a0grzmi Tygodnik Podhala\u0144ski. <\/p>\n<p>M\u0142oda dziewczyna ju\u017c nie \u017cy\u0142a. Policjantka nie wytrzyma\u0142a <\/p>\n<p>To prawda &#8211;\u00a0takie zachowanie mo\u017ce skutkowa\u0107 tragedi\u0105. Nigdy bowiem nie wiadomo, kiedy l\u00f3d si\u0119 za\u0142amie. Jest to jeszcze bardziej prawdopodobne, gdy w\u00a0jednym miejscu zgromadzi si\u0119 wi\u0119ksza grupa os\u00f3b. Z\u00a0zewn\u0105trz naprawd\u0119 trudno oceni\u0107, czy warstwa lodu wytrzyma ci\u0119\u017car cia\u0142a. Dla tych, kt\u00f3rych to nie przekonuje &#8211;\u00a0poni\u017cej cytat z\u00a0oficjalnej strony Komendy G\u0142\u00f3wnej Pa\u0144stwowej Stra\u017cy Po\u017carnej. <\/p>\n<p>&#8222;Zamarzni\u0119te stawy, jeziora i\u00a0rzeki zawsze s\u0105 niebezpieczne. Niefrasobliwo\u015b\u0107 doros\u0142ych oraz pozostawianie dzieci bez opieki, zbiera co roku \u015bmiertelne \u017cniwo. Mimo ostrze\u017ce\u0144 s\u0142u\u017cb ratunkowych, co roku pod lodem ginie kilkana\u015bcie os\u00f3b&#8221; &#8211;\u00a0czytamy na stronie KG PSP. <\/p>\n<p>Nagranie z\u00a0Morskiego Oka. Ludzie komentuj\u0105 <\/p>\n<p>G\u0142os w\u00a0sprawie nagrania z\u00a0Morskiego Oka zabrali internauci. <\/p>\n<p>&#8222;Powinni zosta\u0107 ukarani&#8221; &#8211;\u00a0pisze pani Barbara o\u00a0zachowaniu turyst\u00f3w. <\/p>\n<p>Wszystko do czasu, dop\u00f3ki si\u0119 nie wydarzy tragedia, wtedy pozostanie tylko p\u0142acz Przykre, \u017ce ludzie s\u0105 tak nieodpowiedzialni&#8221; &#8211;\u00a0zauwa\u017ca pan Andrzej. <\/p>\n<p>&#8222;S\u0105 tablice stoj\u0105 jak byk. Ludzie to jednak barany, nie obra\u017caj\u0105c barana&#8221; &#8211;\u00a0napisa\u0142a pani Ela. <\/p>\n<p>W 2024 roku na terenie Polski odnotowano 488 wypadk\u00f3w toni\u0119\u0107. W\u00a0wyniku tych wypadk\u00f3w uton\u0119\u0142y 444 osoby. Dane z\u00a0policji nie wskazuj\u0105 jednak, jak wygl\u0105daj\u0105 dane dla okresu zimowego &#8211;\u00a0z\u00a0pewno\u015bci\u0105 ofiar jest mniej ze wzgl\u0119du na letni sezon k\u0105pielowy. To jednak nie oznacza, \u017ce zim\u0105 nie dochodzi do takich tragedii. <\/p>\n","protected":false},"excerpt":{"rendered":"Nagranie opublikowa\u0142 &#8222;Tygodnik Podhala\u0144ski&#8221;. Sytuacja mia\u0142a miejsce w\u00a0niedziel\u0119, 30 listopada. Na lodow\u0105 tafl\u0119 zamarzni\u0119tego Morskiego Oka w\u00a0jednej chwili&hellip;\n","protected":false},"author":2,"featured_media":126612,"comment_status":"","ping_status":"","sticky":false,"template":"","format":"standard","meta":{"footnotes":""},"categories":[5],"tags":[32,33,36,37,27,34,35,28,31,25,42,38,40,39,41,29,30,26],"class_list":{"0":"post-126611","1":"post","2":"type-post","3":"status-publish","4":"format-standard","5":"has-post-thumbnail","7":"category-naglowki","8":"tag-breaking-news","9":"tag-breakingnews","10":"tag-featured-news","11":"tag-featurednews","12":"tag-headlines","13":"tag-latest-news","14":"tag-latestnews","15":"tag-naglowki","16":"tag-najwazniejsze-artykuly","17":"tag-news","18":"tag-pl","19":"tag-poland","20":"tag-polish","21":"tag-polska","22":"tag-polski","23":"tag-top-stories","24":"tag-topstories","25":"tag-wiadomosci"},"share_on_mastodon":{"url":"https:\/\/pubeurope.com\/@pl\/115642580487238952","error":""},"_links":{"self":[{"href":"https:\/\/www.europesays.com\/pl\/wp-json\/wp\/v2\/posts\/126611","targetHints":{"allow":["GET"]}}],"collection":[{"href":"https:\/\/www.europesays.com\/pl\/wp-json\/wp\/v2\/posts"}],"about":[{"href":"https:\/\/www.europesays.com\/pl\/wp-json\/wp\/v2\/types\/post"}],"author":[{"embeddable":true,"href":"https:\/\/www.europesays.com\/pl\/wp-json\/wp\/v2\/users\/2"}],"replies":[{"embeddable":true,"href":"https:\/\/www.europesays.com\/pl\/wp-json\/wp\/v2\/comments?post=126611"}],"version-history":[{"count":0,"href":"https:\/\/www.europesays.com\/pl\/wp-json\/wp\/v2\/posts\/126611\/revisions"}],"wp:featuredmedia":[{"embeddable":true,"href":"https:\/\/www.europesays.com\/pl\/wp-json\/wp\/v2\/media\/126612"}],"wp:attachment":[{"href":"https:\/\/www.europesays.com\/pl\/wp-json\/wp\/v2\/media?parent=126611"}],"wp:term":[{"taxonomy":"category","embeddable":true,"href":"https:\/\/www.europesays.com\/pl\/wp-json\/wp\/v2\/categories?post=126611"},{"taxonomy":"post_tag","embeddable":true,"href":"https:\/\/www.europesays.com\/pl\/wp-json\/wp\/v2\/tags?post=126611"}],"curies":[{"name":"wp","href":"https:\/\/api.w.org\/{rel}","templated":true}]}}