{"id":126621,"date":"2025-12-01T05:44:11","date_gmt":"2025-12-01T05:44:11","guid":{"rendered":"https:\/\/www.europesays.com\/pl\/126621\/"},"modified":"2025-12-01T05:44:11","modified_gmt":"2025-12-01T05:44:11","slug":"niespodziewany-incydent-na-scenie-zenek-martyniuk-oberwal-prosto-w-twarz","status":"publish","type":"post","link":"https:\/\/www.europesays.com\/pl\/126621\/","title":{"rendered":"Niespodziewany incydent na scenie. Zenek Martyniuk oberwa\u0142 prosto w twarz"},"content":{"rendered":"<p class=\"article-p\" data-section=\"detail-body\">Takie momenty pokazuj\u0105, \u017ce wyst\u0119py live potrafi\u0105 zaskoczy\u0107 nie tylko publiczno\u015b\u0107, lecz tak\u017ce samych wykonawc\u00f3w. <a href=\"https:\/\/www.fakt.pl\/temat\/zenek-martyniuk\" id=\"ed32fd1e-fdfb-4201-ba60-e4da24e70c05\" rel=\"nofollow noopener\" target=\"_blank\">Zenek Martyniuk<\/a> przekona\u0142 si\u0119 o tym w sobotni wiecz\u00f3r podczas koncertu w Eindhoven, gdzie wyst\u0119powa\u0142 w ramach Polskiego Festivalu w hali Vibes. Jak zawsze dawa\u0142 z siebie wszystko, dbaj\u0105c o kontakt z fanami i energiczn\u0105 opraw\u0119 show.<\/p>\n<p>        Zenek Martyniuk nie m\u00f3g\u0142 si\u0119 tego spodziewa\u0107. To wystrzeli\u0142o mu w twarz<\/p>\n<p class=\"article-p\" data-section=\"detail-body\">Do zabawnej sytuacji dosz\u0142o w chwili, gdy piosenkarz podszed\u0142 zbyt blisko urz\u0105dzenia emituj\u0105cego spr\u0119\u017cone powietrze. Maszyna nagle zadzia\u0142a\u0142a, wyrzucaj\u0105c w jego kierunku pot\u0119\u017cny strumie\u0144 konfetti. Artysta natychmiast odsun\u0105\u0142 si\u0119 na bok, nie przerywaj\u0105c \u015bpiewania, cho\u0107 wiatr z tuby kompletnie zmieni\u0142 jego fryzur\u0119. Pr\u00f3bowa\u0142 j\u0105 poprawia\u0107 w trakcie wyst\u0119pu, nie trac\u0105c przy tym profesjonalizmu.<\/p>\n<p class=\"article-p\" data-section=\"detail-body\">Kr\u00f3tki film z tego momentu szybko obieg\u0142 internet. W komentarzach pojawi\u0142o si\u0119 mn\u00f3stwo \u017cart\u00f3w, a fani chwalili Zenka za opanowanie i \u015bwietn\u0105 reakcj\u0119 mimo niespodziewanego &#8222;uderzenia&#8221;.<\/p>\n<p class=\"article-p\" data-section=\"detail-body\">W\u015br\u00f3d komentarzy znalaz\u0142y si\u0119 m.in.: &#8222;A\u017c mu w\u0142osy stan\u0119\u0142y d\u0119ba&#8221;, &#8222;Przez chwil\u0119 wygl\u0105da\u0142 jak Krzysztof Rutkowski&#8221;, &#8222;Zenek rozbuja\u0142 t\u0119 bud\u0119&#8221;, &#8222;Z artystycznym nie\u0142adem mu do twarzy&#8221;, &#8222;To by\u0142 nieudany atak na polskiego gwiazdora&#8221;, &#8222;To si\u0119 nazywa b\u0142yskawiczna zmiana fryzury&#8221;, &#8222;Strza\u0142 by\u0142 mocny, a on lecia\u0142 z tekstem, jak gdyby nigdy nic&#8221;, &#8222;Nawet na chwil\u0119 nie przesta\u0142&#8221;, &#8222;By\u0142 opanowany jak zawsze&#8221; \u2014 pisali internauci. Jak do tego dosz\u0142o? C\u00f3\u017c, tego z pewno\u015bci\u0105 nikt nie wie.<\/p>\n","protected":false},"excerpt":{"rendered":"Takie momenty pokazuj\u0105, \u017ce wyst\u0119py live potrafi\u0105 zaskoczy\u0107 nie tylko publiczno\u015b\u0107, lecz tak\u017ce samych wykonawc\u00f3w. Zenek Martyniuk przekona\u0142&hellip;\n","protected":false},"author":2,"featured_media":126622,"comment_status":"","ping_status":"","sticky":false,"template":"","format":"standard","meta":{"footnotes":""},"categories":[22],"tags":[122,42,38,40,39,41,123],"class_list":{"0":"post-126621","1":"post","2":"type-post","3":"status-publish","4":"format-standard","5":"has-post-thumbnail","7":"category-rozrywka","8":"tag-entertainment","9":"tag-pl","10":"tag-poland","11":"tag-polish","12":"tag-polska","13":"tag-polski","14":"tag-rozrywka"},"share_on_mastodon":{"url":"https:\/\/pubeurope.com\/@pl\/115642726005945165","error":""},"_links":{"self":[{"href":"https:\/\/www.europesays.com\/pl\/wp-json\/wp\/v2\/posts\/126621","targetHints":{"allow":["GET"]}}],"collection":[{"href":"https:\/\/www.europesays.com\/pl\/wp-json\/wp\/v2\/posts"}],"about":[{"href":"https:\/\/www.europesays.com\/pl\/wp-json\/wp\/v2\/types\/post"}],"author":[{"embeddable":true,"href":"https:\/\/www.europesays.com\/pl\/wp-json\/wp\/v2\/users\/2"}],"replies":[{"embeddable":true,"href":"https:\/\/www.europesays.com\/pl\/wp-json\/wp\/v2\/comments?post=126621"}],"version-history":[{"count":0,"href":"https:\/\/www.europesays.com\/pl\/wp-json\/wp\/v2\/posts\/126621\/revisions"}],"wp:featuredmedia":[{"embeddable":true,"href":"https:\/\/www.europesays.com\/pl\/wp-json\/wp\/v2\/media\/126622"}],"wp:attachment":[{"href":"https:\/\/www.europesays.com\/pl\/wp-json\/wp\/v2\/media?parent=126621"}],"wp:term":[{"taxonomy":"category","embeddable":true,"href":"https:\/\/www.europesays.com\/pl\/wp-json\/wp\/v2\/categories?post=126621"},{"taxonomy":"post_tag","embeddable":true,"href":"https:\/\/www.europesays.com\/pl\/wp-json\/wp\/v2\/tags?post=126621"}],"curies":[{"name":"wp","href":"https:\/\/api.w.org\/{rel}","templated":true}]}}