{"id":126637,"date":"2025-12-01T05:59:17","date_gmt":"2025-12-01T05:59:17","guid":{"rendered":"https:\/\/www.europesays.com\/pl\/126637\/"},"modified":"2025-12-01T05:59:17","modified_gmt":"2025-12-01T05:59:17","slug":"tak-danuta-martyniuk-radzi-sobie-z-negatywnymi-komentarzami-lubie-sobie-poplakac","status":"publish","type":"post","link":"https:\/\/www.europesays.com\/pl\/126637\/","title":{"rendered":"Tak Danuta Martyniuk radzi sobie z negatywnymi komentarzami. &#8222;Lubi\u0119 sobie pop\u0142aka\u0107&#8221;"},"content":{"rendered":"<p class=\"ods-c-paragraph \">Podczas rozmowy w &#8222;Halo tu Polsat&#8221; <a href=\"https:\/\/plejada.pl\/danuta-martyniuk\" id=\"f6238751-741b-4d07-bacf-f95daec8f57e\" rel=\"nofollow noopener\" target=\"_blank\">Danuta Martyniuk<\/a> ujawni\u0142a, \u017ce otrzyma\u0142a propozycj\u0119 zagrania w filmie, co stanowi dla niej nowe do\u015bwiadczenie i wyzwanie. Jednak g\u0142\u00f3wnym tematem wywiadu by\u0142y nadchodz\u0105ce \u015bwi\u0119ta Bo\u017cego Narodzenia. Rodzina Martyniuk\u00f3w, mieszkaj\u0105ca na co dzie\u0144 w Grab\u00f3wce pod Bia\u0142ymstokiem, tradycyjnie sp\u0119dza \u015bwi\u0119ta w domu po\u0142o\u017conym w pobli\u017cu Bia\u0142owie\u017cy. W tym roku Danuta planuje przyj\u0105\u0107 ok. 20 go\u015bci.<\/p>\n<p>Dalszy ci\u0105g artyku\u0142u pod materia\u0142em wideo<\/p>\n<p> Jak Danuta Martyniuk radzi sobie z krytyk\u0105? <\/p>\n<p> Gdzie rodzina Martyniuk\u00f3w sp\u0119dza \u015bwi\u0119ta? <\/p>\n<p> Ilu go\u015bci planuje przyj\u0105\u0107 Danuta na \u015bwi\u0119ta? <\/p>\n<p> Czy Daniel Martyniuk b\u0119dzie wigilijnym go\u015bciem? <\/p>\n<p>  Danuta Martyniuk nie przejmuje si\u0119 hejtem. &#8222;\u015amieje si\u0119 z tego&#8221;<\/p>\n<p class=\"ods-c-paragraph \">W rozmowie z Aleksandrem Sikor\u0105 pojawi\u0142o si\u0119 tak\u017ce pytanie o syna Martyniuk\u00f3w, Daniela, kt\u00f3ry w ostatnich latach przyci\u0105ga\u0142 uwag\u0119 medi\u00f3w licznymi kontrowersjami. &#8222;Czy mam rozumie\u0107, \u017ce przy wigilijnym stole tak\u017ce znajdzie si\u0119 Daniel, o kt\u00f3rym do\u015b\u0107 g\u0142o\u015bno by\u0142o ostatnio w internecie?&#8221; \u2014 dopytywa\u0142. Na co Danuta Martyniuk odpowiedzia\u0142a:<\/p>\n<blockquote class=\"ods-o-quota\">\n<p class=\"ods-o-quota__paragraph\">Znajdzie si\u0119, my\u015bl\u0119, \u017ce si\u0119 znajdzie. On bardzo lubi \u015bwi\u0119ta Bo\u017cego Narodzenia, na pewno si\u0119 znajdzie. Tak my\u015bl\u0119.<\/p>\n<\/blockquote>\n<p class=\"ods-c-paragraph \">W wywiadzie poruszono r\u00f3wnie\u017c temat negatywnych komentarzy, kt\u00f3re pojawiaj\u0105 si\u0119 w sieci na temat Danuty. Celebrytka przyzna\u0142a, \u017ce nauczy\u0142a si\u0119 podchodzi\u0107 do nich z dystansem i traktowa\u0107 je z przymru\u017ceniem oka.<\/p>\n<p class=\"ods-c-paragraph \">&#8222;Jak widz\u0119 jaki\u015b taki nieprzychylny komentarz, to po prostu z tego ju\u017c si\u0119 zaczynam \u015bmia\u0107. Te komentarze by\u0142y, s\u0105 i b\u0119d\u0105. I po prostu si\u0119 nie da zrobi\u0107 tak, \u017ceby tego nie by\u0142o&#8221; \u2014 stwierdzi\u0142a.<\/p>\n<p class=\"ods-c-paragraph \">Mimo to Danuta Martyniuk nie ukrywa, \u017ce bywa emocjonalna i czasem pozwala sobie na \u0142zy, kt\u00f3re pomagaj\u0105 jej upora\u0107 si\u0119 z trudnymi chwilami.<\/p>\n<blockquote class=\"ods-o-quota\">\n<p class=\"ods-o-quota__paragraph\">Cz\u0119sto lubi\u0119 pop\u0142aka\u0107. Jak si\u0119 pop\u0142acze, to cz\u0142owiek te takie z\u0142e emocje z siebie troch\u0119 wyrzuca, jest l\u017cej po prostu, jak si\u0119 p\u0142acze. Nie jest to p\u0142acz taki wielki, ale \u0142ezki takie trzeba czasami, \u017ceby te z\u0142e emocje z cz\u0142owieka wysz\u0142y<\/p>\n<\/blockquote>\n<p class=\"ods-c-paragraph \">\u2014 wyzna\u0142a.<\/p>\n<p><img decoding=\"async\" src=\"https:\/\/www.europesays.com\/pl\/wp-content\/uploads\/2025\/11\/C_dk9lBaHR0cHM6Ly9vY2RuLmV1L3B1bHNjbXMvTURBXy84Yzc4OWQ5YjU4YTJlYmY2NGE3OWQwZTBjY2ZkNmMyMC5qcGeRlQLNB.jpeg\" height=\"601\" width=\"940\" alt=\"Danuta Martyniuk\" loading=\"lazy\" class=\"ods-c-image__img ods-c-image__img--viewport-width\"\/><\/p>\n<p>Danuta Martyniuk&#8221;Halo tu Polsat&#8221;<\/p>\n<p class=\"ods-c-paragraph \">Dzi\u0119kujemy, \u017ce przeczyta\u0142a\u015b\/e\u015b nasz artyku\u0142 do ko\u0144ca. W serwisie Plejada.pl ka\u017cdego dnia piszemy o najwa\u017cniejszych wydarzeniach show-biznesowych. B\u0105d\u017a na bie\u017c\u0105co! <a rel=\"nofollow noopener\" href=\"https:\/\/profile.google.com\/cp\/Cg0vZy8xMWJ6X19wdHBx\" id=\"bce97221-bb60-4bc9-a20a-c62bacb46a84\" target=\"_blank\">Obserwuj<\/a> Plejad\u0119 w Wiadomo\u015bciach Google. Odwied\u017a nas tak\u017ce na <a rel=\"nofollow noopener\" href=\"https:\/\/www.facebook.com\/plejadapl\" id=\"c0dffd5c-adea-4300-bfeb-c65814488884\" target=\"_blank\">Facebooku<\/a>, <a rel=\"nofollow noopener\" href=\"https:\/\/www.instagram.com\/plejadapl\/\" id=\"27c43359-ea1a-4027-a89e-2642b28d4b94\" target=\"_blank\">Instagramie<\/a>, <a rel=\"nofollow noopener\" href=\"https:\/\/www.youtube.com\/c\/plejada\" id=\"0aa172db-c3a1-4c46-81f0-784575531073\" target=\"_blank\">YouTube<\/a> oraz <a rel=\"nofollow noopener\" href=\"https:\/\/www.tiktok.com\/@plejada_pl\" id=\"6d82734a-49f6-4b47-bb7c-7866e846ff84\" target=\"_blank\">TikToku<\/a>.<\/p>\n<p class=\"ods-c-paragraph \">Chcesz podzieli\u0107 si\u0119 ciekawym newsem lub zaproponowa\u0107 temat? Skontaktuj si\u0119 z nami, pisz\u0105c e-maila na adres: <a rel=\"nofollow noopener\" href=\"https:\/\/plejada.pl\/newsy\/tak-danuta-martyniuk-radzi-sobie-z-negatywnymi-komentarzami-lubie-sobie-poplakac\/mailto:plejada@redakcjaonet.pl\" id=\"0630b9a8-18ed-42d5-8759-93066883f265\" target=\"_blank\">plejada@redakcjaonet.pl<\/a>.<\/p>\n<p><script async src=\"\/\/www.instagram.com\/embed.js\"><\/script><script async src=\"\/\/www.tiktok.com\/embed.js\"><\/script><\/p>\n","protected":false},"excerpt":{"rendered":"Podczas rozmowy w &#8222;Halo tu Polsat&#8221; Danuta Martyniuk ujawni\u0142a, \u017ce otrzyma\u0142a propozycj\u0119 zagrania w filmie, co stanowi dla&hellip;\n","protected":false},"author":2,"featured_media":126638,"comment_status":"","ping_status":"","sticky":false,"template":"","format":"standard","meta":{"footnotes":""},"categories":[22],"tags":[16032,122,15034,48,125,46,42,38,40,39,41,123,47],"class_list":{"0":"post-126637","1":"post","2":"type-post","3":"status-publish","4":"format-standard","5":"has-post-thumbnail","7":"category-rozrywka","8":"tag-danuta_martyniuk","9":"tag-entertainment","10":"tag-halo_tu_polsat","11":"tag-nat_styl","12":"tag-newsy","13":"tag-omp","14":"tag-pl","15":"tag-poland","16":"tag-polish","17":"tag-polska","18":"tag-polski","19":"tag-rozrywka","20":"tag-screening_general"},"share_on_mastodon":{"url":"https:\/\/pubeurope.com\/@pl\/115642785584318453","error":""},"_links":{"self":[{"href":"https:\/\/www.europesays.com\/pl\/wp-json\/wp\/v2\/posts\/126637","targetHints":{"allow":["GET"]}}],"collection":[{"href":"https:\/\/www.europesays.com\/pl\/wp-json\/wp\/v2\/posts"}],"about":[{"href":"https:\/\/www.europesays.com\/pl\/wp-json\/wp\/v2\/types\/post"}],"author":[{"embeddable":true,"href":"https:\/\/www.europesays.com\/pl\/wp-json\/wp\/v2\/users\/2"}],"replies":[{"embeddable":true,"href":"https:\/\/www.europesays.com\/pl\/wp-json\/wp\/v2\/comments?post=126637"}],"version-history":[{"count":0,"href":"https:\/\/www.europesays.com\/pl\/wp-json\/wp\/v2\/posts\/126637\/revisions"}],"wp:featuredmedia":[{"embeddable":true,"href":"https:\/\/www.europesays.com\/pl\/wp-json\/wp\/v2\/media\/126638"}],"wp:attachment":[{"href":"https:\/\/www.europesays.com\/pl\/wp-json\/wp\/v2\/media?parent=126637"}],"wp:term":[{"taxonomy":"category","embeddable":true,"href":"https:\/\/www.europesays.com\/pl\/wp-json\/wp\/v2\/categories?post=126637"},{"taxonomy":"post_tag","embeddable":true,"href":"https:\/\/www.europesays.com\/pl\/wp-json\/wp\/v2\/tags?post=126637"}],"curies":[{"name":"wp","href":"https:\/\/api.w.org\/{rel}","templated":true}]}}