{"id":126666,"date":"2025-12-01T06:25:19","date_gmt":"2025-12-01T06:25:19","guid":{"rendered":"https:\/\/www.europesays.com\/pl\/126666\/"},"modified":"2025-12-01T06:25:19","modified_gmt":"2025-12-01T06:25:19","slug":"bezmyslni-turysci-nad-morskim-okiem-to-co-zrobili-nie-miesci-sie-w-glowie","status":"publish","type":"post","link":"https:\/\/www.europesays.com\/pl\/126666\/","title":{"rendered":"Bezmy\u015blni tury\u015bci nad Morskim Okiem. To, co zrobili nie mie\u015bci si\u0119 w g\u0142owie"},"content":{"rendered":"<p class=\"typography ids-typeset-body ids-typeset-body--preset-large link paragraph ids-paragraph ids-paragraph--default\">Morskie Oko to jedno z najbardziej obleganych g\u00f3rskich jezior w Polsce. Niejednokrotnie Tatrza\u0144ski Park Narodowy apeluje do turyst\u00f3w o rozs\u0105dek, np. gdy postanawiaj\u0105 wyk\u0105pa\u0107 si\u0119 w nim.<\/p>\n<p class=\"typography ids-typeset-body ids-typeset-body--preset-large link paragraph ids-paragraph ids-paragraph--default\">Mimo \u017ce przy brzegach Morskiego Oka codziennie dy\u017curuj\u0105 wolontariusze i stra\u017cnicy parku, wci\u0105\u017c zdarzaj\u0105 si\u0119 osoby \u0142ami\u0105ce zakaz wchodzenia do wody.\u00a0Za k\u0105piel w jeziorze grozi mandat.<\/p>\n<p>Zjechali na &#8222;jab\u0142uszkach&#8221; szlakiem na Morskie Oko<\/p>\n<p class=\"typography ids-typeset-body ids-typeset-body--preset-large link paragraph ids-paragraph ids-paragraph--default\">Powr\u00f3t znad jednego z najpi\u0119kniejszych g\u00f3rskich jezior mo\u017ce by\u0107 ponad si\u0142y dla niekt\u00f3rych piechur\u00f3w. Dlatego cz\u0119\u015b\u0107 z nich wykazuje si\u0119 niestety nieodpowiedzialno\u015bci\u0105 podczas zej\u015bcia.<\/p>\n<p class=\"typography ids-typeset-body ids-typeset-body--preset-large link paragraph ids-paragraph ids-paragraph--default\">Niedawno internet obieg\u0142 filmik, na kt\u00f3rym wida\u0107 jak grupa m\u0142odych turyst\u00f3w zje\u017cd\u017ca ze szlaku znad Morskiego Oka na popularnych jab\u0142uszkach. Na nagraniu wida\u0107 jak zje\u017cd\u017caj\u0105 w d\u00f3\u0142, po za\u015bnie\u017conym i oblodzonym szlaku, wypadaj\u0105c poza tras\u0119.<\/p>\n<p class=\"typography ids-typeset-body ids-typeset-body--preset-large link paragraph ids-paragraph ids-paragraph--default\">Nagranie wywo\u0142a\u0142o lawin\u0119 komentarzy. Internauci byli bezlito\u015bni. &#8222;Masakra. Tury\u015bci to stan umys\u0142u&#8221;, &#8222;A jak na kogo\u015b wpadniesz, zje\u017cd\u017caj\u0105c w ten spos\u00f3b, to pokryjesz koszty akcji ratunkowej i opieki medycznej?&#8221;, &#8222;To powinno by\u0107 zakazane&#8221; &#8211; grzmi\u0105 internauci.<\/p>\n<p class=\"typography ids-typeset-body ids-typeset-body--preset-large link paragraph ids-paragraph ids-paragraph--default\">Niestety, ale nie brakuje r\u00f3wnie\u017c pozytywnych komentarzy. S\u0105 te\u017c tacy, kt\u00f3rzy chwal\u0105 beztrosk\u0119 turyst\u00f3w z nagrania zatytu\u0142owanego M\u0119ka zej\u015bcia z Morskiego Oka. Filmik na TikToku obejrza\u0142o ju\u017c ponad 125 tys. internaut\u00f3w.<\/p>\n<p>&#8222;Wydarzenia&#8221;: Bez refleksji. Fala bezmy\u015blno\u015bci w g\u00f3rachPolsat NewsPolsat News<\/p>\n<p><a class=\"ids-undecorated-link source ids-page-info--source__link\" href=\"https:\/\/www.interia.pl\" rel=\"nofollow noopener\" target=\"_blank\"><img decoding=\"async\" class=\"ids-image-holder__img\" loading=\"lazy\" alt=\"\" title=\"\" height=\"24px\" src=\"https:\/\/www.europesays.com\/pl\/wp-content\/uploads\/2025\/11\/1763998694_431_0009A60QQ5I2TYF7-C202-F4.webp.webp\"\/><\/a><\/p>\n<p>Masz sugestie, uwagi albo widzisz b\u0142\u0105d? Napisz do nas<\/p>\n","protected":false},"excerpt":{"rendered":"Morskie Oko to jedno z najbardziej obleganych g\u00f3rskich jezior w Polsce. Niejednokrotnie Tatrza\u0144ski Park Narodowy apeluje do turyst\u00f3w&hellip;\n","protected":false},"author":2,"featured_media":126667,"comment_status":"","ping_status":"","sticky":false,"template":"","format":"standard","meta":{"footnotes":""},"categories":[5],"tags":[32,33,36,37,27,34,35,28,31,25,42,38,40,39,41,29,30,26],"class_list":{"0":"post-126666","1":"post","2":"type-post","3":"status-publish","4":"format-standard","5":"has-post-thumbnail","7":"category-naglowki","8":"tag-breaking-news","9":"tag-breakingnews","10":"tag-featured-news","11":"tag-featurednews","12":"tag-headlines","13":"tag-latest-news","14":"tag-latestnews","15":"tag-naglowki","16":"tag-najwazniejsze-artykuly","17":"tag-news","18":"tag-pl","19":"tag-poland","20":"tag-polish","21":"tag-polska","22":"tag-polski","23":"tag-top-stories","24":"tag-topstories","25":"tag-wiadomosci"},"share_on_mastodon":{"url":"https:\/\/pubeurope.com\/@pl\/115642887432208603","error":""},"_links":{"self":[{"href":"https:\/\/www.europesays.com\/pl\/wp-json\/wp\/v2\/posts\/126666","targetHints":{"allow":["GET"]}}],"collection":[{"href":"https:\/\/www.europesays.com\/pl\/wp-json\/wp\/v2\/posts"}],"about":[{"href":"https:\/\/www.europesays.com\/pl\/wp-json\/wp\/v2\/types\/post"}],"author":[{"embeddable":true,"href":"https:\/\/www.europesays.com\/pl\/wp-json\/wp\/v2\/users\/2"}],"replies":[{"embeddable":true,"href":"https:\/\/www.europesays.com\/pl\/wp-json\/wp\/v2\/comments?post=126666"}],"version-history":[{"count":0,"href":"https:\/\/www.europesays.com\/pl\/wp-json\/wp\/v2\/posts\/126666\/revisions"}],"wp:featuredmedia":[{"embeddable":true,"href":"https:\/\/www.europesays.com\/pl\/wp-json\/wp\/v2\/media\/126667"}],"wp:attachment":[{"href":"https:\/\/www.europesays.com\/pl\/wp-json\/wp\/v2\/media?parent=126666"}],"wp:term":[{"taxonomy":"category","embeddable":true,"href":"https:\/\/www.europesays.com\/pl\/wp-json\/wp\/v2\/categories?post=126666"},{"taxonomy":"post_tag","embeddable":true,"href":"https:\/\/www.europesays.com\/pl\/wp-json\/wp\/v2\/tags?post=126666"}],"curies":[{"name":"wp","href":"https:\/\/api.w.org\/{rel}","templated":true}]}}