{"id":126668,"date":"2025-12-01T06:26:14","date_gmt":"2025-12-01T06:26:14","guid":{"rendered":"https:\/\/www.europesays.com\/pl\/126668\/"},"modified":"2025-12-01T06:26:14","modified_gmt":"2025-12-01T06:26:14","slug":"12-goli-to-jego-ostatni-sezon-w-ekstraklasie","status":"publish","type":"post","link":"https:\/\/www.europesays.com\/pl\/126668\/","title":{"rendered":"12 goli. To jego ostatni sezon w Ekstraklasie?!"},"content":{"rendered":"\n<p class=\"lead\"> Tom\u00e1\u0161 Bob\u010dek spisuje si\u0119 w tym sezonie znakomicie i wydaje si\u0119, \u017ce wkr\u00f3tce poszuka nowego klubu. Na jego temat wypowiedzia\u0142 si\u0119 w programie \u201ePogadajmy o pi\u0142ce\u201d Tomasz W\u0142odarczyk. <\/p>\n<p>Lechia Gda\u0144sk w sobot\u0119 rozgrywa\u0142a bardzo wa\u017cne spotkanie w kontek\u015bcie walki o utrzymanie. Pi\u0142karze z Tr\u00f3jmiasta podejmowali bowiem na w\u0142asnym stadionie beniaminka, Bruk-Bet Termalic\u0119 Nieciecza.<\/p>\n<p>Cho\u0107 w pewnym momencie na tablicy wynik\u00f3w widnia\u0142 remis 1-1, to jednak ostatecznie pe\u0142n\u0105 pul\u0119 zgarniaj\u0105 gospodarze. Spora w tym zas\u0142uga Tom\u00e1\u0161a Bob\u010dka, autora dw\u00f3ch trafie\u0144.<\/p>\n<p>S\u0142owak najpierw wykorzysta\u0142 rzut karny, a nast\u0119pnie trafi\u0142 do siatki r\u00f3wnie\u017c z gry, dzi\u0119ki czemu umacnia si\u0119 na pierwszym miejscu w klasyfikacji strzelc\u00f3w Ekstraklasy.   <\/p>\n<p> Popularne <\/p>\n<\/p>\n<p>Na najwy\u017cszym szczeblu w naszym kraju 24-latek ma ju\u017c jedena\u015bcie trafie\u0144 i coraz \u015bmielej pracuje na zagraniczny transfer. Jego kontrakt wygasa 30 czerwca 2027 roku, a zatem wydaje si\u0119, \u017ce obecne rozgrywki b\u0119d\u0105 ostatnimi w jego karierze w Ekstraklasie.<\/p>\n<p>Cho\u0107 w przesz\u0142o\u015bci interesowa\u0142 si\u0119 nim Lech Pozna\u0144, to jednak mistrz Polski nie by\u0142 w stanie sprosta\u0107 wymaganiom finansowym Lechii Gda\u0144sk.<\/p>\n<p>O sytuacji tego pi\u0142karz opowiada\u0142 Tomasz W\u0142odarczyk.<\/p>\n<p>&#8211; Latem my\u015bl\u0119, \u017ce z jego udzia\u0142em mo\u017ce by\u0107 ciekawie z jego udzia\u0142em. Jestem ciekaw, na ilu zatrzyma si\u0119 ten licznik bramek. 15 bramek wydaje si\u0119 takim celem minimum. Mo\u017ce 20? Wtedy powiemy o konkretnych ofertach i pieni\u0105dzach.<\/p>\n","protected":false},"excerpt":{"rendered":"Tom\u00e1\u0161 Bob\u010dek spisuje si\u0119 w tym sezonie znakomicie i wydaje si\u0119, \u017ce wkr\u00f3tce poszuka nowego klubu. Na jego&hellip;\n","protected":false},"author":2,"featured_media":126669,"comment_status":"","ping_status":"","sticky":false,"template":"","format":"standard","meta":{"footnotes":""},"categories":[24],"tags":[42,38,40,39,41,127,126],"class_list":{"0":"post-126668","1":"post","2":"type-post","3":"status-publish","4":"format-standard","5":"has-post-thumbnail","7":"category-sport","8":"tag-pl","9":"tag-poland","10":"tag-polish","11":"tag-polska","12":"tag-polski","13":"tag-sport","14":"tag-sports"},"share_on_mastodon":{"url":"https:\/\/pubeurope.com\/@pl\/115642891443089516","error":""},"_links":{"self":[{"href":"https:\/\/www.europesays.com\/pl\/wp-json\/wp\/v2\/posts\/126668","targetHints":{"allow":["GET"]}}],"collection":[{"href":"https:\/\/www.europesays.com\/pl\/wp-json\/wp\/v2\/posts"}],"about":[{"href":"https:\/\/www.europesays.com\/pl\/wp-json\/wp\/v2\/types\/post"}],"author":[{"embeddable":true,"href":"https:\/\/www.europesays.com\/pl\/wp-json\/wp\/v2\/users\/2"}],"replies":[{"embeddable":true,"href":"https:\/\/www.europesays.com\/pl\/wp-json\/wp\/v2\/comments?post=126668"}],"version-history":[{"count":0,"href":"https:\/\/www.europesays.com\/pl\/wp-json\/wp\/v2\/posts\/126668\/revisions"}],"wp:featuredmedia":[{"embeddable":true,"href":"https:\/\/www.europesays.com\/pl\/wp-json\/wp\/v2\/media\/126669"}],"wp:attachment":[{"href":"https:\/\/www.europesays.com\/pl\/wp-json\/wp\/v2\/media?parent=126668"}],"wp:term":[{"taxonomy":"category","embeddable":true,"href":"https:\/\/www.europesays.com\/pl\/wp-json\/wp\/v2\/categories?post=126668"},{"taxonomy":"post_tag","embeddable":true,"href":"https:\/\/www.europesays.com\/pl\/wp-json\/wp\/v2\/tags?post=126668"}],"curies":[{"name":"wp","href":"https:\/\/api.w.org\/{rel}","templated":true}]}}