{"id":126812,"date":"2025-12-01T08:11:09","date_gmt":"2025-12-01T08:11:09","guid":{"rendered":"https:\/\/www.europesays.com\/pl\/126812\/"},"modified":"2025-12-01T08:11:09","modified_gmt":"2025-12-01T08:11:09","slug":"weto-prezydenta-jest-zbyt-silne","status":"publish","type":"post","link":"https:\/\/www.europesays.com\/pl\/126812\/","title":{"rendered":"Weto prezydenta jest zbyt silne"},"content":{"rendered":"\n<p>&#13;<br \/>\n&#8222;Przypominam, \u017ce\u00a0zgodnie z\u00a0duchem Konstytucji z\u00a01997 weto prezydenckie mia\u0142o s\u0142u\u017cy\u0107 ochronie praworz\u0105dno\u015bci a\u00a0nie by\u0107 instrumentem walki z\u00a0rz\u0105dem. Moim zdaniem jest za\u00a0silne i\u00a0prowadzi do\u00a0parali\u017cu pa\u0144stwa&#8221; \u2013\u00a0napisa\u0142 szef MSZ Rados\u0142aw Sikorski na\u00a0portalu X. &#13;\n<\/p>\n<p>&#13;<br \/>\nInny wpis dotycz\u0105cy podzia\u0142u w\u0142adz zamie\u015bci\u0142 wcze\u015bniej w\u00a0niedziel\u0119 premier Donald Tusk. &#8222;Zgodnie z\u00a0Konstytucj\u0105 rz\u0105d prowadzi polityk\u0119 zagraniczn\u0105. Prezydent jest zobowi\u0105zany do\u00a0wsp\u00f3\u0142dzia\u0142ania z\u00a0rz\u0105dem i\u00a0godnego reprezentowania Polski. Trzymajmy si\u0119 wszyscy i\u00a0zawsze tej zasady. Tak jest lepiej dla\u00a0Polski&#8221; \u2013\u00a0czytamy na\u00a0X. &#13;\n<\/p>\n<p>&#13;<br \/>\nW czwartek prezydent <a href=\"https:\/\/dorzeczy.pl\/kraj\/812031\/prezydent-zawetowal-dwie-ustawy-nawrocki-korzystam-z-tego-prawa-w-obronie-polakow.html\" title=\"Kolejne weta prezydenta. Nawrocki: Wetuj\u0119, gdy wymaga tego interes Polak\u00f3w\" rel=\"nofollow noopener\" target=\"_blank\">Karol Nawrocki poinformowa\u0142 o\u00a0zawetowaniu kolejnych dw\u00f3ch ustaw<\/a>. Jedna z\u00a0nich dot. tzw. fundacji rodzinnych. &#13;\n<\/p>\n<p>Nawrocki wstawi\u0142 wymown\u0105 grafik\u0119. &#8222;Sejmowa zamra\u017carka&#8221;<\/p>\n<p>&#13;<br \/>\nJednocze\u015bnie prezydent przypomina, \u017ce\u00a0z\u0142o\u017cone przez niego inicjatywy ustawodawcze czekaj\u0105 na\u00a0rozpatrzenie w\u00a0Sejmie ju\u017c od\u00a0ponad stu dni. &#8222;Z\u0142o\u017cone w\u00a0pierwszych dniach mojej prezydentury inicjatywy ustawodawcze pozostaj\u0105 w\u00a0sejmowej zamra\u017carce od\u00a0ponad stu dni. Licznik ro\u015bnie ka\u017cdego dnia, a\u00a0obywatele czekaj\u0105 na\u00a0lepsze prawo, ja te\u017c&#8221; \u2013\u00a0napisa\u0142 w\u00a0sobot\u0119 wieczorem platformie X prezydent Karol Nawrocki. &#13;\n<\/p>\n<p>&#13;<br \/>\nDo wpisu do\u0142\u0105czy\u0142 wymown\u0105 grafik\u0119 (tzw. GIF-a), na\u00a0kt\u00f3rym wida\u0107, jak ci\u0119\u017cko wzdycha podczas spotkania z\u00a0przedstawicielami rz\u0105du na\u00a0Radzie Gabinetowej. &#13;\n<\/p>\n<p>&#13;<br \/>\nW komunikacie opublikowanym w\u00a0pi\u0105tek na\u00a0stronie Kancelarii Prezydenta przypomniano, \u017ce\u00a0w\u00a0swoim or\u0119dziu inauguracyjnym prezydent Karol Nawrocki zapowiedzia\u0142 budow\u0119 Polski suwerennej, bezpiecznej, praworz\u0105dnej i\u00a0normalnej, Polski dobrobytu oraz\u00a0odwa\u017cnych, wielkich inwestycji. T\u0119 wizj\u0119 \u2013\u00a0jak podkre\u015blono \u2013\u00a0g\u0142owa pa\u0144stwa realizuje ka\u017cdego dnia, mi\u0119dzy innymi poprzez kierowanie do\u00a0Sejmu <a href=\"https:\/\/dorzeczy.pl\/kraj\/812808\/prezydent-apeluje-do-czarzastego-licznik-rosnie-kazdego-dnia.html\" rel=\"nofollow noopener\" target=\"_blank\">inicjatyw ustawodawczych<\/a>. &#13;\n<\/p>\n<p>&#13;<br \/>\nCzytaj te\u017c:<br \/><a href=\"https:\/\/dorzeczy.pl\/kraj\/813327\/sondaz-nawrocki-czy-trzaskowski-dobre-wiesci-dla-jednego-z-politykow.html\" rel=\"follow nofollow noopener\" data-schema=\"DORZECZY\" data-image=\"https:\/\/img.dorzeczy.pl\/_thumb\/e7\/20\/7000af6bfc31b6ab79ab5b31b405.jpeg\" target=\"_blank\">Nawrocki czy\u00a0Trzaskowski? Dobre wie\u015bci dla\u00a0jednego z\u00a0polityk\u00f3w<\/a>Czytaj te\u017c:<br \/><a href=\"https:\/\/dorzeczy.pl\/opinie\/813255\/tusk-zabral-glos-ws-relacji-z-prezydentem-tak-jest-lepiej-dla-polski.html\" rel=\"follow nofollow noopener\" data-schema=\"DORZECZY\" data-image=\"https:\/\/img.dorzeczy.pl\/_thumb\/62\/dd\/6c2c4ac487796f717edfe2c5c3d2.jpeg\" target=\"_blank\">Tusk zabra\u0142 g\u0142os w\u00a0sprawie relacji z\u00a0prezydentem. &#8222;Tak jest lepiej dla\u00a0Polski&#8221;<\/a>&#13;<\/p>\n","protected":false},"excerpt":{"rendered":"&#13; &#8222;Przypominam, \u017ce\u00a0zgodnie z\u00a0duchem Konstytucji z\u00a01997 weto prezydenckie mia\u0142o s\u0142u\u017cy\u0107 ochronie praworz\u0105dno\u015bci a\u00a0nie by\u0107 instrumentem walki z\u00a0rz\u0105dem. Moim&hellip;\n","protected":false},"author":2,"featured_media":126813,"comment_status":"","ping_status":"","sticky":false,"template":"","format":"standard","meta":{"footnotes":""},"categories":[12],"tags":[32,33,98,36,37,27,6332,49,34,35,1162,28,31,1315,25,102,42,38,40,39,41,1005,1316,29,30,8206,26],"class_list":{"0":"post-126812","1":"post","2":"type-post","3":"status-publish","4":"format-standard","5":"has-post-thumbnail","7":"category-polska","8":"tag-breaking-news","9":"tag-breakingnews","10":"tag-dorzeczy","11":"tag-featured-news","12":"tag-featurednews","13":"tag-headlines","14":"tag-konstytucja","15":"tag-kraj","16":"tag-latest-news","17":"tag-latestnews","18":"tag-msz","19":"tag-naglowki","20":"tag-najwazniejsze-artykuly","21":"tag-nawrocki","22":"tag-news","23":"tag-opinie","24":"tag-pl","25":"tag-poland","26":"tag-polish","27":"tag-polska","28":"tag-polski","29":"tag-prezydent","30":"tag-sikorski","31":"tag-top-stories","32":"tag-topstories","33":"tag-weto","34":"tag-wiadomosci"},"share_on_mastodon":{"url":"https:\/\/pubeurope.com\/@pl\/115643304063082264","error":""},"_links":{"self":[{"href":"https:\/\/www.europesays.com\/pl\/wp-json\/wp\/v2\/posts\/126812","targetHints":{"allow":["GET"]}}],"collection":[{"href":"https:\/\/www.europesays.com\/pl\/wp-json\/wp\/v2\/posts"}],"about":[{"href":"https:\/\/www.europesays.com\/pl\/wp-json\/wp\/v2\/types\/post"}],"author":[{"embeddable":true,"href":"https:\/\/www.europesays.com\/pl\/wp-json\/wp\/v2\/users\/2"}],"replies":[{"embeddable":true,"href":"https:\/\/www.europesays.com\/pl\/wp-json\/wp\/v2\/comments?post=126812"}],"version-history":[{"count":0,"href":"https:\/\/www.europesays.com\/pl\/wp-json\/wp\/v2\/posts\/126812\/revisions"}],"wp:featuredmedia":[{"embeddable":true,"href":"https:\/\/www.europesays.com\/pl\/wp-json\/wp\/v2\/media\/126813"}],"wp:attachment":[{"href":"https:\/\/www.europesays.com\/pl\/wp-json\/wp\/v2\/media?parent=126812"}],"wp:term":[{"taxonomy":"category","embeddable":true,"href":"https:\/\/www.europesays.com\/pl\/wp-json\/wp\/v2\/categories?post=126812"},{"taxonomy":"post_tag","embeddable":true,"href":"https:\/\/www.europesays.com\/pl\/wp-json\/wp\/v2\/tags?post=126812"}],"curies":[{"name":"wp","href":"https:\/\/api.w.org\/{rel}","templated":true}]}}