{"id":126819,"date":"2025-12-01T08:18:31","date_gmt":"2025-12-01T08:18:31","guid":{"rendered":"https:\/\/www.europesays.com\/pl\/126819\/"},"modified":"2025-12-01T08:18:31","modified_gmt":"2025-12-01T08:18:31","slug":"wloclawek-stanie-rusza-wahadlo-na-moscie-przez-wisle-dzien-dobry-wloclawek","status":"publish","type":"post","link":"https:\/\/www.europesays.com\/pl\/126819\/","title":{"rendered":"W\u0142oc\u0142awek stanie? Rusza wahad\u0142o na mo\u015bcie przez Wis\u0142\u0119 &#8211; Dzie\u0144 Dobry W\u0142oc\u0142awek"},"content":{"rendered":"<ol>\n<li><a href=\"https:\/\/news.google.com\/rss\/articles\/CBMipgFBVV95cUxNRjN4TkpickJsM2NCNjNxMy1xT3dVdk9Td2xHTnlJbTJ4NGdxcVN0U2lCejlISm9xcUJxVHZBYVNWWXRFMTBhR2RIeDF4Z19PYTV2RVVrWkpLTzlyYmp6NFFMZVBiQmVEeHpkLThGa0QyUFhFRnNpa0d3WDBSN25lclJwN0dURWozbnBjb1BKLUFMWnZCWTUzNzhERUQtczFWS1plV2xB?oc=5\" target=\"_blank\" rel=\"nofollow noopener\">W\u0142oc\u0142awek stanie? Rusza wahad\u0142o na mo\u015bcie przez Wis\u0142\u0119<\/a>&nbsp;&nbsp;Dzie\u0144 Dobry W\u0142oc\u0142awek<\/li>\n<li><a href=\"https:\/\/news.google.com\/rss\/articles\/CBMi2AFBVV95cUxNUTA5U3d0M3lZa1ZjRVo0ZDBDdFZBN0g1OHdRSzVrc0VzbkREcm5MaTFjRGFaSmNmTWZUMnBpVzY4OU5UZ1hiZ3N3ZDVBZGhFd2g4Z2dWSVVIVXRzX0pkYnJXUlRZd3BsbWpqazZDdHI4d0lGakJkR1daaGt6eVNaM3BmOGxTVy1WZG1rNXFtWHJwanl6bkdTNkNlVkV2bjgtazFUbUNOZmtMNHN5TTZHYTg0TUJYUFJZQWkyb1ZCZEFUQ2Z3aklydWlpaEExR0U3V2xEdGpUcW0?oc=5\" target=\"_blank\" rel=\"nofollow noopener\">Zmiana terminu remontu na mo\u015bcie we W\u0142oc\u0142awku. Utrudnienia dopiero po Nowym Roku<\/a>&nbsp;&nbsp;W\u0142oc\u0142awek Nasze Miasto<\/li>\n<li><a href=\"https:\/\/news.google.com\/rss\/articles\/CBMikAFBVV95cUxOUnNHT25ZLVNaakN3WnBwS1VGYi1xaTc0UTlONk1LZGdUeG5EckV4UDF5bk1yMEpvTzBjckZDdi1wUkNhWXcyeGZad3IzbTdVZlJGbjlQeU5jSVN4RkNhRXl0UFdlWWVqc2FNbWk1NzRTYW5RQnVYSFBQbThkWUVQenN4SW9JM2ZBTEo4RDdnc3Y?oc=5\" target=\"_blank\" rel=\"nofollow noopener\">Prace remontowe na mo\u015bcie w Biskupicach Rad\u0142owskich<\/a>&nbsp;&nbsp;Gmina Rad\u0142\u00f3w<\/li>\n<li><a href=\"https:\/\/news.google.com\/rss\/articles\/CBMiyAFBVV95cUxOZTNSSnk4dkxzWWNKWHU4OTBiNndhMTNrYi1LSWZHbFk2Umt4eW1iT1JHaFl1MlBBTmttRFNtQUh6QWlxZHp4VnNXTXNodUNha0NGS3V1eVI5RDJmeERROFFlZzZTTkpBT3EtQ094TEFycnBuRm55WWtya2JKb2JhUV9tRG9oOWRhUlhEQTJ5Y0dLcDh3enJKUDZYSlkydzRObF9XSnQxUmtoYS1DYkhEY3RNTTVSNUdEUFNVdzQ4WGw5bncybXBfeg?oc=5\" target=\"_blank\" rel=\"nofollow noopener\">Prace na mo\u015bcie stalowym we W\u0142oc\u0142awku ruszaj\u0105 od 1 grudnia \u2013 pratusz podaje pierwsze szczeg\u00f3\u0142y<\/a>&nbsp;&nbsp;Q4.pl<\/li>\n<li><a href=\"https:\/\/news.google.com\/rss\/articles\/CBMickFVX3lxTE0wMHNYV2VpRjJ5R1NEQzRPcjRBbWdZQ3BHMU5iRXY2UDhjcjZPd05mMWI4UkwzME5IWkFScHFMbk43cjZLcmFJU3JQVFduZFVTR3pkTll6ME1Bd24tZVF4TllZV0txb0dzUF9BdkY5TWtPUQ?oc=5\" target=\"_blank\" rel=\"nofollow noopener\">Zmiany na mo\u015bcie stalowym \u015amig\u0142ego-Rydza we W\u0142oc\u0142awku. Od grudnia ruszaj\u0105 roboty<\/a>&nbsp;&nbsp;nWloclawek.pl<\/li>\n<\/ol>\n","protected":false},"excerpt":{"rendered":"W\u0142oc\u0142awek stanie? Rusza wahad\u0142o na mo\u015bcie przez Wis\u0142\u0119&nbsp;&nbsp;Dzie\u0144 Dobry W\u0142oc\u0142awek Zmiana terminu remontu na mo\u015bcie we W\u0142oc\u0142awku. Utrudnienia&hellip;\n","protected":false},"author":2,"featured_media":126820,"comment_status":"","ping_status":"","sticky":false,"template":"","format":"standard","meta":{"footnotes":""},"categories":[12],"tags":[32,33,26899,26901,26900,36,37,27,26904,26903,34,35,28,31,25,26902,42,38,40,39,41,26898,29,30,26,13450,3457,26897,1092],"class_list":{"0":"post-126819","1":"post","2":"type-post","3":"status-publish","4":"format-standard","5":"has-post-thumbnail","7":"category-polska","8":"tag-breaking-news","9":"tag-breakingnews","10":"tag-ddwloclawek","11":"tag-dzien-dobry-wloclawek","12":"tag-dziendobrywloclawek","13":"tag-featured-news","14":"tag-featurednews","15":"tag-headlines","16":"tag-informacje-sportowe-wloclawek","17":"tag-informacje-wloclawek","18":"tag-latest-news","19":"tag-latestnews","20":"tag-naglowki","21":"tag-najwazniejsze-artykuly","22":"tag-news","23":"tag-nowy-portal-informacyjny-wloclawek","24":"tag-pl","25":"tag-poland","26":"tag-polish","27":"tag-polska","28":"tag-polski","29":"tag-portal-wloclawek","30":"tag-top-stories","31":"tag-topstories","32":"tag-wiadomosci","33":"tag-wiadomosci-wloclawek","34":"tag-wloclawek","35":"tag-wloclawek-portal-informacyjny","36":"tag-wydarzenia"},"share_on_mastodon":{"url":"","error":"Validation failed: Text character limit of 500 exceeded"},"_links":{"self":[{"href":"https:\/\/www.europesays.com\/pl\/wp-json\/wp\/v2\/posts\/126819","targetHints":{"allow":["GET"]}}],"collection":[{"href":"https:\/\/www.europesays.com\/pl\/wp-json\/wp\/v2\/posts"}],"about":[{"href":"https:\/\/www.europesays.com\/pl\/wp-json\/wp\/v2\/types\/post"}],"author":[{"embeddable":true,"href":"https:\/\/www.europesays.com\/pl\/wp-json\/wp\/v2\/users\/2"}],"replies":[{"embeddable":true,"href":"https:\/\/www.europesays.com\/pl\/wp-json\/wp\/v2\/comments?post=126819"}],"version-history":[{"count":0,"href":"https:\/\/www.europesays.com\/pl\/wp-json\/wp\/v2\/posts\/126819\/revisions"}],"wp:featuredmedia":[{"embeddable":true,"href":"https:\/\/www.europesays.com\/pl\/wp-json\/wp\/v2\/media\/126820"}],"wp:attachment":[{"href":"https:\/\/www.europesays.com\/pl\/wp-json\/wp\/v2\/media?parent=126819"}],"wp:term":[{"taxonomy":"category","embeddable":true,"href":"https:\/\/www.europesays.com\/pl\/wp-json\/wp\/v2\/categories?post=126819"},{"taxonomy":"post_tag","embeddable":true,"href":"https:\/\/www.europesays.com\/pl\/wp-json\/wp\/v2\/tags?post=126819"}],"curies":[{"name":"wp","href":"https:\/\/api.w.org\/{rel}","templated":true}]}}