{"id":126821,"date":"2025-12-01T08:19:08","date_gmt":"2025-12-01T08:19:08","guid":{"rendered":"https:\/\/www.europesays.com\/pl\/126821\/"},"modified":"2025-12-01T08:19:08","modified_gmt":"2025-12-01T08:19:08","slug":"terrorysci-scigani-za-akty-dywersji-na-kolei-nowy-ruch-prokuratury-onet","status":"publish","type":"post","link":"https:\/\/www.europesays.com\/pl\/126821\/","title":{"rendered":"Terrory\u015bci \u015bcigani za akty dywersji na kolei. Nowy ruch prokuratury &#8211; Onet"},"content":{"rendered":"<ol>\n<li><a href=\"https:\/\/news.google.com\/rss\/articles\/CBMiyAFBVV95cUxPX3Iwemh3b2dtNlItMWJMY1ljT1dDOW1KTzZEb2JuaERGTzJ3MHVPUXlfamtVS2tSblhrQklNdHVuUnVrTHdnLVZlREhPVk52QVFqMk9hUUhJMk8zMHo4ZmRHVUpoUlE4OFBvQllYYzFwTHlzaEJaVmxJaXd1R0dycHpQTHJEY3ZvNzZRLWdjOEYyN3IwLVIzal9jVGk5Q2U2TEpmMkczT0dLZmQxYlE4aGJSalBORkFpYUtvN19LUlk3d05rWmt1Uw?oc=5\" target=\"_blank\" rel=\"nofollow noopener\">Terrory\u015bci \u015bcigani za akty dywersji na kolei. Nowy ruch prokuratury<\/a>&nbsp;&nbsp;Onet<\/li>\n<li><a href=\"https:\/\/news.google.com\/rss\/articles\/CBMijAFBVV95cUxOY0FOeHd1NWVlMXprV0gzaDRWV3NlQjVzWE9DSzNJWGZES1B0UlZnNml3TGJHWlN3TktmYmtpSUZrVmdkS2I3aDNXNmNsYVdyQUMzdUxTc1VrdjRIMW1IRnotYjhaOWIyNVlPWmlZcmRVWnBDZnBQX1VYV3hXNTVCZmJYbmM0NXExUHZWSA?oc=5\" target=\"_blank\" rel=\"nofollow noopener\">To &#8222;sztylet Putina&#8221; uderzy\u0142 w Polsce? Pp\u0142k Korowaj: je\u015bli to oni, rozkaz wyda\u0142 sam prezydent Rosji<\/a>&nbsp;&nbsp;Onet Wiadomo\u015bci<\/li>\n<li><a href=\"https:\/\/news.google.com\/rss\/articles\/CBMivwFBVV95cUxQcnlucEItQjVXZHFxeER1RnNnalplRXNseVZuc21UV3pvU0JCZUxoRjlGSlVKWDdDV1BVcXpyc29mazRoMHRSSkdONlB5SnQzbk9qUmM5bWFQT1ZxRGNkalhHRThyeER1el9XdDB4Tnp6UUJmanV3UFA1eDJBeDZUU0I1WEZQZFJjbmUwdVJHekVpZHdXZW4zeDJjRlRhNC1MYWJzY0U3REtJV1ROZDQ4b1JNVVFkbVdiM2VmWWM1MA?oc=5\" target=\"_blank\" rel=\"nofollow noopener\">Polska operacja &#8222;sztyletu&#8221; W\u0142adimira Putina. Czy prezydent Rosji zleci\u0142 zamach na polsk\u0105 kolej?<\/a>&nbsp;&nbsp;Warszawa.Wyborcza.pl<\/li>\n<li><a href=\"https:\/\/news.google.com\/rss\/articles\/CBMimAFBVV95cUxOY1ZBZ01FRGozYmV6RkhaRHlVSVh4ZmE2OENkQjQxSmZnQzFOTUlzU0tmZGFtNEFDa0haekoxR002eEZuVVFFclA0SnR5UjRaRnNuM0R6ZVFzR1c0aUtUeFhEakdabFJFdHQyODloLWJ6RldiZzJLTzY4a2pMX1FGdUxFcGdWaXJzMzE0SnkzWmh5R0Q0YnNwUQ?oc=5\" target=\"_blank\" rel=\"nofollow noopener\">Sabota\u017c na kolei. Tropy prowadz\u0105 do jednostki Sena\u017c<\/a>&nbsp;&nbsp;WP Wiadomo\u015bci<\/li>\n<li><a href=\"https:\/\/news.google.com\/rss\/articles\/CBMiqgFBVV95cUxQNDJsTEsxNVRSMXhiRFAxeDZPWDFlNHkzZFNxekNVNDl4SktfUFFUa1ZHMXdvRVRvMXA3WGZaM1MzYWl5X3FYS2JDaWR2enBwS3BsNkpFb19WRjg0TmwyVjdseVVFTV9jRTVUU0VPNHg1dHMtbHpDampad2l5VW9XT0NmblNBbjE3aFRQS00zWlpEMG5ESS1BY3h5MFh5TTItVFR1em16cElldw?oc=5\" target=\"_blank\" rel=\"nofollow noopener\">Prokuratura wnioskuje o ENA. Zwrot w sprawie akt\u00f3w dywersji w Polsce<\/a>&nbsp;&nbsp;Wydarzenia w INTERIA.PL<\/li>\n<\/ol>\n","protected":false},"excerpt":{"rendered":"Terrory\u015bci \u015bcigani za akty dywersji na kolei. Nowy ruch prokuratury&nbsp;&nbsp;Onet To &#8222;sztylet Putina&#8221; uderzy\u0142 w Polsce? Pp\u0142k Korowaj:&hellip;\n","protected":false},"author":2,"featured_media":126822,"comment_status":"","ping_status":"","sticky":false,"template":"","format":"standard","meta":{"footnotes":""},"categories":[5],"tags":[864,32,33,4096,36,37,27,34,35,28,31,53,25,52,68,51,55,42,38,40,39,41,349,62,47,29,30,390,65,50,26],"class_list":{"0":"post-126821","1":"post","2":"type-post","3":"status-publish","4":"format-standard","5":"has-post-thumbnail","7":"category-naglowki","8":"tag-bialorus_bialorusin_bialorusinka_bialorusini","9":"tag-breaking-news","10":"tag-breakingnews","11":"tag-dywersja","12":"tag-featured-news","13":"tag-featurednews","14":"tag-headlines","15":"tag-latest-news","16":"tag-latestnews","17":"tag-naglowki","18":"tag-najwazniejsze-artykuly","19":"tag-new_header","20":"tag-news","21":"tag-onet3","22":"tag-onet3d","23":"tag-onet3d_2i","24":"tag-phx","25":"tag-pl","26":"tag-poland","27":"tag-polish","28":"tag-polska","29":"tag-polski","30":"tag-prokuratura_prokurator_prokuratorzy","31":"tag-rosja_kraj_rosjanin_rosjanie_rosjanka_rosjanki","32":"tag-screening_general","33":"tag-top-stories","34":"tag-topstories","35":"tag-ukraina_ukrainiec_ukrainka_ukraincy_ukrainki","36":"tag-update_me","37":"tag-v2021","38":"tag-wiadomosci"},"share_on_mastodon":{"url":"","error":"Validation failed: Text character limit of 500 exceeded"},"_links":{"self":[{"href":"https:\/\/www.europesays.com\/pl\/wp-json\/wp\/v2\/posts\/126821","targetHints":{"allow":["GET"]}}],"collection":[{"href":"https:\/\/www.europesays.com\/pl\/wp-json\/wp\/v2\/posts"}],"about":[{"href":"https:\/\/www.europesays.com\/pl\/wp-json\/wp\/v2\/types\/post"}],"author":[{"embeddable":true,"href":"https:\/\/www.europesays.com\/pl\/wp-json\/wp\/v2\/users\/2"}],"replies":[{"embeddable":true,"href":"https:\/\/www.europesays.com\/pl\/wp-json\/wp\/v2\/comments?post=126821"}],"version-history":[{"count":0,"href":"https:\/\/www.europesays.com\/pl\/wp-json\/wp\/v2\/posts\/126821\/revisions"}],"wp:featuredmedia":[{"embeddable":true,"href":"https:\/\/www.europesays.com\/pl\/wp-json\/wp\/v2\/media\/126822"}],"wp:attachment":[{"href":"https:\/\/www.europesays.com\/pl\/wp-json\/wp\/v2\/media?parent=126821"}],"wp:term":[{"taxonomy":"category","embeddable":true,"href":"https:\/\/www.europesays.com\/pl\/wp-json\/wp\/v2\/categories?post=126821"},{"taxonomy":"post_tag","embeddable":true,"href":"https:\/\/www.europesays.com\/pl\/wp-json\/wp\/v2\/tags?post=126821"}],"curies":[{"name":"wp","href":"https:\/\/api.w.org\/{rel}","templated":true}]}}