{"id":126851,"date":"2025-12-01T08:35:10","date_gmt":"2025-12-01T08:35:10","guid":{"rendered":"https:\/\/www.europesays.com\/pl\/126851\/"},"modified":"2025-12-01T08:35:10","modified_gmt":"2025-12-01T08:35:10","slug":"agnieszka-maciag-od-ponad-roku-nie-pokazywala-sie-publicznie-tak-wygladala-na-ostatnich-zdjeciach","status":"publish","type":"post","link":"https:\/\/www.europesays.com\/pl\/126851\/","title":{"rendered":"Agnieszka Maci\u0105g od ponad roku nie pokazywa\u0142a si\u0119 publicznie. Tak wygl\u0105da\u0142a na ostatnich zdj\u0119ciach"},"content":{"rendered":"<p class=\"Paragraph_desktopParagraph__U31Gm\">27 listopada media obieg\u0142a smutna wiadomo\u015b\u0107 o \u015bmierci <a href=\"https:\/\/plejada.pl\/agnieszka-maciag-b-modelka\" id=\"b315f4f0-d060-4ad6-a5c8-41210e3cf734\" rel=\"nofollow noopener\" target=\"_blank\">Agnieszki Maci\u0105g<\/a>. By\u0142a modelka zmaga\u0142a si\u0119 z chorob\u0105 nowotworow\u0105. Informacj\u0119 o jej odej\u015bciu przekaza\u0142 w mediach spo\u0142eczno\u015bciowych jej m\u0105\u017c, Robert Wola\u0144ski.<\/p>\n<p class=\"Paragraph_desktopParagraph__U31Gm\">W latach 90. Agnieszka Maci\u0105g osi\u0105gn\u0119\u0142a szczyt mi\u0119dzynarodowej kariery, staj\u0105c na wybiegach najs\u0142ynniejszych dom\u00f3w mody i wsp\u00f3\u0142pracuj\u0105c z presti\u017cowymi markami. W po\u0142owie dekady zdecydowa\u0142a si\u0119 zako\u0144czy\u0107 prac\u0119 modelki i podj\u0105\u0107 nowe wyzwania zawodowe. Zaskoczy\u0142a wszystkich, wchodz\u0105c w \u015bwiat muzyki \u2014 wyda\u0142a album &#8222;Marakesz 5:30&#8221;, wyst\u0105pi\u0142a z zespo\u0142em De Mono na sopockim festiwalu i pojawi\u0142a si\u0119 w a\u017c sze\u015bciu ich teledyskach.<\/p>\n<p class=\"Paragraph_desktopParagraph__U31Gm\">Polecamy: <a href=\"https:\/\/plejada.pl\/newsy\/niewiele-osob-o-tym-pamieta-agnieszka-maciag-wystapila-w-popularnym-serialu\/66k3m2e\" id=\"8ec58af3-3e78-4616-a1e8-626856576d71\" rel=\"nofollow noopener\" target=\"_blank\">Niewiele os\u00f3b o tym pami\u0119ta. Agnieszka Maci\u0105g wyst\u0105pi\u0142a w popularnym serialu<\/a><\/p>\n<p class=\"Paragraph_desktopParagraph__U31Gm\">Nagle jednak wycofa\u0142a si\u0119 ze \u015bwiata show-biznesu, po\u015bwi\u0119caj\u0105c czas dzia\u0142alno\u015bci charytatywnej, pisaniu ksi\u0105\u017cek i pracy nad rozwojem duchowym. Sporadycznie pojawia\u0142a si\u0119 publicznie, lecz rok temu znikn\u0119\u0142a ca\u0142kowicie.<\/p>\n<ul class=\"OchatFollowUps_wrapper__1ry7X\">\n<li class=\"OchatFollowUps_item__Dhyly OchatFollowUps_itemDesktop__R6aBv\">Kiedy Agnieszka Maci\u0105g zmar\u0142a?<\/li>\n<li class=\"OchatFollowUps_item__Dhyly OchatFollowUps_itemDesktop__R6aBv\">Jakie by\u0142y przyczyny \u015bmierci Agnieszki Maci\u0105g?<\/li>\n<li class=\"OchatFollowUps_item__Dhyly OchatFollowUps_itemDesktop__R6aBv\">Od kiedy Agnieszka Maci\u0105g nie pojawia\u0142a si\u0119 publicznie?<\/li>\n<li class=\"OchatFollowUps_item__Dhyly OchatFollowUps_itemDesktop__R6aBv\">Gdzie Agnieszka Maci\u0105g promowa\u0142a swoj\u0105 ksi\u0105\u017ck\u0119 przed \u015bmierci\u0105?<\/li>\n<\/ul>\n<p>Agnieszka Maci\u0105g nie pojawia\u0142a si\u0119 publicznie <\/p>\n<p class=\"Paragraph_desktopParagraph__U31Gm\">By\u0142a modelka Maci\u0105g zmaga\u0142a si\u0119 z chorob\u0105 przez d\u0142ugi czas, lecz unika\u0142a m\u00f3wienia o tym publicznie. Od czasu do czasu wspomina\u0142a o problemach zdrowotnych w sieci, jednak nigdy nie zdradzi\u0142a szczeg\u00f3\u0142\u00f3w leczenia ani rodzaju nowotworu, z kt\u00f3rym przysz\u0142o jej si\u0119 zmierzy\u0107. Wiadomo jedynie, \u017ce choroba powr\u00f3ci\u0142a w marcu 2025 r.<\/p>\n<p class=\"Paragraph_desktopParagraph__U31Gm\">W tym czasie od kilku miesi\u0119cy unika\u0142a publicznych wyst\u0105pie\u0144. Ostatni raz spotka\u0142a si\u0119 z fanami pod koniec pa\u017adziernika 2024 r. \u2013 na rok i miesi\u0105c przed \u015bmierci\u0105. By\u0142a go\u015bciem 27. Mi\u0119dzynarodowych Targ\u00f3w Ksi\u0105\u017cki w Krakowie, gdzie promowa\u0142a swoj\u0105 publikacj\u0119 &#8222;Przemiana. Podr\u00f3\u017c do si\u0142y i wolno\u015bci&#8221;.<\/p>\n<p class=\"Paragraph_desktopParagraph__U31Gm\">Polecamy: <a href=\"https:\/\/plejada.pl\/newsy\/to-byl-trudny-okres-w-zyciu-maciag-musiala-ewakuowac-sie-z-corka\/tnqz396\" id=\"149f4c80-b57d-4b1d-8ae2-f49cc90975d4\" rel=\"nofollow noopener\" target=\"_blank\">To by\u0142 trudny okres w \u017cyciu Maci\u0105g. Z c\u00f3rk\u0105 uciek\u0142a przed powodzi\u0105<\/a><\/p>\n<p><img decoding=\"async\" class=\"Image_image__0tuHp Image_autoHeight__f2n87 \" height=\"587\" width=\"391\" src=\"https:\/\/www.europesays.com\/pl\/wp-content\/uploads\/2025\/12\/yikk9kpTURBXy8zNzhiN2Y4MTdhNmE2NGJmZWViZTY3OTM0YTY1MjY3Zi5qcGeSlQLNA6wAwsOVAgDNAkvCw94AA6EwAaExAaEzw.jpeg\" alt=\"Agnieszka Maci\u0105g\" loading=\"lazy\" \/>Jakub Porzycki \/ AKPA<\/p>\n<p>Agnieszka Maci\u0105g<\/p>\n<p class=\"Paragraph_desktopParagraph__U31Gm\">Dzi\u0119kujemy, \u017ce przeczyta\u0142a\u015b\/e\u015b nasz artyku\u0142 do ko\u0144ca. W serwisie Plejada.pl ka\u017cdego dnia piszemy o najwa\u017cniejszych wydarzeniach show-biznesowych. B\u0105d\u017a na bie\u017c\u0105co! <a rel=\"nofollow noopener\" href=\"https:\/\/profile.google.com\/cp\/Cg0vZy8xMWJ6X19wdHBx\" id=\"dc975b1b-41e4-4014-95e1-489b69cedb67\" target=\"_blank\">Obserwuj<\/a> Plejad\u0119 w Wiadomo\u015bciach Google. Odwied\u017a nas tak\u017ce na <a rel=\"nofollow noopener\" href=\"https:\/\/www.facebook.com\/plejadapl\" id=\"e547b046-b43d-48f9-9907-b53abda6d8e1\" target=\"_blank\">Facebooku<\/a>, <a rel=\"nofollow noopener\" href=\"https:\/\/www.instagram.com\/plejadapl\/\" id=\"6f2c7824-98e2-4fa9-8d44-fdac1cbb31bc\" target=\"_blank\">Instagramie<\/a>, <a rel=\"nofollow noopener\" href=\"https:\/\/www.youtube.com\/c\/plejada\" id=\"7ceda438-e2b5-4d90-993a-8cd0d4fceb31\" target=\"_blank\">YouTube<\/a> oraz <a rel=\"nofollow noopener\" href=\"https:\/\/www.tiktok.com\/@plejada_pl\" id=\"473256ca-2e2a-421a-af8a-f153186fb90e\" target=\"_blank\">TikToku<\/a>.<\/p>\n<p class=\"Paragraph_desktopParagraph__U31Gm\">Chcesz podzieli\u0107 si\u0119 ciekawym newsem lub zaproponowa\u0107 temat? Skontaktuj si\u0119 z nami, pisz\u0105c e-maila na adres: <a href=\"https:\/\/www.onet.pl\/styl-zycia\/plejada\/agnieszka-maciag-od-ponad-roku-nie-pokazywala-sie-publicznie-tak-wygladala-na\/mailto:plejada@redakcjaonet.pl\" id=\"f5b463aa-ce8b-4b51-ae4f-62891d0251a2\" rel=\"nofollow noopener\" target=\"_blank\">plejada@redakcjaonet.pl<\/a>.<\/p>\n<p><script async src=\"\/\/www.instagram.com\/embed.js\"><\/script><script async src=\"\/\/www.tiktok.com\/embed.js\"><\/script><\/p>\n","protected":false},"excerpt":{"rendered":"27 listopada media obieg\u0142a smutna wiadomo\u015b\u0107 o \u015bmierci Agnieszki Maci\u0105g. By\u0142a modelka zmaga\u0142a si\u0119 z chorob\u0105 nowotworow\u0105. Informacj\u0119&hellip;\n","protected":false},"author":2,"featured_media":126852,"comment_status":"","ping_status":"","sticky":false,"template":"","format":"standard","meta":{"footnotes":""},"categories":[22],"tags":[26052,122,67,53,52,68,51,55,42,38,40,39,41,123,47,196,65,50],"class_list":{"0":"post-126851","1":"post","2":"type-post","3":"status-publish","4":"format-standard","5":"has-post-thumbnail","7":"category-rozrywka","8":"tag-agnieszka_maciag_b_modelka","9":"tag-entertainment","10":"tag-intextvideo_splayer","11":"tag-new_header","12":"tag-onet3","13":"tag-onet3d","14":"tag-onet3d_2i","15":"tag-phx","16":"tag-pl","17":"tag-poland","18":"tag-polish","19":"tag-polska","20":"tag-polski","21":"tag-rozrywka","22":"tag-screening_general","23":"tag-styl_zycia","24":"tag-update_me","25":"tag-v2021"},"share_on_mastodon":{"url":"https:\/\/pubeurope.com\/@pl\/115643398889167604","error":""},"_links":{"self":[{"href":"https:\/\/www.europesays.com\/pl\/wp-json\/wp\/v2\/posts\/126851","targetHints":{"allow":["GET"]}}],"collection":[{"href":"https:\/\/www.europesays.com\/pl\/wp-json\/wp\/v2\/posts"}],"about":[{"href":"https:\/\/www.europesays.com\/pl\/wp-json\/wp\/v2\/types\/post"}],"author":[{"embeddable":true,"href":"https:\/\/www.europesays.com\/pl\/wp-json\/wp\/v2\/users\/2"}],"replies":[{"embeddable":true,"href":"https:\/\/www.europesays.com\/pl\/wp-json\/wp\/v2\/comments?post=126851"}],"version-history":[{"count":0,"href":"https:\/\/www.europesays.com\/pl\/wp-json\/wp\/v2\/posts\/126851\/revisions"}],"wp:featuredmedia":[{"embeddable":true,"href":"https:\/\/www.europesays.com\/pl\/wp-json\/wp\/v2\/media\/126852"}],"wp:attachment":[{"href":"https:\/\/www.europesays.com\/pl\/wp-json\/wp\/v2\/media?parent=126851"}],"wp:term":[{"taxonomy":"category","embeddable":true,"href":"https:\/\/www.europesays.com\/pl\/wp-json\/wp\/v2\/categories?post=126851"},{"taxonomy":"post_tag","embeddable":true,"href":"https:\/\/www.europesays.com\/pl\/wp-json\/wp\/v2\/tags?post=126851"}],"curies":[{"name":"wp","href":"https:\/\/api.w.org\/{rel}","templated":true}]}}