{"id":126866,"date":"2025-12-01T08:47:09","date_gmt":"2025-12-01T08:47:09","guid":{"rendered":"https:\/\/www.europesays.com\/pl\/126866\/"},"modified":"2025-12-01T08:47:09","modified_gmt":"2025-12-01T08:47:09","slug":"pacjentka-spedzila-31-godzin-na-sor-ze-we-wroclawiu-zostalam-wypisana-a-raczej-wykopana","status":"publish","type":"post","link":"https:\/\/www.europesays.com\/pl\/126866\/","title":{"rendered":"Pacjentka sp\u0119dzi\u0142a 31 godzin na SOR-ze we Wroc\u0142awiu. &#8222;Zosta\u0142am wypisana, a raczej wykopana&#8221;"},"content":{"rendered":"<p class=\"Paragraph_desktopParagraph__U31Gm\">Kobieta w li\u015bcie do &#8222;Gazety Wyborczej&#8221; relacjonuje, \u017ce zg\u0142osi\u0142a si\u0119 na SOR po tym, jak wezwane przez ni\u0105 pogotowie stwierdzi\u0142o u niej ci\u015bnienie na poziomie 200\/90 oraz inne objawy, takie jak wymioty. Po przyje\u017adzie do szpitala pobrano jej krew, pod\u0142\u0105czono kropl\u00f3wk\u0119 i zlecono badania.<\/p>\n<p class=\"VideoPlayerText_videoPlayerText__iDwyz\">Dalszy ci\u0105g materia\u0142u pod wideo<\/p>\n<ul class=\"OchatFollowUps_wrapper__1ry7X\">\n<li class=\"OchatFollowUps_item__Dhyly OchatFollowUps_itemDesktop__R6aBv\">Jakie objawy mia\u0142a pacjentka?<\/li>\n<li class=\"OchatFollowUps_item__Dhyly OchatFollowUps_itemDesktop__R6aBv\">Ile czasu sp\u0119dzi\u0142a na SOR-ze?<\/li>\n<li class=\"OchatFollowUps_item__Dhyly OchatFollowUps_itemDesktop__R6aBv\">Czego dotyczy\u0142a krytyka pacjentki?<\/li>\n<li class=\"OchatFollowUps_item__Dhyly OchatFollowUps_itemDesktop__R6aBv\">Kiedy pacjentka zosta\u0142a ponownie przyj\u0119ta do szpitala?<\/li>\n<\/ul>\n<p>&#8222;Jakbym p\u00f3\u0142 litra wypi\u0142a&#8221; <\/p>\n<p class=\"Paragraph_desktopParagraph__U31Gm\">Wyniki wykaza\u0142y zaka\u017cenie koronawirusem, co wed\u0142ug lekarki mia\u0142o by\u0107 przyczyn\u0105 jej z\u0142ego stanu zdrowia. Pani Krystyna wspomina, \u017ce mimo skacz\u0105cego ci\u015bnienia i trudno\u015bci z utrzymaniem r\u00f3wnowagi, odes\u0142ano j\u0105 do domu. Plac\u00f3wk\u0119 opu\u015bci\u0142a z pomoc\u0105 c\u00f3rki \u2014 &#8222;zataczaj\u0105c si\u0119, jakbym p\u00f3\u0142 litra wypi\u0142a i to bez zak\u0105ski&#8221;.<\/p>\n<blockquote>\n<p class=\"Paragraph_desktopParagraph__U31Gm\">Zauwa\u017ca nas ratownik, kt\u00f3ry mnie przywozi\u0142. Podchodzi zdziwiony, \u017ce wychodz\u0119. No tak, zosta\u0142am wypisana, a raczej wykopana, bo jak to mo\u017cna inaczej nazwa\u0107? M\u00f3wi, \u017ce w takim stanie to niech p\u00f3jd\u0119 i zapisz\u0119 si\u0119 w kolejce na SOR. Nie mam wyj\u015bcia, musz\u0119 tak zrobi\u0107, bo inaczej padn\u0119, jak tylko wyjd\u0119 przed budynek<\/p>\n<\/blockquote>\n<p class=\"Paragraph_desktopParagraph__U31Gm\">\u2014 opowiada. I tak w\u0142a\u015bnie zrobi\u0142a, tym razem w trybie standardowym, cho\u0107 wed\u0142ug niej nikt z personelu nie zadba\u0142 o to, by jako osoba zaka\u017cona koronawirusem zosta\u0142a odizolowana od innych pacjent\u00f3w. Nie dali jej nawet maseczki, ale na szcz\u0119\u015bcie mia\u0142a swoj\u0105.<\/p>\n<p>&#8222;Le\u017ca\u0142am w pomieszczeniu na kub\u0142y i szczotki&#8221; <\/p>\n<p class=\"Paragraph_desktopParagraph__U31Gm\">Kilkana\u015bcie godzin p\u00f3\u017aniej doczeka\u0142a si\u0119 ponownego przyj\u0119cia. Po kolejnych badaniach i tomografii komputerowej zosta\u0142a skierowana do brudnego, zimnego sk\u0142adziku, gdzie zamiast toalety znajdowa\u0142o si\u0119 wiadro i krzes\u0142o z dziur\u0105.<\/p>\n<p class=\"Paragraph_desktopParagraph__U31Gm\">&#8222;Umie\u015bcili mnie, prawdopodobnie z powodu covidu, w jakiej\u015b pakamerze, gdzie trzymali kosze na \u015bmieci&#8221; \u2014 pisze. W zamkni\u0119ciu sp\u0119dzi\u0142a ok. 18 godzin. Wreszcie zaproponowano jej przeniesienie do szpitala w Strzelinie lub na inny oddzia\u0142, jednak odm\u00f3wi\u0142a, uznaj\u0105c, \u017ce chce wr\u00f3ci\u0107 do domu. &#8222;M\u00f3wi\u0119, \u017ce teraz ja chc\u0119 do domu, bo widz\u0119, \u017ce niewiele mi tu pomog\u0105. Aha, mia\u0142am jeszcze propozycj\u0119 zostania tu, gdzie le\u017c\u0119, tzn. w \u00bbpomieszczeniu na kub\u0142y i szczotki\u00ab&#8221; \u2014 dodaje.<\/p>\n<p class=\"Paragraph_desktopParagraph__U31Gm\">31 godzin p\u00f3\u017aniej znalaz\u0142o si\u0119 dla niej miejsce na oddziale interny. Przez ca\u0142y ten czas pacjentka zjad\u0142a jedynie banana i jogurt, kt\u00f3re przywioz\u0142a jej c\u00f3rka. Szpitalny posi\u0142ek otrzyma\u0142a dopiero po blisko dw\u00f3ch dobach.<\/p>\n<p>Szpital odpowiada <\/p>\n<p class=\"Paragraph_desktopParagraph__U31Gm\">Rzecznik Uniwersyteckiego Szpitala Klinicznego we Wroc\u0142awiu, Tomasz Kr\u00f3l, podkre\u015bli\u0142, \u017ce ka\u017cdy pacjent na SOR jest oceniany indywidualnie na podstawie stanu klinicznego, wywiadu i wynik\u00f3w bada\u0144. Odm\u00f3wi\u0142 jednak odpowiedzi na pytania dotycz\u0105ce konkretnych przypadk\u00f3w, w tym czasu oczekiwania pacjent\u00f3w czy warunk\u00f3w w pomieszczeniach, w kt\u00f3rych s\u0105 umieszczani.<\/p>\n<p class=\"Paragraph_desktopParagraph__U31Gm\">&#8222;Ka\u017cde zg\u0142oszenie przez pacjenta uwag dotycz\u0105cych pracy szpitala traktujemy bardzo powa\u017cnie i analizujemy indywidualnie, staraj\u0105c si\u0119 wyci\u0105ga\u0107 wnioski na przysz\u0142o\u015b\u0107. Dlatego przes\u0142ane zg\u0142oszenie przekazali\u015bmy do dalszej weryfikacji&#8221; \u2014 o\u015bwiadczy\u0142.<\/p>\n<p class=\"Paragraph_desktopParagraph__U31Gm\">Pani Krystyna zdecydowa\u0142a si\u0119 upubliczni\u0107 swoj\u0105 histori\u0119, aby przestrzec innych pacjent\u00f3w. &#8222;Niech omijaj\u0105 ten SOR. Jest prze\u0142adowany i naprawd\u0119 trzeba tam mie\u0107 mocne nerwy i pok\u0142ady nieziemskiej cierpliwo\u015bci, aby przetrwa\u0107&#8221; \u2014 podsumowa\u0142a.<\/p>\n","protected":false},"excerpt":{"rendered":"Kobieta w li\u015bcie do &#8222;Gazety Wyborczej&#8221; relacjonuje, \u017ce zg\u0142osi\u0142a si\u0119 na SOR po tym, jak wezwane przez ni\u0105&hellip;\n","protected":false},"author":2,"featured_media":126867,"comment_status":"","ping_status":"","sticky":false,"template":"","format":"standard","meta":{"footnotes":""},"categories":[12],"tags":[32,33,36,37,27,67,34,35,28,31,53,25,52,68,51,6927,55,42,38,40,39,41,47,11479,196,29,30,65,50,26,5423],"class_list":{"0":"post-126866","1":"post","2":"type-post","3":"status-publish","4":"format-standard","5":"has-post-thumbnail","7":"category-polska","8":"tag-breaking-news","9":"tag-breakingnews","10":"tag-featured-news","11":"tag-featurednews","12":"tag-headlines","13":"tag-intextvideo_splayer","14":"tag-latest-news","15":"tag-latestnews","16":"tag-naglowki","17":"tag-najwazniejsze-artykuly","18":"tag-new_header","19":"tag-news","20":"tag-onet3","21":"tag-onet3d","22":"tag-onet3d_2i","23":"tag-pacjenci","24":"tag-phx","25":"tag-pl","26":"tag-poland","27":"tag-polish","28":"tag-polska","29":"tag-polski","30":"tag-screening_general","31":"tag-sor","32":"tag-styl_zycia","33":"tag-top-stories","34":"tag-topstories","35":"tag-update_me","36":"tag-v2021","37":"tag-wiadomosci","38":"tag-wroclaw_miasto"},"share_on_mastodon":{"url":"https:\/\/pubeurope.com\/@pl\/115643445616611471","error":""},"_links":{"self":[{"href":"https:\/\/www.europesays.com\/pl\/wp-json\/wp\/v2\/posts\/126866","targetHints":{"allow":["GET"]}}],"collection":[{"href":"https:\/\/www.europesays.com\/pl\/wp-json\/wp\/v2\/posts"}],"about":[{"href":"https:\/\/www.europesays.com\/pl\/wp-json\/wp\/v2\/types\/post"}],"author":[{"embeddable":true,"href":"https:\/\/www.europesays.com\/pl\/wp-json\/wp\/v2\/users\/2"}],"replies":[{"embeddable":true,"href":"https:\/\/www.europesays.com\/pl\/wp-json\/wp\/v2\/comments?post=126866"}],"version-history":[{"count":0,"href":"https:\/\/www.europesays.com\/pl\/wp-json\/wp\/v2\/posts\/126866\/revisions"}],"wp:featuredmedia":[{"embeddable":true,"href":"https:\/\/www.europesays.com\/pl\/wp-json\/wp\/v2\/media\/126867"}],"wp:attachment":[{"href":"https:\/\/www.europesays.com\/pl\/wp-json\/wp\/v2\/media?parent=126866"}],"wp:term":[{"taxonomy":"category","embeddable":true,"href":"https:\/\/www.europesays.com\/pl\/wp-json\/wp\/v2\/categories?post=126866"},{"taxonomy":"post_tag","embeddable":true,"href":"https:\/\/www.europesays.com\/pl\/wp-json\/wp\/v2\/tags?post=126866"}],"curies":[{"name":"wp","href":"https:\/\/api.w.org\/{rel}","templated":true}]}}